{"id":35653,"date":"2022-02-25T05:06:35","date_gmt":"2022-02-25T05:06:35","guid":{"rendered":"http:\/\/elterritorialweb.com.ar\/web\/?p=35653"},"modified":"2022-02-25T05:06:35","modified_gmt":"2022-02-25T05:06:35","slug":"fernandez-mi-compromiso-con-el-norte-argentino-y-con-los-que-han-sido-olvidados-es-el-mayor-compromiso-que-tengo","status":"publish","type":"post","link":"https:\/\/elterritorialweb.com.ar\/web\/fernandez-mi-compromiso-con-el-norte-argentino-y-con-los-que-han-sido-olvidados-es-el-mayor-compromiso-que-tengo\/","title":{"rendered":"FERN\u00c1NDEZ: \u00abMI COMPROMISO CON EL NORTE ARGENTINO Y CON LOS QUE HAN SIDO OLVIDADOS, ES EL MAYOR COMPROMISO QUE TENGO\u00bb \u201d"},"content":{"rendered":"\n<p>\u201cMi compromiso con el norte argentino, con los que han sido olvidados en todo este tiempo es el mayor compromiso que tengo y lo voy a cumplir a rajatabla\u201d, precis\u00f3 el Presidente durante el acto que encabez\u00f3 en Novatech luego de realizar una recorrida por la firma.<\/p>\n\n\n\n<p>Y a\u00f1adi\u00f3: \u201cPara m\u00ed el norte no es un lugar m\u00e1s, sino uno al que la Argentina ha postergado durante mucho tiempo. Por eso pensamos en c\u00f3mo podemos trabajar juntos los que invierten, los que trabajan y el Estado para darle potencia a una Argentina que necesita poder crecer con desarrollo\u201d.<\/p>\n\n\n\n<p>En su arribo a la provincia, el mandatario fue recibido por el gobernador local y sus pares de Formosa, Gildo Insfr\u00e1n, y La Rioja, Ricardo Quintela, adem\u00e1s de los intendentes de Valle Viejo, Luciana Centeno, y San Fernando del Valle de Catamarca, Gustavo Saadi.<\/p>\n\n\n\n<p>A continuaci\u00f3n, el jefe de Estado se traslad\u00f3 hacia la f\u00e1brica de Novatech, donde visit\u00f3 junto al CEO, Pablo Rubio, y otros directivos de la firma las dos l\u00edneas de producci\u00f3n que tiene la empresa. Adem\u00e1s, pudo interiorizarse sobre el reciente anuncio de inversi\u00f3n de la compa\u00f1\u00eda por 470 millones de pesos para potenciar su crecimiento en el pa\u00eds, donde ya cuenta con dos plantas en R\u00edo Grande, una en Catamarca, y otra en el Distrito Tecnol\u00f3gico de la Ciudad de Buenos Aires.<\/p>\n\n\n\n<figure class=\"wp-block-image size-full is-resized\"><a href=\"https:\/\/i0.wp.com\/elterritorialweb.com.ar\/web\/wp-content\/uploads\/2022\/02\/catamarca2.jpg\"><img data-recalc-dims=\"1\" decoding=\"async\" data-src=\"https:\/\/i0.wp.com\/elterritorialweb.com.ar\/web\/wp-content\/uploads\/2022\/02\/catamarca2.jpg?resize=404%2C270\" alt=\"\" class=\"wp-image-35655 lazyload\" width=\"404\" height=\"270\" data-srcset=\"https:\/\/i0.wp.com\/elterritorialweb.com.ar\/web\/wp-content\/uploads\/2022\/02\/catamarca2.jpg?w=1024&amp;ssl=1 1024w, https:\/\/i0.wp.com\/elterritorialweb.com.ar\/web\/wp-content\/uploads\/2022\/02\/catamarca2.jpg?resize=300%2C200&amp;ssl=1 300w, https:\/\/i0.wp.com\/elterritorialweb.com.ar\/web\/wp-content\/uploads\/2022\/02\/catamarca2.jpg?resize=768%2C512&amp;ssl=1 768w\" data-sizes=\"(max-width: 404px) 100vw, 404px\" src=\"data:image\/svg+xml;base64,PHN2ZyB3aWR0aD0iMSIgaGVpZ2h0PSIxIiB4bWxucz0iaHR0cDovL3d3dy53My5vcmcvMjAwMC9zdmciPjwvc3ZnPg==\" style=\"--smush-placeholder-width: 404px; --smush-placeholder-aspect-ratio: 404\/270;\" \/><\/a><figcaption>Lo<\/figcaption><\/figure>\n\n\n\n<p>Novatech, que fue fundada en 2004, es una empresa cuyo proceso de producci\u00f3n federal emplea a m\u00e1s de 300 personas y abastece al mercado de consumo masivo y corporativo con notebooks, cargadores y bater\u00edas, PCs, Smart TVs, y lavarropas; y se encuentra desarrollando su l\u00ednea de electromovilidad, aires acondicionados y peque\u00f1os electrodom\u00e9sticos.<\/p>\n\n\n\n<p>La empresa, que en Catamarca cuenta con 30 empleados locales y prev\u00e9 ampliarse en los pr\u00f3ximos d\u00edas, apunta a posicionarse como un operador estrat\u00e9gico en la distribuci\u00f3n de productos de tecnolog\u00eda y electr\u00f3nica para as\u00ed poner en marcha su plan de expansi\u00f3n regional.<\/p>\n\n\n\n<p>Luego, el presidente encabez\u00f3 en el lugar, junto al gobernador Jalil, el acto de entrega de certificados de adjudicaci\u00f3n, por casi 20 millones de pesos, del programa de Nodos de la Econom\u00eda del Conocimiento; al tiempo que el ministro de Desarrollo Productivo, Mat\u00edas Kulfas, firm\u00f3 una serie de convenios con el ministro de Industria, Comercio y Empleo provincial, Lisandro \u00c1lvarez, y el intendente de San Fernando del Valle de Catamarca, Gustavo Saadi.<\/p>\n\n\n\n<p>El mandatario estuvo adem\u00e1s acompa\u00f1ado por el jefe de Gabinete, Juan Manzur, y los ministros de Interior, Eduardo de Pedro; Seguridad, An\u00edbal Fern\u00e1ndez; y el secretario General de la Presidencia, Julio Vitobello.<\/p>\n\n\n\n<figure class=\"wp-block-image size-full\"><a href=\"https:\/\/i0.wp.com\/elterritorialweb.com.ar\/web\/wp-content\/uploads\/2022\/02\/catamarca3.jpg\"><img data-recalc-dims=\"1\" decoding=\"async\" width=\"640\" height=\"427\" data-src=\"https:\/\/i0.wp.com\/elterritorialweb.com.ar\/web\/wp-content\/uploads\/2022\/02\/catamarca3.jpg?resize=640%2C427\" alt=\"\" class=\"wp-image-35656 lazyload\" data-srcset=\"https:\/\/i0.wp.com\/elterritorialweb.com.ar\/web\/wp-content\/uploads\/2022\/02\/catamarca3.jpg?w=1024&amp;ssl=1 1024w, https:\/\/i0.wp.com\/elterritorialweb.com.ar\/web\/wp-content\/uploads\/2022\/02\/catamarca3.jpg?resize=300%2C200&amp;ssl=1 300w, https:\/\/i0.wp.com\/elterritorialweb.com.ar\/web\/wp-content\/uploads\/2022\/02\/catamarca3.jpg?resize=768%2C512&amp;ssl=1 768w\" data-sizes=\"(max-width: 640px) 100vw, 640px\" src=\"data:image\/svg+xml;base64,PHN2ZyB3aWR0aD0iMSIgaGVpZ2h0PSIxIiB4bWxucz0iaHR0cDovL3d3dy53My5vcmcvMjAwMC9zdmciPjwvc3ZnPg==\" style=\"--smush-placeholder-width: 640px; --smush-placeholder-aspect-ratio: 640\/427;\" \/><\/a><\/figure>\n\n\n\n<p>Tambi\u00e9n estuvieron presentes la senadora, Luc\u00eda Corpacci, y la diputada, Victoria Tolosa Paz.<\/p>\n\n\n\n<p>El titular de la cartera productiva rubric\u00f3 el acta compromiso para la ampliaci\u00f3n del Nodo de la Econom\u00eda del Conocimiento por 40 millones de pesos, y el convenio para la adhesi\u00f3n al programa de Innovaci\u00f3n Abierta para municipios.<\/p>\n\n\n\n<p>Sobre los convenios, Kulfas subray\u00f3 que \u201cson una ratificaci\u00f3n del rumbo y el trabajo emprendido desde el primer d\u00eda\u201d, al tiempo que precis\u00f3: \u201cEstamos felices de ver estos emprendimientos productivos de la industria tecnol\u00f3gica para educar a nuestros j\u00f3venes, en una Argentina donde predominan el trabajo y la producci\u00f3n\u201d.<\/p>\n\n\n\n<p>Durante el acto, adem\u00e1s, el presidente entreg\u00f3 tarjetas con subsidios a alumnos y alumnas del plan Argentina Programa, que pertenece al Ministerio de Desarrollo Productivo.<\/p>\n\n\n\n<p>En tanto, el gobernador Jalil defini\u00f3 que \u201cdar trabajo y producir tecnolog\u00eda y conocimiento\u201d en la provincia \u201cson dos cosas muy importantes que se necesitan hoy en esta nueva realidad\u201d, y asegur\u00f3: \u201cNunca hemos tenido tanta obra p\u00fablica provincial y municipal en Catamarca\u201d por lo que \u201cla provincia y el norte argentino est\u00e1n dando valor al pa\u00eds\u201d.<\/p>\n","protected":false},"excerpt":{"rendered":"<p>El presidente Alberto Fern\u00e1ndez recorri\u00f3 esta tarde, en San Fernando del Valle de Catamarca, la empresa Novatech, l\u00edder en la fabricaci\u00f3n y distribuci\u00f3n de productos tecnol\u00f3gicos, entreg\u00f3 certificados a estudiantes por 20 millones de pesos y firm\u00f3 convenios por 60 millones junto al gobernador, Ra\u00fal Jalil, y autoridades nacionales y provinciales.<\/p>\n","protected":false},"author":2,"featured_media":35654,"comment_status":"open","ping_status":"open","sticky":false,"template":"","format":"standard","meta":{"om_disable_all_campaigns":false,"_monsterinsights_skip_tracking":false,"_monsterinsights_sitenote_active":false,"_monsterinsights_sitenote_note":"","_monsterinsights_sitenote_category":0,"_uf_show_specific_survey":0,"_uf_disable_surveys":false,"jetpack_post_was_ever_published":false,"_jetpack_newsletter_access":"","_jetpack_dont_email_post_to_subs":false,"_jetpack_newsletter_tier_id":0,"_jetpack_memberships_contains_paywalled_content":false,"_jetpack_memberships_contains_paid_content":false,"footnotes":"","jetpack_publicize_message":"","jetpack_publicize_feature_enabled":true,"jetpack_social_post_already_shared":false,"jetpack_social_options":{"image_generator_settings":{"template":"highway","default_image_id":0,"font":"","enabled":false},"version":2}},"categories":[18],"tags":[],"class_list":["post-35653","post","type-post","status-publish","format-standard","has-post-thumbnail","hentry","category-politica"],"aioseo_notices":[],"views":9,"jetpack_publicize_connections":[],"jetpack_featured_media_url":"https:\/\/i0.wp.com\/elterritorialweb.com.ar\/web\/wp-content\/uploads\/2022\/02\/catamarca1.jpg?fit=1024%2C683&ssl=1","jetpack_sharing_enabled":true,"_links":{"self":[{"href":"https:\/\/elterritorialweb.com.ar\/web\/wp-json\/wp\/v2\/posts\/35653","targetHints":{"allow":["GET"]}}],"collection":[{"href":"https:\/\/elterritorialweb.com.ar\/web\/wp-json\/wp\/v2\/posts"}],"about":[{"href":"https:\/\/elterritorialweb.com.ar\/web\/wp-json\/wp\/v2\/types\/post"}],"author":[{"embeddable":true,"href":"https:\/\/elterritorialweb.com.ar\/web\/wp-json\/wp\/v2\/users\/2"}],"replies":[{"embeddable":true,"href":"https:\/\/elterritorialweb.com.ar\/web\/wp-json\/wp\/v2\/comments?post=35653"}],"version-history":[{"count":1,"href":"https:\/\/elterritorialweb.com.ar\/web\/wp-json\/wp\/v2\/posts\/35653\/revisions"}],"predecessor-version":[{"id":35657,"href":"https:\/\/elterritorialweb.com.ar\/web\/wp-json\/wp\/v2\/posts\/35653\/revisions\/35657"}],"wp:featuredmedia":[{"embeddable":true,"href":"https:\/\/elterritorialweb.com.ar\/web\/wp-json\/wp\/v2\/media\/35654"}],"wp:attachment":[{"href":"https:\/\/elterritorialweb.com.ar\/web\/wp-json\/wp\/v2\/media?parent=35653"}],"wp:term":[{"taxonomy":"category","embeddable":true,"href":"https:\/\/elterritorialweb.com.ar\/web\/wp-json\/wp\/v2\/categories?post=35653"},{"taxonomy":"post_tag","embeddable":true,"href":"https:\/\/elterritorialweb.com.ar\/web\/wp-json\/wp\/v2\/tags?post=35653"}],"curies":[{"name":"wp","href":"https:\/\/api.w.org\/{rel}","templated":true}]}}