{"id":35660,"date":"2022-02-25T21:30:23","date_gmt":"2022-02-25T21:30:23","guid":{"rendered":"http:\/\/elterritorialweb.com.ar\/web\/?p=35660"},"modified":"2022-02-25T21:30:24","modified_gmt":"2022-02-25T21:30:24","slug":"despegar-colombia-argentina-esta-creciendo-por-encima-de-europa-y-estados-unidos","status":"publish","type":"post","link":"https:\/\/elterritorialweb.com.ar\/web\/despegar-colombia-argentina-esta-creciendo-por-encima-de-europa-y-estados-unidos\/","title":{"rendered":"DESPEGAR COLOMBIA: \u00abARGENTINA EST\u00c1 CRECIENDO POR ENCIMA DE EUROPA Y ESTADOS UNIDOS\u00bb"},"content":{"rendered":"\n<p><em>\u201cEstamos interesados en Argentina, primero porque amamos al pa\u00eds, pero tambi\u00e9n porque creemos que es el momento ideal para promover su oferta tur\u00edstica\u201d<\/em>, asegur\u00f3&nbsp;<strong>Cristhian Cruz<\/strong>, SR Non Air &amp; Alliances Manager de Despegar Colombia.<\/p>\n\n\n\n<p>Cruz revel\u00f3 al equipo de INPROTUR, encabezado por su Secretario Ejecutivo,&nbsp;<strong>Ricardo Sosa<\/strong>, acompa\u00f1ado por&nbsp;<strong>Horacio Reppucci<\/strong>, Secretario de Relaciones Institucionales de la C\u00e1mara Argentina de Turismo (CAT) que, desde la reapertura de fronteras, Argentina viene muy bien en el nivel de ventas:&nbsp;<em>\u201cLa tendencia de crecimiento de Argentina viene muy por encima de la tasa de crecimiento de Europa, puntualmente Madrid, y Estados Unidos, puntualmente Nueva York y Miami\u201d<\/em>.<\/p>\n\n\n\n<p>Si a la naturaleza, aspecto primordial que transforma a Argentina en un destino inmejorable para el turismo post pandemia, se le suman las muy favorables condiciones econ\u00f3micas que ofrece el pa\u00eds al turismo internacional, la coincidencia con las declaraciones de Cruz es completa. Son por estas razones, entre tantas, por las cuales los destinos argentinos atraen al trade tur\u00edstico colombiano y as\u00ed qued\u00f3 demostrado con las intenciones de Despegar de potenciar a\u00fan m\u00e1s nuestras oportunidades.<\/p>\n","protected":false},"excerpt":{"rendered":"<p>As\u00ed lo asegur\u00f3 Cristhian Cruz, SR Non Air &#038; Alliances Manager de Despegar Colombia.<\/p>\n","protected":false},"author":2,"featured_media":35661,"comment_status":"open","ping_status":"open","sticky":false,"template":"","format":"standard","meta":{"om_disable_all_campaigns":false,"_monsterinsights_skip_tracking":false,"_monsterinsights_sitenote_active":false,"_monsterinsights_sitenote_note":"","_monsterinsights_sitenote_category":0,"_uf_show_specific_survey":0,"_uf_disable_surveys":false,"jetpack_post_was_ever_published":false,"_jetpack_newsletter_access":"","_jetpack_dont_email_post_to_subs":false,"_jetpack_newsletter_tier_id":0,"_jetpack_memberships_contains_paywalled_content":false,"_jetpack_memberships_contains_paid_content":false,"footnotes":"","jetpack_publicize_message":"","jetpack_publicize_feature_enabled":true,"jetpack_social_post_already_shared":false,"jetpack_social_options":{"image_generator_settings":{"template":"highway","default_image_id":0,"font":"","enabled":false},"version":2}},"categories":[7],"tags":[],"class_list":["post-35660","post","type-post","status-publish","format-standard","has-post-thumbnail","hentry","category-nacionales"],"aioseo_notices":[],"views":9,"jetpack_publicize_connections":[],"jetpack_featured_media_url":"https:\/\/i0.wp.com\/elterritorialweb.com.ar\/web\/wp-content\/uploads\/2022\/02\/Screenshot_20220225-1825222.png?fit=613%2C458&ssl=1","jetpack_sharing_enabled":true,"_links":{"self":[{"href":"https:\/\/elterritorialweb.com.ar\/web\/wp-json\/wp\/v2\/posts\/35660","targetHints":{"allow":["GET"]}}],"collection":[{"href":"https:\/\/elterritorialweb.com.ar\/web\/wp-json\/wp\/v2\/posts"}],"about":[{"href":"https:\/\/elterritorialweb.com.ar\/web\/wp-json\/wp\/v2\/types\/post"}],"author":[{"embeddable":true,"href":"https:\/\/elterritorialweb.com.ar\/web\/wp-json\/wp\/v2\/users\/2"}],"replies":[{"embeddable":true,"href":"https:\/\/elterritorialweb.com.ar\/web\/wp-json\/wp\/v2\/comments?post=35660"}],"version-history":[{"count":1,"href":"https:\/\/elterritorialweb.com.ar\/web\/wp-json\/wp\/v2\/posts\/35660\/revisions"}],"predecessor-version":[{"id":35662,"href":"https:\/\/elterritorialweb.com.ar\/web\/wp-json\/wp\/v2\/posts\/35660\/revisions\/35662"}],"wp:featuredmedia":[{"embeddable":true,"href":"https:\/\/elterritorialweb.com.ar\/web\/wp-json\/wp\/v2\/media\/35661"}],"wp:attachment":[{"href":"https:\/\/elterritorialweb.com.ar\/web\/wp-json\/wp\/v2\/media?parent=35660"}],"wp:term":[{"taxonomy":"category","embeddable":true,"href":"https:\/\/elterritorialweb.com.ar\/web\/wp-json\/wp\/v2\/categories?post=35660"},{"taxonomy":"post_tag","embeddable":true,"href":"https:\/\/elterritorialweb.com.ar\/web\/wp-json\/wp\/v2\/tags?post=35660"}],"curies":[{"name":"wp","href":"https:\/\/api.w.org\/{rel}","templated":true}]}}