{"id":35668,"date":"2022-02-25T22:13:52","date_gmt":"2022-02-25T22:13:52","guid":{"rendered":"http:\/\/elterritorialweb.com.ar\/web\/?p=35668"},"modified":"2022-02-25T22:13:53","modified_gmt":"2022-02-25T22:13:53","slug":"se-realizo-la-apertura-de-sobres-de-licitacion-para-la-puesta-en-valor-de-dos-escuelas-historicas-de-capital-y-la-banda","status":"publish","type":"post","link":"https:\/\/elterritorialweb.com.ar\/web\/se-realizo-la-apertura-de-sobres-de-licitacion-para-la-puesta-en-valor-de-dos-escuelas-historicas-de-capital-y-la-banda\/","title":{"rendered":"SE REALIZ\u00d3 LA APERTURA DE SOBRES DE LICITACI\u00d3N PARA LA PUESTA EN VALOR DE DOS ESCUELAS HIST\u00d3RICAS DE CAPITAL Y LA BANDA"},"content":{"rendered":"\n<p>A d\u00edas del inicio de un nuevo ciclo lectivo, el Gobierno de la Provincia realiz\u00f3 este viernes la apertura de sobres de licitaci\u00f3n para las obras de restauraci\u00f3n y ampliaci\u00f3n de los edificios de la Escuela Normal Manuel Belgrano de ciudad Capital y de la Escuela T\u00e9cnica N\u00b02 Ing. Santiago Barabino de La Banda.<\/p>\n\n\n\n<figure class=\"wp-block-image size-full\"><a href=\"https:\/\/i0.wp.com\/elterritorialweb.com.ar\/web\/wp-content\/uploads\/2022\/02\/FB_IMG_1645826566621.jpg\"><img data-recalc-dims=\"1\" decoding=\"async\" width=\"640\" height=\"428\" data-src=\"https:\/\/i0.wp.com\/elterritorialweb.com.ar\/web\/wp-content\/uploads\/2022\/02\/FB_IMG_1645826566621.jpg?resize=640%2C428\" alt=\"\" class=\"wp-image-35670 lazyload\" data-srcset=\"https:\/\/i0.wp.com\/elterritorialweb.com.ar\/web\/wp-content\/uploads\/2022\/02\/FB_IMG_1645826566621.jpg?w=720&amp;ssl=1 720w, https:\/\/i0.wp.com\/elterritorialweb.com.ar\/web\/wp-content\/uploads\/2022\/02\/FB_IMG_1645826566621.jpg?resize=300%2C200&amp;ssl=1 300w\" data-sizes=\"(max-width: 640px) 100vw, 640px\" src=\"data:image\/svg+xml;base64,PHN2ZyB3aWR0aD0iMSIgaGVpZ2h0PSIxIiB4bWxucz0iaHR0cDovL3d3dy53My5vcmcvMjAwMC9zdmciPjwvc3ZnPg==\" style=\"--smush-placeholder-width: 640px; --smush-placeholder-aspect-ratio: 640\/428;\" \/><\/a><\/figure>\n\n\n\n<p>El acto se desarroll\u00f3 en el F\u00f3rum, con la presencia de los ministros de Obras P\u00fablicas, Argentino Cambrini, y de Educaci\u00f3n, Mariela Nasif.<\/p>\n\n\n\n<figure class=\"wp-block-image size-full\"><a href=\"https:\/\/i0.wp.com\/elterritorialweb.com.ar\/web\/wp-content\/uploads\/2022\/02\/FB_IMG_1645826559122.jpg\"><img data-recalc-dims=\"1\" decoding=\"async\" width=\"640\" height=\"421\" data-src=\"https:\/\/i0.wp.com\/elterritorialweb.com.ar\/web\/wp-content\/uploads\/2022\/02\/FB_IMG_1645826559122.jpg?resize=640%2C421\" alt=\"\" class=\"wp-image-35671 lazyload\" data-srcset=\"https:\/\/i0.wp.com\/elterritorialweb.com.ar\/web\/wp-content\/uploads\/2022\/02\/FB_IMG_1645826559122.jpg?w=720&amp;ssl=1 720w, https:\/\/i0.wp.com\/elterritorialweb.com.ar\/web\/wp-content\/uploads\/2022\/02\/FB_IMG_1645826559122.jpg?resize=300%2C198&amp;ssl=1 300w\" data-sizes=\"(max-width: 640px) 100vw, 640px\" src=\"data:image\/svg+xml;base64,PHN2ZyB3aWR0aD0iMSIgaGVpZ2h0PSIxIiB4bWxucz0iaHR0cDovL3d3dy53My5vcmcvMjAwMC9zdmciPjwvc3ZnPg==\" style=\"--smush-placeholder-width: 640px; --smush-placeholder-aspect-ratio: 640\/421;\" \/><\/a><\/figure>\n\n\n\n<p>Tambi\u00e9n estuvieron la intendente de la Capital, Norma Fuentes, legisladores provinciales y concejales de ambas ciudades. Adem\u00e1s de docentes y ex alumnos de estas instuticiones.<\/p>\n\n\n\n<figure class=\"wp-block-image size-full\"><a href=\"https:\/\/i0.wp.com\/elterritorialweb.com.ar\/web\/wp-content\/uploads\/2022\/02\/FB_IMG_1645826571518.jpg\"><img data-recalc-dims=\"1\" decoding=\"async\" width=\"640\" height=\"413\" data-src=\"https:\/\/i0.wp.com\/elterritorialweb.com.ar\/web\/wp-content\/uploads\/2022\/02\/FB_IMG_1645826571518.jpg?resize=640%2C413\" alt=\"\" class=\"wp-image-35672 lazyload\" data-srcset=\"https:\/\/i0.wp.com\/elterritorialweb.com.ar\/web\/wp-content\/uploads\/2022\/02\/FB_IMG_1645826571518.jpg?w=720&amp;ssl=1 720w, https:\/\/i0.wp.com\/elterritorialweb.com.ar\/web\/wp-content\/uploads\/2022\/02\/FB_IMG_1645826571518.jpg?resize=300%2C194&amp;ssl=1 300w\" data-sizes=\"(max-width: 640px) 100vw, 640px\" src=\"data:image\/svg+xml;base64,PHN2ZyB3aWR0aD0iMSIgaGVpZ2h0PSIxIiB4bWxucz0iaHR0cDovL3d3dy53My5vcmcvMjAwMC9zdmciPjwvc3ZnPg==\" style=\"--smush-placeholder-width: 640px; --smush-placeholder-aspect-ratio: 640\/413;\" \/><\/a><\/figure>\n\n\n\n<p>Durante la ceremonia se destac\u00f3 que estas obras forman parte de los programa de infraestructura impulsada por el gobernador Gerardo Zamora, que durante el a\u00f1o pasado destin\u00f3 el 40% del presupuesto provincial al sistema educativo.<\/p>\n","protected":false},"excerpt":{"rendered":"<p>Se trata de las escuelas Normal Manuel Belgrano y T\u00e9cnica N\u00b0 2 Ing. Santiago Barabino<\/p>\n","protected":false},"author":2,"featured_media":35669,"comment_status":"open","ping_status":"open","sticky":false,"template":"","format":"standard","meta":{"om_disable_all_campaigns":false,"_monsterinsights_skip_tracking":false,"_monsterinsights_sitenote_active":false,"_monsterinsights_sitenote_note":"","_monsterinsights_sitenote_category":0,"_uf_show_specific_survey":0,"_uf_disable_surveys":false,"jetpack_post_was_ever_published":false,"_jetpack_newsletter_access":"","_jetpack_dont_email_post_to_subs":false,"_jetpack_newsletter_tier_id":0,"_jetpack_memberships_contains_paywalled_content":false,"_jetpack_memberships_contains_paid_content":false,"footnotes":"","jetpack_publicize_message":"","jetpack_publicize_feature_enabled":true,"jetpack_social_post_already_shared":false,"jetpack_social_options":{"image_generator_settings":{"template":"highway","default_image_id":0,"font":"","enabled":false},"version":2}},"categories":[21],"tags":[],"class_list":["post-35668","post","type-post","status-publish","format-standard","has-post-thumbnail","hentry","category-locales"],"aioseo_notices":[],"views":8,"jetpack_publicize_connections":[],"jetpack_featured_media_url":"https:\/\/i0.wp.com\/elterritorialweb.com.ar\/web\/wp-content\/uploads\/2022\/02\/FB_IMG_1645826561553.jpg?fit=720%2C481&ssl=1","jetpack_sharing_enabled":true,"_links":{"self":[{"href":"https:\/\/elterritorialweb.com.ar\/web\/wp-json\/wp\/v2\/posts\/35668","targetHints":{"allow":["GET"]}}],"collection":[{"href":"https:\/\/elterritorialweb.com.ar\/web\/wp-json\/wp\/v2\/posts"}],"about":[{"href":"https:\/\/elterritorialweb.com.ar\/web\/wp-json\/wp\/v2\/types\/post"}],"author":[{"embeddable":true,"href":"https:\/\/elterritorialweb.com.ar\/web\/wp-json\/wp\/v2\/users\/2"}],"replies":[{"embeddable":true,"href":"https:\/\/elterritorialweb.com.ar\/web\/wp-json\/wp\/v2\/comments?post=35668"}],"version-history":[{"count":1,"href":"https:\/\/elterritorialweb.com.ar\/web\/wp-json\/wp\/v2\/posts\/35668\/revisions"}],"predecessor-version":[{"id":35673,"href":"https:\/\/elterritorialweb.com.ar\/web\/wp-json\/wp\/v2\/posts\/35668\/revisions\/35673"}],"wp:featuredmedia":[{"embeddable":true,"href":"https:\/\/elterritorialweb.com.ar\/web\/wp-json\/wp\/v2\/media\/35669"}],"wp:attachment":[{"href":"https:\/\/elterritorialweb.com.ar\/web\/wp-json\/wp\/v2\/media?parent=35668"}],"wp:term":[{"taxonomy":"category","embeddable":true,"href":"https:\/\/elterritorialweb.com.ar\/web\/wp-json\/wp\/v2\/categories?post=35668"},{"taxonomy":"post_tag","embeddable":true,"href":"https:\/\/elterritorialweb.com.ar\/web\/wp-json\/wp\/v2\/tags?post=35668"}],"curies":[{"name":"wp","href":"https:\/\/api.w.org\/{rel}","templated":true}]}}