{"id":35677,"date":"2022-02-25T22:29:18","date_gmt":"2022-02-25T22:29:18","guid":{"rendered":"http:\/\/elterritorialweb.com.ar\/web\/?p=35677"},"modified":"2022-02-25T22:29:19","modified_gmt":"2022-02-25T22:29:19","slug":"el-consejo-de-educacion-recuerda-que-la-matricula-es-gratuita-en-establecimientos-escolares-publicos","status":"publish","type":"post","link":"https:\/\/elterritorialweb.com.ar\/web\/el-consejo-de-educacion-recuerda-que-la-matricula-es-gratuita-en-establecimientos-escolares-publicos\/","title":{"rendered":"EL CONSEJO DE EDUCACI\u00d3N RECUERDA QUE LA MATR\u00cdCULA ES GRATUITA EN ESTABLECIMIENTOS ESCOLARES P\u00daBLICOS"},"content":{"rendered":"\n<p>El Consejo General de Educaci\u00f3n recuerda a la comunidad educativa que, encontr\u00e1ndose pr\u00f3ximo el inicio del Ciclo Lectivo 2022, con presencialidad plena y cuidada, la matr\u00edcula en establecimientos escolares p\u00fablicos que dependen del organismo resulta gratuita, conforme lo normado por la Constituci\u00f3n de la Provincia, art. 69 y art. 70; la Ley Nacional de Educaci\u00f3n N\u00ba 26.206, art. 11, inciso \u201ch\u201d, y la Ley Provincia de Educaci\u00f3n N\u00ba 6.876, art. 4 y art. 11, inciso \u201cg\u201d, las cuales disponen la gratuidad de la Educaci\u00f3n P\u00fablica de Gesti\u00f3n Estatal en todos los niveles y modalidades.<br>Por otro lado, conforme lo establece el Reglamento General de Escuelas, se recuerda que la presentaci\u00f3n del acta de nacimiento de los alumnos no constituye un recaudo indispensable al momento de la inscripci\u00f3n. Esta documentaci\u00f3n puede ser suplida por otros documentos oficiales, tales como el Documento Nacional de Identidad.<br>Se informa que es posible presentar otros documentos oficiales al momento de la inscripci\u00f3n y presentar las actas de nacimiento durante el desarrollo del presente Ciclo Lectivo, ante el requerimiento de las autoridades educativas correspondientes.<\/p>\n\n\n\n<p>El Consejo General de Educaci\u00f3n solicita el estricto cumplimiento de la normativa citada a fin de facilitar el inicio del ciclo lectivo 2022 con la presencialidad dispuesta en el calendario escolar vigente.<\/p>\n","protected":false},"excerpt":{"rendered":"<p>En consecuencia, toda contribuci\u00f3n solicitada por los establecimientos o las Cooperadoras Escolares es de car\u00e1cter voluntario y no constituye requisito obligatorio a los fines de la inscripci\u00f3n e inicio de actividades de los alumnos.<\/p>\n","protected":false},"author":2,"featured_media":18585,"comment_status":"open","ping_status":"open","sticky":false,"template":"","format":"standard","meta":{"om_disable_all_campaigns":false,"_monsterinsights_skip_tracking":false,"_monsterinsights_sitenote_active":false,"_monsterinsights_sitenote_note":"","_monsterinsights_sitenote_category":0,"_uf_show_specific_survey":0,"_uf_disable_surveys":false,"jetpack_post_was_ever_published":false,"_jetpack_newsletter_access":"","_jetpack_dont_email_post_to_subs":false,"_jetpack_newsletter_tier_id":0,"_jetpack_memberships_contains_paywalled_content":false,"_jetpack_memberships_contains_paid_content":false,"footnotes":"","jetpack_publicize_message":"","jetpack_publicize_feature_enabled":true,"jetpack_social_post_already_shared":false,"jetpack_social_options":{"image_generator_settings":{"template":"highway","default_image_id":0,"font":"","enabled":false},"version":2}},"categories":[19],"tags":[],"class_list":["post-35677","post","type-post","status-publish","format-standard","has-post-thumbnail","hentry","category-educacion"],"aioseo_notices":[],"views":9,"jetpack_publicize_connections":[],"jetpack_featured_media_url":"https:\/\/i0.wp.com\/elterritorialweb.com.ar\/web\/wp-content\/uploads\/2021\/03\/CONSEJO-DE-EDUCACION.jpg?fit=1500%2C850&ssl=1","jetpack_sharing_enabled":true,"_links":{"self":[{"href":"https:\/\/elterritorialweb.com.ar\/web\/wp-json\/wp\/v2\/posts\/35677","targetHints":{"allow":["GET"]}}],"collection":[{"href":"https:\/\/elterritorialweb.com.ar\/web\/wp-json\/wp\/v2\/posts"}],"about":[{"href":"https:\/\/elterritorialweb.com.ar\/web\/wp-json\/wp\/v2\/types\/post"}],"author":[{"embeddable":true,"href":"https:\/\/elterritorialweb.com.ar\/web\/wp-json\/wp\/v2\/users\/2"}],"replies":[{"embeddable":true,"href":"https:\/\/elterritorialweb.com.ar\/web\/wp-json\/wp\/v2\/comments?post=35677"}],"version-history":[{"count":1,"href":"https:\/\/elterritorialweb.com.ar\/web\/wp-json\/wp\/v2\/posts\/35677\/revisions"}],"predecessor-version":[{"id":35678,"href":"https:\/\/elterritorialweb.com.ar\/web\/wp-json\/wp\/v2\/posts\/35677\/revisions\/35678"}],"wp:featuredmedia":[{"embeddable":true,"href":"https:\/\/elterritorialweb.com.ar\/web\/wp-json\/wp\/v2\/media\/18585"}],"wp:attachment":[{"href":"https:\/\/elterritorialweb.com.ar\/web\/wp-json\/wp\/v2\/media?parent=35677"}],"wp:term":[{"taxonomy":"category","embeddable":true,"href":"https:\/\/elterritorialweb.com.ar\/web\/wp-json\/wp\/v2\/categories?post=35677"},{"taxonomy":"post_tag","embeddable":true,"href":"https:\/\/elterritorialweb.com.ar\/web\/wp-json\/wp\/v2\/tags?post=35677"}],"curies":[{"name":"wp","href":"https:\/\/api.w.org\/{rel}","templated":true}]}}