{"id":35679,"date":"2022-02-25T22:44:42","date_gmt":"2022-02-25T22:44:42","guid":{"rendered":"http:\/\/elterritorialweb.com.ar\/web\/?p=35679"},"modified":"2022-02-25T22:50:23","modified_gmt":"2022-02-25T22:50:23","slug":"el-intendente-mirolo-participo-del-cierre-de-la-colonia-de-vacaciones-de-verano","status":"publish","type":"post","link":"https:\/\/elterritorialweb.com.ar\/web\/el-intendente-mirolo-participo-del-cierre-de-la-colonia-de-vacaciones-de-verano\/","title":{"rendered":"EL INTENDENTE MIROLO PARTICIP\u00d3 DEL CIERRE DE LA COLONIA DE VACACIONES DE VERANO"},"content":{"rendered":"\n<p>En la oportunidad, acompa\u00f1aron al jefe comunal el director de deporte, Mario C\u00e1ceres; el secretario de Desarrollo Humano, Ramiro Barrera y la subsecretaria, Valeria Chazarreta; la directora de Nutrici\u00f3n Comunitaria, Viviana Asaad; las diputadas provinciales, Mariana Morales y Ver\u00f3nica Larcher; el ex diputado, Fernando Gim\u00e9nez; personal de Juntas Vecinales, Alerta Banda, Tr\u00e1nsito, y dem\u00e1s autoridades, \u00e1reas y presentes.<\/p>\n\n\n\n<figure class=\"wp-block-image size-large\"><a href=\"https:\/\/i0.wp.com\/elterritorialweb.com.ar\/web\/wp-content\/uploads\/2022\/02\/FMedXjjXIAkdbGu.jpeg\"><img data-recalc-dims=\"1\" decoding=\"async\" width=\"640\" height=\"420\" data-src=\"https:\/\/i0.wp.com\/elterritorialweb.com.ar\/web\/wp-content\/uploads\/2022\/02\/FMedXjjXIAkdbGu.jpeg?resize=640%2C420\" alt=\"\" class=\"wp-image-35682 lazyload\" data-srcset=\"https:\/\/i0.wp.com\/elterritorialweb.com.ar\/web\/wp-content\/uploads\/2022\/02\/FMedXjjXIAkdbGu.jpeg?resize=1024%2C672&amp;ssl=1 1024w, https:\/\/i0.wp.com\/elterritorialweb.com.ar\/web\/wp-content\/uploads\/2022\/02\/FMedXjjXIAkdbGu.jpeg?resize=300%2C197&amp;ssl=1 300w, https:\/\/i0.wp.com\/elterritorialweb.com.ar\/web\/wp-content\/uploads\/2022\/02\/FMedXjjXIAkdbGu.jpeg?resize=768%2C504&amp;ssl=1 768w, https:\/\/i0.wp.com\/elterritorialweb.com.ar\/web\/wp-content\/uploads\/2022\/02\/FMedXjjXIAkdbGu.jpeg?w=1087&amp;ssl=1 1087w\" data-sizes=\"(max-width: 640px) 100vw, 640px\" src=\"data:image\/svg+xml;base64,PHN2ZyB3aWR0aD0iMSIgaGVpZ2h0PSIxIiB4bWxucz0iaHR0cDovL3d3dy53My5vcmcvMjAwMC9zdmciPjwvc3ZnPg==\" style=\"--smush-placeholder-width: 640px; --smush-placeholder-aspect-ratio: 640\/420;\" \/><\/a><\/figure>\n\n\n\n<p>Dicho programa, cont\u00f3 con la participaci\u00f3n de m\u00e1s de 80 barrios y alrededor de tres mil ni\u00f1os y ni\u00f1as de la ciudad, los cuales eran coordinados por la Junta Vecinal de cada barrio, para que los bande\u00f1itos pudieran disfrutar del natatorio, jornadas recreativas, deportivas y artisticas, en las instalaciones del Gimnasio Municipal.<\/p>\n\n\n\n<figure class=\"wp-block-image size-large\"><a href=\"https:\/\/i0.wp.com\/elterritorialweb.com.ar\/web\/wp-content\/uploads\/2022\/02\/FMedYP5XoAgnrPG.jpeg\"><img data-recalc-dims=\"1\" decoding=\"async\" width=\"640\" height=\"420\" data-src=\"https:\/\/i0.wp.com\/elterritorialweb.com.ar\/web\/wp-content\/uploads\/2022\/02\/FMedYP5XoAgnrPG.jpeg?resize=640%2C420\" alt=\"\" class=\"wp-image-35684 lazyload\" data-srcset=\"https:\/\/i0.wp.com\/elterritorialweb.com.ar\/web\/wp-content\/uploads\/2022\/02\/FMedYP5XoAgnrPG.jpeg?resize=1024%2C672&amp;ssl=1 1024w, https:\/\/i0.wp.com\/elterritorialweb.com.ar\/web\/wp-content\/uploads\/2022\/02\/FMedYP5XoAgnrPG.jpeg?resize=300%2C197&amp;ssl=1 300w, https:\/\/i0.wp.com\/elterritorialweb.com.ar\/web\/wp-content\/uploads\/2022\/02\/FMedYP5XoAgnrPG.jpeg?resize=768%2C504&amp;ssl=1 768w, https:\/\/i0.wp.com\/elterritorialweb.com.ar\/web\/wp-content\/uploads\/2022\/02\/FMedYP5XoAgnrPG.jpeg?w=1087&amp;ssl=1 1087w\" data-sizes=\"(max-width: 640px) 100vw, 640px\" src=\"data:image\/svg+xml;base64,PHN2ZyB3aWR0aD0iMSIgaGVpZ2h0PSIxIiB4bWxucz0iaHR0cDovL3d3dy53My5vcmcvMjAwMC9zdmciPjwvc3ZnPg==\" style=\"--smush-placeholder-width: 640px; --smush-placeholder-aspect-ratio: 640\/420;\" \/><\/a><\/figure>\n\n\n\n<p>Por su parte, el intendente destac\u00f3 el trabajo de todas las \u00e1reas municipales, y dijo: \u00abContento de estar en este cierre de la colonia de vacaciones de verano, organizada desde la Secretar\u00eda de Desarrollo Humano, la Direcci\u00f3n de Deportes, a quienes agradezco como tambi\u00e9n a todas las \u00e1reas municipales que colaboraron con el desarrollo de este programa, recordando parte de este gran trabajo donde el municipio se encarg\u00f3 de buscar a los chicos de los barrios, traerlos en nuestra movilidad y que disfruten de las instalaciones del Gimnasio Municipal, realizar actividades deportivas, recreativas, artisticas, proveyendo desayunos y almuerzos y por \u00faltimo nos encargamos de que tengan un buen regreso a sus casas\u00bb.<\/p>\n\n\n\n<figure class=\"wp-block-image size-large\"><a href=\"https:\/\/i0.wp.com\/elterritorialweb.com.ar\/web\/wp-content\/uploads\/2022\/02\/FMedX4xXoAkgK_s.jpeg\"><img data-recalc-dims=\"1\" decoding=\"async\" width=\"640\" height=\"420\" data-src=\"https:\/\/i0.wp.com\/elterritorialweb.com.ar\/web\/wp-content\/uploads\/2022\/02\/FMedX4xXoAkgK_s.jpeg?resize=640%2C420\" alt=\"\" class=\"wp-image-35685 lazyload\" data-srcset=\"https:\/\/i0.wp.com\/elterritorialweb.com.ar\/web\/wp-content\/uploads\/2022\/02\/FMedX4xXoAkgK_s.jpeg?resize=1024%2C672&amp;ssl=1 1024w, https:\/\/i0.wp.com\/elterritorialweb.com.ar\/web\/wp-content\/uploads\/2022\/02\/FMedX4xXoAkgK_s.jpeg?resize=300%2C197&amp;ssl=1 300w, https:\/\/i0.wp.com\/elterritorialweb.com.ar\/web\/wp-content\/uploads\/2022\/02\/FMedX4xXoAkgK_s.jpeg?resize=768%2C504&amp;ssl=1 768w, https:\/\/i0.wp.com\/elterritorialweb.com.ar\/web\/wp-content\/uploads\/2022\/02\/FMedX4xXoAkgK_s.jpeg?w=1087&amp;ssl=1 1087w\" data-sizes=\"(max-width: 640px) 100vw, 640px\" src=\"data:image\/svg+xml;base64,PHN2ZyB3aWR0aD0iMSIgaGVpZ2h0PSIxIiB4bWxucz0iaHR0cDovL3d3dy53My5vcmcvMjAwMC9zdmciPjwvc3ZnPg==\" style=\"--smush-placeholder-width: 640px; --smush-placeholder-aspect-ratio: 640\/420;\" \/><\/a><\/figure>\n\n\n\n<p>Adem\u00e1s dijo: \u00abLa idea, es que este programa tenga una continuidad anual, es decir, que todos los s\u00e1bados podamos seguir desarrollando \u00e9sta actividad, para que los chicos que en esta oportunidad no pudieron participar de la colonia, lo puedan hacer a lo largo de este 2022\u00bb.<br>Por \u00faltimo, Mirolo agradeci\u00f3 a los diputados provinciales que reconocieron el trabajo del municipio, declarando este programa de inter\u00e9s provincial y legislativo.<\/p>\n\n\n\n<p><em><strong>CAMARA DE DIPUTADOS DE LA PROVINCIA<\/strong><\/em><\/p>\n\n\n\n<p>A trav\u00e9s de la Declaraci\u00f3n N\u00ba17, La C\u00e1mara de Diputados de la Provincia declara de Interes provincial, deportivo y social la realizaci\u00f3n de la Colonia de Vacaciones durante los meses de enero y febrero del 2022 en las instalaciones del Gimnasio Municipal de la ciudad de La Banda.<br>El proyecto fue presentado por los diputados del bloque del Frene Renovador y Progresista con el fin de valorar el trabajo y organizaci\u00f3n de iniciativas gratuitas que brinden a los ni\u00f1os y ni\u00f1as el disfrute de actividades al aire libre totalmente gratuitas.<\/p>\n","protected":false},"excerpt":{"rendered":"<p>En la ma\u00f1ana del viernes, el intendente de la ciudad de La Banda, Pablo Mirolo asisti\u00f3 al cierre de la Colonia de Vacaciones en el Gimnasio Municipal, donde adem\u00e1s, recibi\u00f3 el reconocimiento de interes provincial y legislativo de la misma.<\/p>\n","protected":false},"author":2,"featured_media":35680,"comment_status":"open","ping_status":"open","sticky":false,"template":"","format":"standard","meta":{"om_disable_all_campaigns":false,"_monsterinsights_skip_tracking":false,"_monsterinsights_sitenote_active":false,"_monsterinsights_sitenote_note":"","_monsterinsights_sitenote_category":0,"_uf_show_specific_survey":0,"_uf_disable_surveys":false,"jetpack_post_was_ever_published":false,"_jetpack_newsletter_access":"","_jetpack_dont_email_post_to_subs":false,"_jetpack_newsletter_tier_id":0,"_jetpack_memberships_contains_paywalled_content":false,"_jetpack_memberships_contains_paid_content":false,"footnotes":"","jetpack_publicize_message":"","jetpack_publicize_feature_enabled":true,"jetpack_social_post_already_shared":false,"jetpack_social_options":{"image_generator_settings":{"template":"highway","default_image_id":0,"font":"","enabled":false},"version":2}},"categories":[21],"tags":[],"class_list":["post-35679","post","type-post","status-publish","format-standard","has-post-thumbnail","hentry","category-locales"],"aioseo_notices":[],"views":12,"jetpack_publicize_connections":[],"jetpack_featured_media_url":"https:\/\/i0.wp.com\/elterritorialweb.com.ar\/web\/wp-content\/uploads\/2022\/02\/IMG-20220225-WA0010.jpg?fit=1087%2C713&ssl=1","jetpack_sharing_enabled":true,"_links":{"self":[{"href":"https:\/\/elterritorialweb.com.ar\/web\/wp-json\/wp\/v2\/posts\/35679","targetHints":{"allow":["GET"]}}],"collection":[{"href":"https:\/\/elterritorialweb.com.ar\/web\/wp-json\/wp\/v2\/posts"}],"about":[{"href":"https:\/\/elterritorialweb.com.ar\/web\/wp-json\/wp\/v2\/types\/post"}],"author":[{"embeddable":true,"href":"https:\/\/elterritorialweb.com.ar\/web\/wp-json\/wp\/v2\/users\/2"}],"replies":[{"embeddable":true,"href":"https:\/\/elterritorialweb.com.ar\/web\/wp-json\/wp\/v2\/comments?post=35679"}],"version-history":[{"count":2,"href":"https:\/\/elterritorialweb.com.ar\/web\/wp-json\/wp\/v2\/posts\/35679\/revisions"}],"predecessor-version":[{"id":35686,"href":"https:\/\/elterritorialweb.com.ar\/web\/wp-json\/wp\/v2\/posts\/35679\/revisions\/35686"}],"wp:featuredmedia":[{"embeddable":true,"href":"https:\/\/elterritorialweb.com.ar\/web\/wp-json\/wp\/v2\/media\/35680"}],"wp:attachment":[{"href":"https:\/\/elterritorialweb.com.ar\/web\/wp-json\/wp\/v2\/media?parent=35679"}],"wp:term":[{"taxonomy":"category","embeddable":true,"href":"https:\/\/elterritorialweb.com.ar\/web\/wp-json\/wp\/v2\/categories?post=35679"},{"taxonomy":"post_tag","embeddable":true,"href":"https:\/\/elterritorialweb.com.ar\/web\/wp-json\/wp\/v2\/tags?post=35679"}],"curies":[{"name":"wp","href":"https:\/\/api.w.org\/{rel}","templated":true}]}}