{"id":35687,"date":"2022-02-25T22:58:29","date_gmt":"2022-02-25T22:58:29","guid":{"rendered":"http:\/\/elterritorialweb.com.ar\/web\/?p=35687"},"modified":"2022-02-25T22:58:30","modified_gmt":"2022-02-25T22:58:30","slug":"la-banda-la-subsecretaria-de-educacion-municipal-informa-que-se-modifica-el-periodo-de-tachas","status":"publish","type":"post","link":"https:\/\/elterritorialweb.com.ar\/web\/la-banda-la-subsecretaria-de-educacion-municipal-informa-que-se-modifica-el-periodo-de-tachas\/","title":{"rendered":"LA BANDA: LA SUBSECRETAR\u00cdA DE EDUCACI\u00d3N MUNICIPAL INFORMA QUE SE MODIFICA EL PERIODO DE TACHAS"},"content":{"rendered":"\n<p>La Subsecretaria de Educaci\u00f3n y Cultura a trav\u00e9s de la Junta De Calificaci\u00f3n y Clasificaci\u00f3n de la Escuela Municipal de programaci\u00f3n y rob\u00f3tica informa que debido a la gran expectativa por la pr\u00f3xima inauguraci\u00f3n de la Escuela de Programaci\u00f3n y Rob\u00f3tica y al desborde de legajos recibidos se vio en la necesidad de posponer la fecha del periodo de tachas prevista para el 25 del mes de febrero.<br>En tanto pr\u00f3ximamente se informar\u00e1 la fecha del periodo de tachas.<br>Por dudas y o consultas llegarse a la subsecretaria de educaron y cultura en la Escuela de Artes \u201cJuanita Briones\u201d, en el horario de 7:00 A 13:00 hs.<\/p>\n","protected":false},"excerpt":{"rendered":"<p>Estaba previsto para este viernes 25 de febrero.<\/p>\n","protected":false},"author":2,"featured_media":35688,"comment_status":"open","ping_status":"open","sticky":false,"template":"","format":"standard","meta":{"om_disable_all_campaigns":false,"_monsterinsights_skip_tracking":false,"_monsterinsights_sitenote_active":false,"_monsterinsights_sitenote_note":"","_monsterinsights_sitenote_category":0,"_uf_show_specific_survey":0,"_uf_disable_surveys":false,"jetpack_post_was_ever_published":false,"_jetpack_newsletter_access":"","_jetpack_dont_email_post_to_subs":false,"_jetpack_newsletter_tier_id":0,"_jetpack_memberships_contains_paywalled_content":false,"_jetpack_memberships_contains_paid_content":false,"footnotes":"","jetpack_publicize_message":"","jetpack_publicize_feature_enabled":true,"jetpack_social_post_already_shared":false,"jetpack_social_options":{"image_generator_settings":{"template":"highway","default_image_id":0,"font":"","enabled":false},"version":2}},"categories":[19],"tags":[],"class_list":["post-35687","post","type-post","status-publish","format-standard","has-post-thumbnail","hentry","category-educacion"],"aioseo_notices":[],"views":9,"jetpack_publicize_connections":[],"jetpack_featured_media_url":"https:\/\/i0.wp.com\/elterritorialweb.com.ar\/web\/wp-content\/uploads\/2022\/02\/IMG-20220225-WA0012.jpg?fit=1600%2C1050&ssl=1","jetpack_sharing_enabled":true,"_links":{"self":[{"href":"https:\/\/elterritorialweb.com.ar\/web\/wp-json\/wp\/v2\/posts\/35687","targetHints":{"allow":["GET"]}}],"collection":[{"href":"https:\/\/elterritorialweb.com.ar\/web\/wp-json\/wp\/v2\/posts"}],"about":[{"href":"https:\/\/elterritorialweb.com.ar\/web\/wp-json\/wp\/v2\/types\/post"}],"author":[{"embeddable":true,"href":"https:\/\/elterritorialweb.com.ar\/web\/wp-json\/wp\/v2\/users\/2"}],"replies":[{"embeddable":true,"href":"https:\/\/elterritorialweb.com.ar\/web\/wp-json\/wp\/v2\/comments?post=35687"}],"version-history":[{"count":1,"href":"https:\/\/elterritorialweb.com.ar\/web\/wp-json\/wp\/v2\/posts\/35687\/revisions"}],"predecessor-version":[{"id":35689,"href":"https:\/\/elterritorialweb.com.ar\/web\/wp-json\/wp\/v2\/posts\/35687\/revisions\/35689"}],"wp:featuredmedia":[{"embeddable":true,"href":"https:\/\/elterritorialweb.com.ar\/web\/wp-json\/wp\/v2\/media\/35688"}],"wp:attachment":[{"href":"https:\/\/elterritorialweb.com.ar\/web\/wp-json\/wp\/v2\/media?parent=35687"}],"wp:term":[{"taxonomy":"category","embeddable":true,"href":"https:\/\/elterritorialweb.com.ar\/web\/wp-json\/wp\/v2\/categories?post=35687"},{"taxonomy":"post_tag","embeddable":true,"href":"https:\/\/elterritorialweb.com.ar\/web\/wp-json\/wp\/v2\/tags?post=35687"}],"curies":[{"name":"wp","href":"https:\/\/api.w.org\/{rel}","templated":true}]}}