{"id":35690,"date":"2022-02-25T23:14:18","date_gmt":"2022-02-25T23:14:18","guid":{"rendered":"http:\/\/elterritorialweb.com.ar\/web\/?p=35690"},"modified":"2022-02-25T23:14:18","modified_gmt":"2022-02-25T23:14:18","slug":"mukdise-recibio-a-los-campeones-de-la-escuela-de-futbol-infantil-termas","status":"publish","type":"post","link":"https:\/\/elterritorialweb.com.ar\/web\/mukdise-recibio-a-los-campeones-de-la-escuela-de-futbol-infantil-termas\/","title":{"rendered":"MUKDISE RECIBI\u00d3 A LOS CAMPEONES DE LA ESCUELA DE FUTBOL INFANTIL TERMAS"},"content":{"rendered":"\n<p>El mandatario comunal estuvo acompa\u00f1ado por el Diputado Provincial, Andr\u00e9s Sedr\u00e1n y el secretario municipal de Gobierno, Rodolfo Muzzolon y mantuvieron un dialogo con el Dt. de la EFIT, Emanuel P\u00e1ez quien les cont\u00f3 el desarrollo del torneo donde el equipo Termense se consagr\u00f3 campe\u00f3n en tierras cordobesas.<\/p>\n\n\n\n<p>Cabe destacar que la Escuela de Futbol Infantil Termas obtuvo el campeonato en la categor\u00eda 2013 (le gan\u00f3 la final por 8 a 0 a Villa del Dique, C\u00f3rdoba); la 2011 se consagr\u00f3 campe\u00f3n al ganar por penales tras igualar 1 a 1 con Villa Gral. Belgrano, por \u00faltimo la categor\u00eda 2009 obtuvo el campeonato al ganarle por 1 a 0 a La Mano de Dios de Santa F\u00e9.<\/p>\n\n\n\n<figure class=\"wp-block-image size-full\"><a href=\"https:\/\/i0.wp.com\/elterritorialweb.com.ar\/web\/wp-content\/uploads\/2022\/02\/FB_IMG_1645830592334.jpg\"><img data-recalc-dims=\"1\" decoding=\"async\" width=\"640\" height=\"560\" data-src=\"https:\/\/i0.wp.com\/elterritorialweb.com.ar\/web\/wp-content\/uploads\/2022\/02\/FB_IMG_1645830592334.jpg?resize=640%2C560\" alt=\"\" class=\"wp-image-35692 lazyload\" data-srcset=\"https:\/\/i0.wp.com\/elterritorialweb.com.ar\/web\/wp-content\/uploads\/2022\/02\/FB_IMG_1645830592334.jpg?w=720&amp;ssl=1 720w, https:\/\/i0.wp.com\/elterritorialweb.com.ar\/web\/wp-content\/uploads\/2022\/02\/FB_IMG_1645830592334.jpg?resize=300%2C263&amp;ssl=1 300w\" data-sizes=\"(max-width: 640px) 100vw, 640px\" src=\"data:image\/svg+xml;base64,PHN2ZyB3aWR0aD0iMSIgaGVpZ2h0PSIxIiB4bWxucz0iaHR0cDovL3d3dy53My5vcmcvMjAwMC9zdmciPjwvc3ZnPg==\" style=\"--smush-placeholder-width: 640px; --smush-placeholder-aspect-ratio: 640\/560;\" \/><\/a><\/figure>\n\n\n\n<p>Emanuel P\u00e1ez agradeci\u00f3 al intendente como al diputado provincial en nombre de todos los padres la importante colaboraci\u00f3n de la Municipalidad para poder cumplir el sue\u00f1o de los ni\u00f1os de poder viajar y representar a Las Termas y la provincia en un certamen nacional de futbol infantil.<\/p>\n","protected":false},"excerpt":{"rendered":"<p>El Intendente Dr. Jorge Mukdise, recibi\u00f3 en el despacho municipal a los ni\u00f1os, cuerpo t\u00e9cnico y padres de la EFIT (Escuela de Futbol Infantil Termas) que se consagraron campeones en las categor\u00edas 2013, 2011 y 2009 en el Torneo Nacional de Futbol Infantil que se disput\u00f3 del 16 al 20 de Febrero en la ciudad de Santa Rosa de Calamuchita, C\u00f3rdoba.<\/p>\n","protected":false},"author":2,"featured_media":35691,"comment_status":"open","ping_status":"open","sticky":false,"template":"","format":"standard","meta":{"om_disable_all_campaigns":false,"_monsterinsights_skip_tracking":false,"_monsterinsights_sitenote_active":false,"_monsterinsights_sitenote_note":"","_monsterinsights_sitenote_category":0,"_uf_show_specific_survey":0,"_uf_disable_surveys":false,"jetpack_post_was_ever_published":false,"_jetpack_newsletter_access":"","_jetpack_dont_email_post_to_subs":false,"_jetpack_newsletter_tier_id":0,"_jetpack_memberships_contains_paywalled_content":false,"_jetpack_memberships_contains_paid_content":false,"footnotes":"","jetpack_publicize_message":"","jetpack_publicize_feature_enabled":true,"jetpack_social_post_already_shared":false,"jetpack_social_options":{"image_generator_settings":{"template":"highway","default_image_id":0,"font":"","enabled":false},"version":2}},"categories":[6],"tags":[],"class_list":["post-35690","post","type-post","status-publish","format-standard","has-post-thumbnail","hentry","category-deportes"],"aioseo_notices":[],"views":8,"jetpack_publicize_connections":[],"jetpack_featured_media_url":"https:\/\/i0.wp.com\/elterritorialweb.com.ar\/web\/wp-content\/uploads\/2022\/02\/FB_IMG_1645830589845.jpg?fit=720%2C480&ssl=1","jetpack_sharing_enabled":true,"_links":{"self":[{"href":"https:\/\/elterritorialweb.com.ar\/web\/wp-json\/wp\/v2\/posts\/35690","targetHints":{"allow":["GET"]}}],"collection":[{"href":"https:\/\/elterritorialweb.com.ar\/web\/wp-json\/wp\/v2\/posts"}],"about":[{"href":"https:\/\/elterritorialweb.com.ar\/web\/wp-json\/wp\/v2\/types\/post"}],"author":[{"embeddable":true,"href":"https:\/\/elterritorialweb.com.ar\/web\/wp-json\/wp\/v2\/users\/2"}],"replies":[{"embeddable":true,"href":"https:\/\/elterritorialweb.com.ar\/web\/wp-json\/wp\/v2\/comments?post=35690"}],"version-history":[{"count":1,"href":"https:\/\/elterritorialweb.com.ar\/web\/wp-json\/wp\/v2\/posts\/35690\/revisions"}],"predecessor-version":[{"id":35693,"href":"https:\/\/elterritorialweb.com.ar\/web\/wp-json\/wp\/v2\/posts\/35690\/revisions\/35693"}],"wp:featuredmedia":[{"embeddable":true,"href":"https:\/\/elterritorialweb.com.ar\/web\/wp-json\/wp\/v2\/media\/35691"}],"wp:attachment":[{"href":"https:\/\/elterritorialweb.com.ar\/web\/wp-json\/wp\/v2\/media?parent=35690"}],"wp:term":[{"taxonomy":"category","embeddable":true,"href":"https:\/\/elterritorialweb.com.ar\/web\/wp-json\/wp\/v2\/categories?post=35690"},{"taxonomy":"post_tag","embeddable":true,"href":"https:\/\/elterritorialweb.com.ar\/web\/wp-json\/wp\/v2\/tags?post=35690"}],"curies":[{"name":"wp","href":"https:\/\/api.w.org\/{rel}","templated":true}]}}