{"id":35700,"date":"2022-02-25T23:53:48","date_gmt":"2022-02-25T23:53:48","guid":{"rendered":"http:\/\/elterritorialweb.com.ar\/web\/?p=35700"},"modified":"2022-02-25T23:53:48","modified_gmt":"2022-02-25T23:53:48","slug":"ricardo-sosa-generamos-una-intensa-promocion-de-santiago-del-estero-en-colombia","status":"publish","type":"post","link":"https:\/\/elterritorialweb.com.ar\/web\/ricardo-sosa-generamos-una-intensa-promocion-de-santiago-del-estero-en-colombia\/","title":{"rendered":"RICARDO SOSA: \u00abGENERAMOS UNA INTENSA PROMOCI\u00d3N DE SANTIAGO DEL ESTERO EN COLOMBIA\u00bb"},"content":{"rendered":"\n<p>All\u00ed, Ricardo Sosa, oriundo de Santiago del Estero, encabeza la delegaci\u00f3n argentina compuesta por m\u00e1s de 15 empresas tur\u00edsticas (entre tour operadores, agencias de viajes y empresarios hoteleros) y unas 10 provincias y destinos.<br>Durante esta feria, Sosa inform\u00f3 que realiza la promoci\u00f3n de Santiago del Estero a trav\u00e9s de diferentes im\u00e1genes que difunden las fechas del MotoGP en Termas de R\u00edo Hondo, el PGA Tour Latinoamericano en Termas de R\u00edo Hondo Golf Club; el torneo Panamericano de BMX en Santiago del Estero Capital y el Estadio \u00danico Madre de Ciudades. \u201cEstas im\u00e1genes se encuentran en forma permanente en diferentes sectores del stand de Argentina, esto se complementa con la presencia de los productos tur\u00edsticos de Santiago del Estero en la pantalla gigante del stand, donde mostramos la cultura, el patio del Indio Froil\u00e1n, las aguas termales de R\u00edo Hondo, entre otros atractivos\u201d, resalt\u00f3.<br>Adem\u00e1s Sosa a\u00f1adi\u00f3 que \u201ctenemos 12 tour operadores argentinos que est\u00e1n ofreciendo paquetes del Norte Argentino donde Santiago del Estero y Termas de R\u00edo Hondo se encuentran presentes, esto gracias al acuerdo que realizaron las provincias junto a la C\u00e1mara Argentina de Turismo para que existan garant\u00edas de promoci\u00f3n de estos paquetes, desde el Inprotur contribuimos a la promoci\u00f3n de estos productos con acuerdos que realizamos con los tour operadores internacionales que son quienes despu\u00e9s transfieren esos productos a las agencias de viajes para la venta al p\u00fablico final, entonces aqu\u00ed en Colombia tenemos la presencia de Santiago del Estero en los espacios visuales de promoci\u00f3n, pero a la vez en los propios cat\u00e1logos de ventas de los tour operadores\u201d.<br>Sosa especific\u00f3 que esta acci\u00f3n de internacionalizaci\u00f3n tur\u00edstica que encar\u00f3 para la provincia se inici\u00f3 a partir de las reaperturas de fronteras: \u201cAs\u00ed, en enero estuvimos en la feria Fitur Espa\u00f1a presentando el MotoGP y mostrando en im\u00e1genes los eventos deportivos internacionales de Santiago del Estero, luego hace unos d\u00edas estuvimos en Curitiba, Brasil, junto al Gobernador, Gerardo Zamora y el Embajador Daniel Scioli presentando el MotoGP ante tour operadores y ahora estamos promocionando nuestra provincia en Bogot\u00e1, en la Feria de Turismo m\u00e1s importante de Latinoam\u00e9rica. Entendemos que esta es la manera de seguir trabajando por Santiago del Estero, apoyando las pol\u00edticas p\u00fablicas generadas en forma constante por el Gobernador y por sobre todas las cosas buscando la manera de que en un futuro cercano la llegada de turistas internacionales pueda producirse durante cualquier \u00e9poca del a\u00f1o, tanto en Termas de R\u00edo Hondo como en Santiago del Estero Capital. Tenemos la convicci\u00f3n de que Santiago del Estero tiene todas las condiciones para su internacionalizaci\u00f3n y eso estamos haciendo en este a\u00f1o, posicionando fuerte la provincia en diferentes pa\u00edses\u201d.<br>Asimismo resalt\u00f3 que durante su presencia en Colombia, mantuvo diferentes reuniones con tour operadores y agencias de viajes colombianas: \u201cEn el caso de la reuni\u00f3n que mantuvimos con el Director Comercial de LTN L\u2019alianXa Travel Network de Colombia, Sebasti\u00e1n Davies, intercambiamos informaci\u00f3n referida a la instalaci\u00f3n del norte argentino como regi\u00f3n aspiracional, y coincidimos en que siendo estrat\u00e9gicos puede funcionar bien, por ejemplo con la m\u00fasica y el vino de esta regi\u00f3n, y en Santiago del Estero tenemos la m\u00fasica referencial del norte como la chacarera y recuperamos la actividad vitivin\u00edcola con el vino, entonces el camino por delante es por dem\u00e1s alentador y por eso vamos a seguir trabajando para generar turismo internacional para Santiago del Estero\u201d.<br>En Marzo, Brasil<br>El Secretario Ejecutivo de Inprotur, Ricardo Sosa, adelant\u00f3 que la promoci\u00f3n de Termas de R\u00edo Hondo y Santiago del Estero continuar\u00e1 durante marzo en Brasil. \u201cEl 25 y 26 de marzo estaremos participando de la Feria UGART que se realizar\u00e1 en Porto Alegre, all\u00ed tambi\u00e9n vamos a estar mostrando las bondades tur\u00edsticas de Termas de R\u00edo Hondo y Santiago del Estero, esta regi\u00f3n es importante porque estaremos en el Estado de Rio Grande Do Soul y desde esta zona ya fueron contingentes de brasile\u00f1os a Termas de R\u00edo Hondo. Aqu\u00ed vamos a fortalecer el dialogo con los empresarios de transporte rodoviario, el transporte terrestre, porque son quienes pueden generar circulaci\u00f3n de turistas hacia el norte de nuestro pa\u00eds\u201d, especific\u00f3 Sosa.<\/p>\n","protected":false},"excerpt":{"rendered":"<p>Como parte de la estrategia de posicionamiento e internacionalizaci\u00f3n tur\u00edstica de Santiago del Estero, el Secretario Ejecutivo del Inprotur, Ricardo Sosa, detall\u00f3 diferentes acciones de promoci\u00f3n que se realizan en la Feria Internacional de Turismo \u201cVitrina Anato\u201d en la ciudad de Bogot\u00e1, Colombia durante esta semana, posicionando a la provincia en diferentes \u00e1mbitos tur\u00edsticas del exterior.<\/p>\n","protected":false},"author":2,"featured_media":35701,"comment_status":"open","ping_status":"open","sticky":false,"template":"","format":"standard","meta":{"om_disable_all_campaigns":false,"_monsterinsights_skip_tracking":false,"_monsterinsights_sitenote_active":false,"_monsterinsights_sitenote_note":"","_monsterinsights_sitenote_category":0,"_uf_show_specific_survey":0,"_uf_disable_surveys":false,"jetpack_post_was_ever_published":false,"_jetpack_newsletter_access":"","_jetpack_dont_email_post_to_subs":false,"_jetpack_newsletter_tier_id":0,"_jetpack_memberships_contains_paywalled_content":false,"_jetpack_memberships_contains_paid_content":false,"footnotes":"","jetpack_publicize_message":"","jetpack_publicize_feature_enabled":true,"jetpack_social_post_already_shared":false,"jetpack_social_options":{"image_generator_settings":{"template":"highway","default_image_id":0,"font":"","enabled":false},"version":2}},"categories":[21],"tags":[],"class_list":["post-35700","post","type-post","status-publish","format-standard","has-post-thumbnail","hentry","category-locales"],"aioseo_notices":[],"views":11,"jetpack_publicize_connections":[],"jetpack_featured_media_url":"https:\/\/i0.wp.com\/elterritorialweb.com.ar\/web\/wp-content\/uploads\/2022\/02\/promocion-.jpg?fit=1238%2C851&ssl=1","jetpack_sharing_enabled":true,"_links":{"self":[{"href":"https:\/\/elterritorialweb.com.ar\/web\/wp-json\/wp\/v2\/posts\/35700","targetHints":{"allow":["GET"]}}],"collection":[{"href":"https:\/\/elterritorialweb.com.ar\/web\/wp-json\/wp\/v2\/posts"}],"about":[{"href":"https:\/\/elterritorialweb.com.ar\/web\/wp-json\/wp\/v2\/types\/post"}],"author":[{"embeddable":true,"href":"https:\/\/elterritorialweb.com.ar\/web\/wp-json\/wp\/v2\/users\/2"}],"replies":[{"embeddable":true,"href":"https:\/\/elterritorialweb.com.ar\/web\/wp-json\/wp\/v2\/comments?post=35700"}],"version-history":[{"count":1,"href":"https:\/\/elterritorialweb.com.ar\/web\/wp-json\/wp\/v2\/posts\/35700\/revisions"}],"predecessor-version":[{"id":35702,"href":"https:\/\/elterritorialweb.com.ar\/web\/wp-json\/wp\/v2\/posts\/35700\/revisions\/35702"}],"wp:featuredmedia":[{"embeddable":true,"href":"https:\/\/elterritorialweb.com.ar\/web\/wp-json\/wp\/v2\/media\/35701"}],"wp:attachment":[{"href":"https:\/\/elterritorialweb.com.ar\/web\/wp-json\/wp\/v2\/media?parent=35700"}],"wp:term":[{"taxonomy":"category","embeddable":true,"href":"https:\/\/elterritorialweb.com.ar\/web\/wp-json\/wp\/v2\/categories?post=35700"},{"taxonomy":"post_tag","embeddable":true,"href":"https:\/\/elterritorialweb.com.ar\/web\/wp-json\/wp\/v2\/tags?post=35700"}],"curies":[{"name":"wp","href":"https:\/\/api.w.org\/{rel}","templated":true}]}}