{"id":35703,"date":"2022-02-26T02:56:00","date_gmt":"2022-02-26T02:56:00","guid":{"rendered":"http:\/\/elterritorialweb.com.ar\/web\/?p=35703"},"modified":"2022-02-26T02:59:12","modified_gmt":"2022-02-26T02:59:12","slug":"fuentes-manifesto-que-las-reformas-del-cic-campo-contreras-serviran-para-seguir-mejorando-la-atencion","status":"publish","type":"post","link":"https:\/\/elterritorialweb.com.ar\/web\/fuentes-manifesto-que-las-reformas-del-cic-campo-contreras-serviran-para-seguir-mejorando-la-atencion\/","title":{"rendered":"FUENTES MANIFEST\u00d3 QUE LAS REFORMAS DEL CIC CAMPO CONTRERAS SERVIR\u00c1N PARA SEGUIR MEJORANDO LA ATENCI\u00d3N"},"content":{"rendered":"\n<p>Durante el recorrido, la jefa comunal recibi\u00f3 un informe t\u00e9cnico y, adem\u00e1s, mantuvo un di\u00e1logo con el personal del organismo sobre los servicios que se vienen prestando.<br>Los trabajos permitir\u00e1n optimizar la capacidad de atenci\u00f3n en los consultorios m\u00e9dicos y de enfermer\u00eda, adem\u00e1s de incorporar nuevos servicios destinados a mejorar la calidad de vida de los vecinos.<br>En este sentido, la intendente remarc\u00f3 la importancia \u00abde poner en valor este importante organismo municipal que, por su estrat\u00e9gica ubicaci\u00f3n, se ha convertido en un centro de salud de referencia para todos los vecinos de la zona, sobre todo durante la pandemia con las tareas de vacunaci\u00f3n e hisopados que se vienen desarrollando\u00bb.<br>\u00abMejorar las condiciones edilicias permitir\u00e1 que nuestros agentes sanitarios se desenvuelvan de forma m\u00e1s c\u00f3moda y segura, lo que posibilitar\u00e1 mejorar la atenci\u00f3n que se brinda a los ciudadanos\u00bb, se\u00f1al\u00f3.<br>Adem\u00e1s, la jefa comunal reconoci\u00f3 el trabajo mancomunado que el municipio est\u00e1 llevando a cabo junto al Ministerio de Salud de la Provincia, \u00abprocurando fortalecer la atenci\u00f3n primaria y el contacto directo con los vecinos de los barrios\u00bb.<br>Por su parte, el coordinador de la instituci\u00f3n, El\u00edas Leiva, agradeci\u00f3 a la intendente Fuentes \u00abpor brindarnos las herramientas y mejoras que necesitamos para desarrollar nuestra labor\u00bb y resalt\u00f3 que, adem\u00e1s de los servicios de salud, en el organismo \u00abse realizan permanente cursos de capacitaci\u00f3n y otras actividades demandadas por los vecinos\u00bb.<br>Cabe destacar que, en esta etapa, las tareas consisten en el cerramiento de la fachada a trav\u00e9s de rejas, la renovaci\u00f3n del revoque, pintura y la construcci\u00f3n de z\u00f3calos cementicios en el exterior, la colocaci\u00f3n de nuevas carpinter\u00edas met\u00e1licas, la construcci\u00f3n de nuevas veredas de hormig\u00f3n, la colocaci\u00f3n de mosaico y z\u00f3calo gran\u00edtico en el acceso y en la recepci\u00f3n, el arreglo de los ba\u00f1os y la provisi\u00f3n de nuevas luminarias con tecnolog\u00eda Led, entre otras.<\/p>\n","protected":false},"excerpt":{"rendered":"<p>Dando continuidad al plan de mejoras de edificios, la intendente de la Capital, Ing. Norma Fuentes, supervis\u00f3 el avance de las obras de refacci\u00f3n del Centro Integrador Comunitario del barrio Campo Contreras.<\/p>\n","protected":false},"author":2,"featured_media":35704,"comment_status":"open","ping_status":"open","sticky":false,"template":"","format":"standard","meta":{"om_disable_all_campaigns":false,"_monsterinsights_skip_tracking":false,"_monsterinsights_sitenote_active":false,"_monsterinsights_sitenote_note":"","_monsterinsights_sitenote_category":0,"_uf_show_specific_survey":0,"_uf_disable_surveys":false,"jetpack_post_was_ever_published":false,"_jetpack_newsletter_access":"","_jetpack_dont_email_post_to_subs":false,"_jetpack_newsletter_tier_id":0,"_jetpack_memberships_contains_paywalled_content":false,"_jetpack_memberships_contains_paid_content":false,"footnotes":"","jetpack_publicize_message":"","jetpack_publicize_feature_enabled":true,"jetpack_social_post_already_shared":false,"jetpack_social_options":{"image_generator_settings":{"template":"highway","default_image_id":0,"font":"","enabled":false},"version":2}},"categories":[21],"tags":[],"class_list":["post-35703","post","type-post","status-publish","format-standard","has-post-thumbnail","hentry","category-locales"],"aioseo_notices":[],"views":16,"jetpack_publicize_connections":[],"jetpack_featured_media_url":"https:\/\/i0.wp.com\/elterritorialweb.com.ar\/web\/wp-content\/uploads\/2022\/02\/fuentes-cic-obras.jpeg?fit=1280%2C854&ssl=1","jetpack_sharing_enabled":true,"_links":{"self":[{"href":"https:\/\/elterritorialweb.com.ar\/web\/wp-json\/wp\/v2\/posts\/35703","targetHints":{"allow":["GET"]}}],"collection":[{"href":"https:\/\/elterritorialweb.com.ar\/web\/wp-json\/wp\/v2\/posts"}],"about":[{"href":"https:\/\/elterritorialweb.com.ar\/web\/wp-json\/wp\/v2\/types\/post"}],"author":[{"embeddable":true,"href":"https:\/\/elterritorialweb.com.ar\/web\/wp-json\/wp\/v2\/users\/2"}],"replies":[{"embeddable":true,"href":"https:\/\/elterritorialweb.com.ar\/web\/wp-json\/wp\/v2\/comments?post=35703"}],"version-history":[{"count":1,"href":"https:\/\/elterritorialweb.com.ar\/web\/wp-json\/wp\/v2\/posts\/35703\/revisions"}],"predecessor-version":[{"id":35705,"href":"https:\/\/elterritorialweb.com.ar\/web\/wp-json\/wp\/v2\/posts\/35703\/revisions\/35705"}],"wp:featuredmedia":[{"embeddable":true,"href":"https:\/\/elterritorialweb.com.ar\/web\/wp-json\/wp\/v2\/media\/35704"}],"wp:attachment":[{"href":"https:\/\/elterritorialweb.com.ar\/web\/wp-json\/wp\/v2\/media?parent=35703"}],"wp:term":[{"taxonomy":"category","embeddable":true,"href":"https:\/\/elterritorialweb.com.ar\/web\/wp-json\/wp\/v2\/categories?post=35703"},{"taxonomy":"post_tag","embeddable":true,"href":"https:\/\/elterritorialweb.com.ar\/web\/wp-json\/wp\/v2\/tags?post=35703"}],"curies":[{"name":"wp","href":"https:\/\/api.w.org\/{rel}","templated":true}]}}