{"id":35737,"date":"2022-02-26T15:23:33","date_gmt":"2022-02-26T15:23:33","guid":{"rendered":"http:\/\/elterritorialweb.com.ar\/web\/?p=35737"},"modified":"2022-02-26T15:23:34","modified_gmt":"2022-02-26T15:23:34","slug":"recuperan-moto-sustraida-en-el-barrio-industria","status":"publish","type":"post","link":"https:\/\/elterritorialweb.com.ar\/web\/recuperan-moto-sustraida-en-el-barrio-industria\/","title":{"rendered":"RECUPERAN MOTO SUSTRA\u00cdDA EN EL BARRIO INDUSTRIA"},"content":{"rendered":"\n<p>Una vecina del barrio Siglo XX, denuncio en sede policial , que en la madrugada del domingo 20, le sustrajeron su motocicleta marca Honda C105 Biz, la cual dejo estacionada en colectora de circunvalaci\u00f3n y San Martin del barrio Industria.<br>De esta manera, los uniformados realizaron tareas investigativas que consisti\u00f3 en entrevista de vecinos, ocasionales transe\u00fantes, relevamiento de c\u00e1maras y registro f\u00edlmico que permitieron la implementaci\u00f3n de m\u00faltiples rastrillajes.<br>Tras los operativos realizados,  en la ma\u00f1ana de este s\u00e1bado los efectivos procedieron al secuestro del rodado en una zona montuosa a la vera de Ruta Nacional N\u00ba 9 hacia el norte, en cercan\u00edas de un local bailable.<br>El fiscal interviniente, dispuso que se contin\u00fae con la investigaci\u00f3n hasta aprehender al autor del hecho il\u00edcito<\/p>\n","protected":false},"excerpt":{"rendered":"<p>Personal policial de la Comisaria Comunitaria N\u00ba 10, recuper\u00f3 una motocicleta que fue sustra\u00edda el pasado domingo desde el barrio Industria.<\/p>\n","protected":false},"author":2,"featured_media":35738,"comment_status":"open","ping_status":"open","sticky":false,"template":"","format":"standard","meta":{"om_disable_all_campaigns":false,"_monsterinsights_skip_tracking":false,"_monsterinsights_sitenote_active":false,"_monsterinsights_sitenote_note":"","_monsterinsights_sitenote_category":0,"_uf_show_specific_survey":0,"_uf_disable_surveys":false,"jetpack_post_was_ever_published":false,"_jetpack_newsletter_access":"","_jetpack_dont_email_post_to_subs":false,"_jetpack_newsletter_tier_id":0,"_jetpack_memberships_contains_paywalled_content":false,"_jetpack_memberships_contains_paid_content":false,"footnotes":"","jetpack_publicize_message":"","jetpack_publicize_feature_enabled":true,"jetpack_social_post_already_shared":false,"jetpack_social_options":{"image_generator_settings":{"template":"highway","default_image_id":0,"font":"","enabled":false},"version":2}},"categories":[21],"tags":[],"class_list":["post-35737","post","type-post","status-publish","format-standard","has-post-thumbnail","hentry","category-locales"],"aioseo_notices":[],"views":8,"jetpack_publicize_connections":[],"jetpack_featured_media_url":"https:\/\/i0.wp.com\/elterritorialweb.com.ar\/web\/wp-content\/uploads\/2022\/02\/POLICIA-MOTO-2.jpg?fit=1080%2C683&ssl=1","jetpack_sharing_enabled":true,"_links":{"self":[{"href":"https:\/\/elterritorialweb.com.ar\/web\/wp-json\/wp\/v2\/posts\/35737","targetHints":{"allow":["GET"]}}],"collection":[{"href":"https:\/\/elterritorialweb.com.ar\/web\/wp-json\/wp\/v2\/posts"}],"about":[{"href":"https:\/\/elterritorialweb.com.ar\/web\/wp-json\/wp\/v2\/types\/post"}],"author":[{"embeddable":true,"href":"https:\/\/elterritorialweb.com.ar\/web\/wp-json\/wp\/v2\/users\/2"}],"replies":[{"embeddable":true,"href":"https:\/\/elterritorialweb.com.ar\/web\/wp-json\/wp\/v2\/comments?post=35737"}],"version-history":[{"count":1,"href":"https:\/\/elterritorialweb.com.ar\/web\/wp-json\/wp\/v2\/posts\/35737\/revisions"}],"predecessor-version":[{"id":35739,"href":"https:\/\/elterritorialweb.com.ar\/web\/wp-json\/wp\/v2\/posts\/35737\/revisions\/35739"}],"wp:featuredmedia":[{"embeddable":true,"href":"https:\/\/elterritorialweb.com.ar\/web\/wp-json\/wp\/v2\/media\/35738"}],"wp:attachment":[{"href":"https:\/\/elterritorialweb.com.ar\/web\/wp-json\/wp\/v2\/media?parent=35737"}],"wp:term":[{"taxonomy":"category","embeddable":true,"href":"https:\/\/elterritorialweb.com.ar\/web\/wp-json\/wp\/v2\/categories?post=35737"},{"taxonomy":"post_tag","embeddable":true,"href":"https:\/\/elterritorialweb.com.ar\/web\/wp-json\/wp\/v2\/tags?post=35737"}],"curies":[{"name":"wp","href":"https:\/\/api.w.org\/{rel}","templated":true}]}}