{"id":36137,"date":"2022-03-04T10:46:25","date_gmt":"2022-03-04T10:46:25","guid":{"rendered":"http:\/\/elterritorialweb.com.ar\/web\/?p=36137"},"modified":"2022-03-04T10:51:55","modified_gmt":"2022-03-04T10:51:55","slug":"rusia-avanza-segun-lo-planeado-afirmo-putin","status":"publish","type":"post","link":"https:\/\/elterritorialweb.com.ar\/web\/rusia-avanza-segun-lo-planeado-afirmo-putin\/","title":{"rendered":"RUSIA AVANZA \u00abSEG\u00daN LO PLANEADO\u00bb AFIRM\u00d3 PUTIN"},"content":{"rendered":"\n<p>El presidente ruso, Vladimir Putin,\u00a0<strong>afirm\u00f3 que la invasi\u00f3n de Ucrania avanza \u00abseg\u00fan lo planeado\u00bb<\/strong>, en el octavo d\u00eda de operaciones marcado por conquistas en el sur del pa\u00eds y el establecimiento de un \u00abcorredor humanitario\u00bb, mientras Occidente alerta que \u00ablo peor est\u00e1 por venir\u00bb ante la continuidad de los bombardeos.<\/p>\n\n\n\n<figure class=\"wp-block-image size-full\"><a href=\"https:\/\/i0.wp.com\/elterritorialweb.com.ar\/web\/wp-content\/uploads\/2022\/02\/PUTIN.jpg\"><img data-recalc-dims=\"1\" decoding=\"async\" width=\"640\" height=\"340\" data-src=\"https:\/\/i0.wp.com\/elterritorialweb.com.ar\/web\/wp-content\/uploads\/2022\/02\/PUTIN.jpg?resize=640%2C340\" alt=\"\" class=\"wp-image-35724 lazyload\" data-srcset=\"https:\/\/i0.wp.com\/elterritorialweb.com.ar\/web\/wp-content\/uploads\/2022\/02\/PUTIN.jpg?w=700&amp;ssl=1 700w, https:\/\/i0.wp.com\/elterritorialweb.com.ar\/web\/wp-content\/uploads\/2022\/02\/PUTIN.jpg?resize=300%2C159&amp;ssl=1 300w\" data-sizes=\"(max-width: 640px) 100vw, 640px\" src=\"data:image\/svg+xml;base64,PHN2ZyB3aWR0aD0iMSIgaGVpZ2h0PSIxIiB4bWxucz0iaHR0cDovL3d3dy53My5vcmcvMjAwMC9zdmciPjwvc3ZnPg==\" style=\"--smush-placeholder-width: 640px; --smush-placeholder-aspect-ratio: 640\/340;\" \/><\/a><\/figure>\n\n\n\n<h3 class=\"wp-block-heading\">Octavo d\u00eda de combates<\/h3>\n\n\n\n<p>Tras la conquista de Jerson, la primera ciudad relevante tomada por los rusos y de importancia estrat\u00e9gica en el Mar Negro,&nbsp;<strong>las fuerzas parec\u00edan moverse para aislar a Ucrania del acceso al agua a trav\u00e9s de sus puertos clave del sur<\/strong>.<\/p>\n\n\n\n<p>En ese marco, fuertes combates continuaron en las m\u00e1rgenes de<strong>&nbsp;otra estrat\u00e9gica localidad portuaria, Mariupol, sobre el mar de Azov<\/strong>, donde gran parte de la poblaci\u00f3n segu\u00eda sin luz ni servicios telef\u00f3nicos. En las casas y comercios empezaban a escasear la comida y el agua, inform\u00f3 la cadena BBC.<\/p>\n\n\n\n<p>El alcalde Vadym Boichenko dijo que las tropas rusas quer\u00edan bloquear la ciudad de 440.000 habitantes, impidiendo las evacuaciones y el abastecimiento.<\/p>\n\n\n\n<figure class=\"wp-block-image size-large\"><a href=\"https:\/\/i0.wp.com\/elterritorialweb.com.ar\/web\/wp-content\/uploads\/2022\/03\/afp4-kOKF-1353x900%40abc.jpg\"><img data-recalc-dims=\"1\" decoding=\"async\" width=\"640\" height=\"426\" data-src=\"https:\/\/i0.wp.com\/elterritorialweb.com.ar\/web\/wp-content\/uploads\/2022\/03\/afp4-kOKF-1353x900%40abc.jpg?resize=640%2C426\" alt=\"\" class=\"wp-image-36141 lazyload\" data-srcset=\"https:\/\/i0.wp.com\/elterritorialweb.com.ar\/web\/wp-content\/uploads\/2022\/03\/afp4-kOKF-1353x900%40abc.jpg?resize=1024%2C681&amp;ssl=1 1024w, https:\/\/i0.wp.com\/elterritorialweb.com.ar\/web\/wp-content\/uploads\/2022\/03\/afp4-kOKF-1353x900%40abc.jpg?resize=300%2C200&amp;ssl=1 300w, https:\/\/i0.wp.com\/elterritorialweb.com.ar\/web\/wp-content\/uploads\/2022\/03\/afp4-kOKF-1353x900%40abc.jpg?resize=768%2C511&amp;ssl=1 768w, https:\/\/i0.wp.com\/elterritorialweb.com.ar\/web\/wp-content\/uploads\/2022\/03\/afp4-kOKF-1353x900%40abc.jpg?w=1353&amp;ssl=1 1353w, https:\/\/i0.wp.com\/elterritorialweb.com.ar\/web\/wp-content\/uploads\/2022\/03\/afp4-kOKF-1353x900%40abc.jpg?w=1280 1280w\" data-sizes=\"(max-width: 640px) 100vw, 640px\" src=\"data:image\/svg+xml;base64,PHN2ZyB3aWR0aD0iMSIgaGVpZ2h0PSIxIiB4bWxucz0iaHR0cDovL3d3dy53My5vcmcvMjAwMC9zdmciPjwvc3ZnPg==\" style=\"--smush-placeholder-width: 640px; --smush-placeholder-aspect-ratio: 640\/426;\" \/><\/a><\/figure>\n\n\n\n<p>\u00abDestruyeron todos los puentes, destruyeron los trenes para impedir que salgan nuestras mujeres, ni\u00f1os, ancianos. Nos impiden abastecernos\u00bb, declar\u00f3, y dijo que hab\u00eda ataques constantes desde todos los frentes.<\/p>\n\n\n\n<p>Varias explosiones se oyeron tambi\u00e9n en Kiev, con informaciones encontradas sobre la enorme columna de artiller\u00eda que desde hace d\u00edas se dirige hacia la capital.<\/p>\n\n\n\n<p>Un funcionario de defensa de EEUU sugiri\u00f3 que el convoy parec\u00eda haberse \u00abestancado\u00bb, pero tambi\u00e9n se especul\u00f3 que podr\u00edan estar reagrup\u00e1ndose y esperando suministros log\u00edsticos antes de un asalto a la urbe.<\/p>\n\n\n\n<p>Adem\u00e1s de Jerson, las tropas rusas se hicieron ya con otro puerto importante del pa\u00eds, Berdiansk.<\/p>\n\n\n\n<p>Otro punto caliente del conflicto es Jarkov, la segunda ciudad m\u00e1s poblada del pa\u00eds con 1,4 millones de habitantes, escenario de fuertes bombardeos y de combates tras el aterrizaje de tropas aerotransportadas rusas.<\/p>\n\n\n\n<p>Autoridades locales tambi\u00e9n denunciaron ataques a\u00e9reos en la cercana ciudad de Izium que mataron a ocho personas, incluidos dos ni\u00f1os y, en el norte de Ucrania, los servicios de emergencia de la ciudad de Chernigov informaron de la muerte de al menos 33 personas en un bombardeo contra \u00e1reas residenciales, incluyendo colegios.<\/p>\n\n\n\n<figure class=\"wp-block-image size-large\"><a href=\"https:\/\/i0.wp.com\/elterritorialweb.com.ar\/web\/wp-content\/uploads\/2022\/03\/afp-kugE-1351x900%40abc.jpg\"><img data-recalc-dims=\"1\" decoding=\"async\" width=\"640\" height=\"426\" data-src=\"https:\/\/i0.wp.com\/elterritorialweb.com.ar\/web\/wp-content\/uploads\/2022\/03\/afp-kugE-1351x900%40abc.jpg?resize=640%2C426\" alt=\"\" class=\"wp-image-36142 lazyload\" data-srcset=\"https:\/\/i0.wp.com\/elterritorialweb.com.ar\/web\/wp-content\/uploads\/2022\/03\/afp-kugE-1351x900%40abc.jpg?resize=1024%2C682&amp;ssl=1 1024w, https:\/\/i0.wp.com\/elterritorialweb.com.ar\/web\/wp-content\/uploads\/2022\/03\/afp-kugE-1351x900%40abc.jpg?resize=300%2C200&amp;ssl=1 300w, https:\/\/i0.wp.com\/elterritorialweb.com.ar\/web\/wp-content\/uploads\/2022\/03\/afp-kugE-1351x900%40abc.jpg?resize=768%2C512&amp;ssl=1 768w, https:\/\/i0.wp.com\/elterritorialweb.com.ar\/web\/wp-content\/uploads\/2022\/03\/afp-kugE-1351x900%40abc.jpg?w=1351&amp;ssl=1 1351w, https:\/\/i0.wp.com\/elterritorialweb.com.ar\/web\/wp-content\/uploads\/2022\/03\/afp-kugE-1351x900%40abc.jpg?w=1280 1280w\" data-sizes=\"(max-width: 640px) 100vw, 640px\" src=\"data:image\/svg+xml;base64,PHN2ZyB3aWR0aD0iMSIgaGVpZ2h0PSIxIiB4bWxucz0iaHR0cDovL3d3dy53My5vcmcvMjAwMC9zdmciPjwvc3ZnPg==\" style=\"--smush-placeholder-width: 640px; --smush-placeholder-aspect-ratio: 640\/426;\" \/><\/a><\/figure>\n\n\n\n<p>\u00abLa operaci\u00f3n militar especial avanza conforme al calendario previsto, seg\u00fan lo planeado\u00bb, dijo Putin al abrir una reuni\u00f3n del Consejo ruso de Seguridad, agregando que sus tropas combaten contra \u00ablos neonazis\u00bb y que \u00abrusos y ucranianos son un solo pueblo\u00bb.<\/p>\n\n\n\n<p>En una conversaci\u00f3n previa con su par franc\u00e9s, Emmanuel Macron, Putin prometi\u00f3 continuar \u00absin concesiones\u00bb su ofensiva.<\/p>\n\n\n\n<h3 class=\"wp-block-heading\">La advertencia de Occidente<\/h3>\n\n\n\n<p>Tras esa conversaci\u00f3n,&nbsp;<strong>Macron lleg\u00f3 a la conclusi\u00f3n de que \u00ablo peor est\u00e1 por venir\u00bb en el conflicto, inform\u00f3 la Presidencia francesa<\/strong>.<\/p>\n\n\n\n<p>Ante este panorama, el mandatario ucraniano, Volodimir Zelenski, pidi\u00f3 un mayor apoyo de las potencias occidentales y advirti\u00f3 que si su pa\u00eds es derrotado, Rusia no vacilar\u00e1 en atacar a los pa\u00edses b\u00e1lticos y el resto de Europa.<\/p>\n\n\n\n<p>Reclam\u00f3 en particular que los pa\u00edses occidentales \u00abcierren el cielo\u00bb ucraniano a los aviones rusos o le entreguen aviones a Ucrania.<\/p>\n\n\n\n<p>Hasta ahora, los pa\u00edses occidentales entregaron armas a Ucrania, pero centraron su respuesta en una bater\u00eda de sanciones para aislar a Rusia diplom\u00e1tica, econ\u00f3mica, cultural y deportivamente.<\/p>\n","protected":false},"excerpt":{"rendered":"<p>Tras la conquista de Jerson, la primera ciudad relevante tomada por los rusos y de importancia estrat\u00e9gica en el Mar Negro, las fuerzas parec\u00edan moverse para aislar a Ucrania del acceso al agua a trav\u00e9s de sus puertos clave del sur. Se fij\u00f3 el establecimiento de un \u00abcorredor humanitario\u00bb.<\/p>\n","protected":false},"author":2,"featured_media":36138,"comment_status":"open","ping_status":"open","sticky":false,"template":"","format":"standard","meta":{"om_disable_all_campaigns":false,"_monsterinsights_skip_tracking":false,"_monsterinsights_sitenote_active":false,"_monsterinsights_sitenote_note":"","_monsterinsights_sitenote_category":0,"_uf_show_specific_survey":0,"_uf_disable_surveys":false,"jetpack_post_was_ever_published":false,"_jetpack_newsletter_access":"","_jetpack_dont_email_post_to_subs":false,"_jetpack_newsletter_tier_id":0,"_jetpack_memberships_contains_paywalled_content":false,"_jetpack_memberships_contains_paid_content":false,"footnotes":"","jetpack_publicize_message":"","jetpack_publicize_feature_enabled":true,"jetpack_social_post_already_shared":false,"jetpack_social_options":{"image_generator_settings":{"template":"highway","default_image_id":0,"font":"","enabled":false},"version":2}},"categories":[10],"tags":[],"class_list":["post-36137","post","type-post","status-publish","format-standard","has-post-thumbnail","hentry","category-internacionales"],"aioseo_notices":[],"views":10,"jetpack_publicize_connections":[],"jetpack_featured_media_url":"https:\/\/i0.wp.com\/elterritorialweb.com.ar\/web\/wp-content\/uploads\/2022\/03\/622131d727537_905_510.png?fit=905%2C510&ssl=1","jetpack_sharing_enabled":true,"_links":{"self":[{"href":"https:\/\/elterritorialweb.com.ar\/web\/wp-json\/wp\/v2\/posts\/36137","targetHints":{"allow":["GET"]}}],"collection":[{"href":"https:\/\/elterritorialweb.com.ar\/web\/wp-json\/wp\/v2\/posts"}],"about":[{"href":"https:\/\/elterritorialweb.com.ar\/web\/wp-json\/wp\/v2\/types\/post"}],"author":[{"embeddable":true,"href":"https:\/\/elterritorialweb.com.ar\/web\/wp-json\/wp\/v2\/users\/2"}],"replies":[{"embeddable":true,"href":"https:\/\/elterritorialweb.com.ar\/web\/wp-json\/wp\/v2\/comments?post=36137"}],"version-history":[{"count":2,"href":"https:\/\/elterritorialweb.com.ar\/web\/wp-json\/wp\/v2\/posts\/36137\/revisions"}],"predecessor-version":[{"id":36143,"href":"https:\/\/elterritorialweb.com.ar\/web\/wp-json\/wp\/v2\/posts\/36137\/revisions\/36143"}],"wp:featuredmedia":[{"embeddable":true,"href":"https:\/\/elterritorialweb.com.ar\/web\/wp-json\/wp\/v2\/media\/36138"}],"wp:attachment":[{"href":"https:\/\/elterritorialweb.com.ar\/web\/wp-json\/wp\/v2\/media?parent=36137"}],"wp:term":[{"taxonomy":"category","embeddable":true,"href":"https:\/\/elterritorialweb.com.ar\/web\/wp-json\/wp\/v2\/categories?post=36137"},{"taxonomy":"post_tag","embeddable":true,"href":"https:\/\/elterritorialweb.com.ar\/web\/wp-json\/wp\/v2\/tags?post=36137"}],"curies":[{"name":"wp","href":"https:\/\/api.w.org\/{rel}","templated":true}]}}