{"id":36149,"date":"2022-03-04T18:44:27","date_gmt":"2022-03-04T18:44:27","guid":{"rendered":"http:\/\/elterritorialweb.com.ar\/web\/?p=36149"},"modified":"2022-03-04T18:44:28","modified_gmt":"2022-03-04T18:44:28","slug":"el-acuerdo-con-fmi-ingreso-a-la-camara-de-diputados-para-ser-debatido","status":"publish","type":"post","link":"https:\/\/elterritorialweb.com.ar\/web\/el-acuerdo-con-fmi-ingreso-a-la-camara-de-diputados-para-ser-debatido\/","title":{"rendered":"EL ACUERDO CON FMI INGRES\u00d3 A LA C\u00c1MARA DE DIPUTADOS PARA SER DEBATIDO"},"content":{"rendered":"\n<p>El acuerdo entre la Argentina y el Fondo Monetario Internacional (FMI) ingres\u00f3 esta tarde a la C\u00e1mara de Diputados y\u00a0el lunes comenzar\u00e1 a ser debatido en la Comisi\u00f3n de Presupuesto de la C\u00e1mara baja, con la presencia del ministro de Econom\u00eda, Mart\u00edn Guzm\u00e1n, y otros funcionarios del Poder Ejecutivo.<\/p>\n\n\n\n<p>Se trata de la primera vez que un acuerdo con el FMI es enviado al Congreso de la Naci\u00f3n para su aprobaci\u00f3n.<\/p>\n\n\n\n<p><strong>El env\u00edo consta de cuatro documentos<\/strong>: el proyecto de ley con cuatro art\u00edculos, el mensaje del Poder Ejecutivo firmado por el presidente Alberto Fern\u00e1ndez y dos adjuntos.<\/p>\n\n\n\n<p>Se trata del Programa de Facilidades Extendidas a efectos de refinanciar la deuda existente entre la Argentina y el FMI, conformado por el \u201cMemorando\u00a0de Pol\u00edticas Econ\u00f3micas y Financieras\u201d y el \u201cMemorando T\u00e9cnico de Entendimiento\u201d, as\u00ed como los anexos correspondientes.<\/p>\n\n\n\n<figure class=\"wp-block-embed is-type-rich is-provider-scribd wp-block-embed-scribd wp-embed-aspect-9-16 wp-has-aspect-ratio\"><div class=\"wp-block-embed__wrapper\">\n<iframe title=\"El proyecto de ley sobre el acuerdo con el FMI\" class=\"scribd_iframe_embed lazyload\" data-src=\"https:\/\/www.scribd.com\/embeds\/562638978\/content\" data-aspect-ratio=\"0.7068965517241379\" scrolling=\"no\" id=\"562638978\" width=\"640\" height=\"960\" frameborder=\"0\" src=\"data:image\/svg+xml;base64,PHN2ZyB3aWR0aD0iMSIgaGVpZ2h0PSIxIiB4bWxucz0iaHR0cDovL3d3dy53My5vcmcvMjAwMC9zdmciPjwvc3ZnPg==\" data-load-mode=\"1\"><\/iframe><script type=\"text\/javascript\">          (function() { var scribd = document.createElement(\"script\"); scribd.type = \"text\/javascript\"; scribd.async = true; scribd.src = \"https:\/\/www.scribd.com\/javascripts\/embed_code\/inject.js\"; var s = document.getElementsByTagName(\"script\")[0]; s.parentNode.insertBefore(scribd, s); })()        <\/script>\n<\/div><\/figure>\n\n\n\n<h3 class=\"wp-block-heading\">Los detalles<\/h3>\n\n\n\n<p>Seg\u00fan se precis\u00f3 este viernes, el nuevo programa -llamado de Facilidades Extendidas- tiene una duraci\u00f3n de 2 a\u00f1os y medio en cuanto a los compromisos asumidos, y&nbsp;<strong>es una refinanciaci\u00f3n de la deuda tomada durante la gesti\u00f3n de Macri.<\/strong><\/p>\n\n\n\n<p><strong>El acuerdo tendr\u00e1 10 revisiones y ser\u00e1n trimestrales con desembolsos<\/strong>, en tanto que el pago de los mismos ser\u00e1 entre 2026 y 2034, ganando 4 a\u00f1os y medio \u00absin sacrificar\u00bb dinero de la Argentina para pagar deuda en estos dos a\u00f1os y medio, destacaron fuentes oficiales.<\/p>\n\n\n\n<p>\u00abSe han tomado las mejores opciones disponibles dentro de las limitadas herramientas previstas en el portafolio de programas del FMI, de modo que se evite que la Argentina incurra en atrasos con el organismo, lo que generar\u00eda un da\u00f1o inconmensurable a la recuperaci\u00f3n del pa\u00eds post crisis econ\u00f3mica y en el marco de la pandemia en la que a\u00fan estamos inmersos\u00bb, asever\u00f3 el Ejecutivo en los fundamentos.<\/p>\n\n\n\n<figure class=\"wp-block-embed is-type-video is-provider-youtube wp-block-embed-youtube wp-embed-aspect-16-9 wp-has-aspect-ratio\"><div class=\"wp-block-embed__wrapper\">\n<iframe title=\"Acuerdo con FMI: Massa ratific\u00f3 cronograma que se inicia el lunes y pidi\u00f3 &quot;responsabilidad&quot;\" width=\"640\" height=\"360\" data-src=\"https:\/\/www.youtube.com\/embed\/m8uARK3yoyA?start=3&#038;feature=oembed\" frameborder=\"0\" allow=\"accelerometer; autoplay; clipboard-write; encrypted-media; gyroscope; picture-in-picture; web-share\" referrerpolicy=\"strict-origin-when-cross-origin\" allowfullscreen src=\"data:image\/svg+xml;base64,PHN2ZyB3aWR0aD0iMSIgaGVpZ2h0PSIxIiB4bWxucz0iaHR0cDovL3d3dy53My5vcmcvMjAwMC9zdmciPjwvc3ZnPg==\" class=\"lazyload\" data-load-mode=\"1\"><\/iframe>\n<\/div><\/figure>\n\n\n\n<h2 class=\"wp-block-heading\">\u00abResponsabilidad institucional\u00bb<\/h2>\n\n\n\n<p>El gobierno nacional le pidi\u00f3 a los legisladores \u00abresponsabilidad institucional\u00bb en el tratamiento del acuerdo con el Fondo Monetario Internacional (FMI),&nbsp;<strong>en el mensaje que acompa\u00f1a el proyecto de ley enviado al Congreso<\/strong>, con el entendimiento firmado con el organismo internacional.<\/p>\n\n\n\n<p>\u00abApelando a la responsabilidad institucional de cada uno y cada una de los diputados y las diputadas, de los senadores y las senadoras,<strong>&nbsp;se solicita el tratamiento urgente de este proyecto&nbsp;<\/strong>de Ley por el cual se aprueba el Programa de Facilidades Extendidas a efectos de refinanciar la deuda existente entre la Rep\u00fablica Argentina y el Fondo Monetario Internacional\u00bb, dice el mensaje enviado al Congreso.<\/p>\n\n\n\n<p>El documento lleva la firma del presidente Alberto Fern\u00e1ndez; el jefe de Gabinete, Juan Manzur y el ministro de Econom\u00eda, Mart\u00edn Guzm\u00e1n.<\/p>\n\n\n\n<figure class=\"wp-block-embed is-type-rich is-provider-scribd wp-block-embed-scribd wp-embed-aspect-9-16 wp-has-aspect-ratio\"><div class=\"wp-block-embed__wrapper\">\n<iframe title=\"El mensaje que acompa\u00f1a el proyecto\" class=\"scribd_iframe_embed lazyload\" data-src=\"https:\/\/www.scribd.com\/embeds\/562638769\/content\" data-aspect-ratio=\"0.7068965517241379\" scrolling=\"no\" id=\"562638769\" width=\"640\" height=\"960\" frameborder=\"0\" src=\"data:image\/svg+xml;base64,PHN2ZyB3aWR0aD0iMSIgaGVpZ2h0PSIxIiB4bWxucz0iaHR0cDovL3d3dy53My5vcmcvMjAwMC9zdmciPjwvc3ZnPg==\" data-load-mode=\"1\"><\/iframe><script type=\"text\/javascript\">          (function() { var scribd = document.createElement(\"script\"); scribd.type = \"text\/javascript\"; scribd.async = true; scribd.src = \"https:\/\/www.scribd.com\/javascripts\/embed_code\/inject.js\"; var s = document.getElementsByTagName(\"script\")[0]; s.parentNode.insertBefore(scribd, s); })()        <\/script>\n<\/div><\/figure>\n\n\n\n<h3 class=\"wp-block-heading\">Las claves del acuerdo<\/h3>\n\n\n\n<p>El gobierno nacional dio a conocer las claves principales del acuerdo, al que consider\u00f3 \u00abla \u00fanica forma de hacer frente a los compromisos asumidos\u00bb por la gesti\u00f3n del ex presidente Mauricio Macri, que dej\u00f3 como herencia lo que caracteriz\u00f3 como \u00abvencimientos brutales\u00bb.<\/p>\n\n\n\n<p>\u00abLe pedimos plata al Fondo para pagarle al Fondo los vencimientos de aquel pr\u00e9stamo y as\u00ed mejorar el perfil de vencimientos netos con respecto al insostenible que nos dej\u00f3 Juntos por el Cambio y que la Argentina pueda seguir creciendo\u00bb, se\u00f1al\u00f3 el Ejecutivo.<\/p>\n\n\n\n<p>El programa de Facilidades Extendidas que \u00abreemplaza el fallido Stand By de 2018\u00bb,&nbsp;<strong>tiene una duraci\u00f3n de 2 a\u00f1os y medio y tendr\u00e1 10 revisiones trimestrales.<\/strong><\/p>\n\n\n\n<p>De esta forma, se\u00f1al\u00f3 Econom\u00eda, se ganan \u00abcuatro a\u00f1os y medio sin sacrificar dinero de la Argentina para pagar deuda en estos dos a\u00f1os y medio\u00bb<\/p>\n\n\n\n<p><strong>El primer desembolso del FMI ser\u00e1 de US$ 9.800 millones.<\/strong><\/p>\n\n\n\n<p>\u00abEste acuerdo es la \u00fanica forma de hacer frente a los compromisos asumidos con el FMI por la administraci\u00f3n anterior (dado que el FMI no acepta reestructuraciones de deuda)\u00bb, puntualiz\u00f3, al tiempo que precis\u00f3 que, \u00absin el nuevo programa, la Argentina no podr\u00eda hacer frente a los vencimientos brutales que acord\u00f3 Juntos por el Cambio en el programa Stand By\u00bb de cerca de US$ 19.000 millones en 2022 y US$ 23.000 millones en 2023.<\/p>\n\n\n\n<p>Asimismo,&nbsp;<strong>se reiter\u00f3 el car\u00e1cter \u00abinusual\u00bb del programa, que se logr\u00f3 \u00absin pol\u00edticas de ajuste y con incremento del gasto real&nbsp;<\/strong>en todos los a\u00f1os\u00bb.<\/p>\n\n\n\n<p>En consecuencia, el acuerdo \u00abpermite un camino transitable para nuestro pa\u00eds con mayor previsibilidad, certezas y visi\u00f3n de futuro\u00bb, aseguraron en el Gobierno.<\/p>\n\n\n\n<h4 class=\"wp-block-heading\">MASSA RATIFIC\u00d3 EL CRONOGRAMA, QUE SE INICIA EL LUNES<\/h4>\n\n\n\n<p>El presidente de la C\u00e1mara de Diputados, Sergio Massa, ratific\u00f3 el cronograma que se llevar\u00e1 a cabo desde el lunes para debatir en comisi\u00f3n el acuerdo con el Fondo Monetario Internacional, que se desarrollar\u00e1 con la presencia de funcionarios, sindicalistas y gobernadores; y pidi\u00f3 \u00abresponsabilidad\u00bb a todos los sectores involucrados en la discusi\u00f3n.<br><br>\u00abSe le va a dar ingreso al proyecto de ley que pone a tratamiento el acuerdo al que Argentina ha llegado con el Fondo Monetario Internacional. El d\u00eda lunes el jefe de Gabinete (Juan Manzur) y el ministro de Econom\u00eda (Mart\u00edn Guzm\u00e1n), el presidente del Banco Central (Miguel \u00c1ngel Pesce), el secretario de Hacienda (Ra\u00fal Rigo) y algunos funcionarios m\u00e1s del equipo econ\u00f3mico, van a estar rindiendo cuentas en el Congreso a la Comisi\u00f3n de Presupuesto de la C\u00e1mara de Diputados\u00bb, indic\u00f3 Massa durante una actividad en la provincia de Tucum\u00e1n.<br><br>En tanto, para el d\u00eda martes \u00abvan a ser invitados las organizaciones de la sociedad civil, la CGT, la CTA, las c\u00e1maras empresarias y los gobernadores para que expresen su posici\u00f3n sobre el apoyo o no que puedan plantear para el acuerdo de la Argentina con el FMI\u00bb, precis\u00f3 Massa.<br><br>Finalmente, \u00abel d\u00eda mi\u00e9rcoles vamos a estar iniciando el debate libre y vamos a intentar construir la mayor cantidad de consenso posible para darle al gobierno y a la Argentina\u00bb.<br><br>Massa record\u00f3 que \u00abesta no es una deuda del presidente Alberto Fern\u00e1ndez\u00bb, sino que \u00abes una deuda de la Argentina y los gobiernos somos circunstancias en la historia de los pa\u00edses\u00bb.<br><br>\u00abCreemos que de la mejor manera y con la mayor responsabilidad vamos a resolver el problema y tratar de buscar una soluci\u00f3n\u00bb, afirm\u00f3.<br><br>\u00abApelamos a la responsabilidad de todos, a la seriedad en el debate, a la b\u00fasqueda de una soluci\u00f3n para la Argentina y no de una peque\u00f1a diferencia pol\u00edtica para tratar de posicionarse mejor o peor frente al electorado\u00bb, marc\u00f3.<br><br>Adem\u00e1s, se\u00f1al\u00f3 que la deuda con el FMI es un tema \u00abque trasciende incluso a nuestra generaci\u00f3n, porque las deudas que asume la Argentina muchas veces son deudas a 10 o 20 a\u00f1os\u00bb.<br><br>En l\u00ednea con eso, llam\u00f3 a tener \u00abuna mirada responsable en el mediano y largo plazo para empezar a recorrer un camino clave: equilibrio fiscal, super\u00e1vit comercial, tipo de cambio competitivo, y acumulaci\u00f3n de reservas, que son todas herramientas que nos permiten llevar adelante las de inversiones como las que venimos a anunciar hoy en Tucum\u00e1n\u00bb.<\/p>\n","protected":false},"excerpt":{"rendered":"<p>El texto comenzar\u00e1 a ser debatido a partir del lunes a las 14 en la Comisi\u00f3n de Presupuesto de la C\u00e1mara baja, con la presencia de Guzm\u00e1n. En el mensaje que acompa\u00f1a el proyecto, el Gobierno pidi\u00f3 a los legisladores \u00abresponsabilidad institucional\u00bb en el tratamiento.<\/p>\n","protected":false},"author":2,"featured_media":36150,"comment_status":"open","ping_status":"open","sticky":false,"template":"","format":"standard","meta":{"om_disable_all_campaigns":false,"_monsterinsights_skip_tracking":false,"_monsterinsights_sitenote_active":false,"_monsterinsights_sitenote_note":"","_monsterinsights_sitenote_category":0,"_uf_show_specific_survey":0,"_uf_disable_surveys":false,"jetpack_post_was_ever_published":false,"_jetpack_newsletter_access":"","_jetpack_dont_email_post_to_subs":false,"_jetpack_newsletter_tier_id":0,"_jetpack_memberships_contains_paywalled_content":false,"_jetpack_memberships_contains_paid_content":false,"footnotes":"","jetpack_publicize_message":"","jetpack_publicize_feature_enabled":true,"jetpack_social_post_already_shared":false,"jetpack_social_options":{"image_generator_settings":{"template":"highway","default_image_id":0,"font":"","enabled":false},"version":2}},"categories":[18],"tags":[],"class_list":["post-36149","post","type-post","status-publish","format-standard","has-post-thumbnail","hentry","category-politica"],"aioseo_notices":[],"views":7,"jetpack_publicize_connections":[],"jetpack_featured_media_url":"https:\/\/i0.wp.com\/elterritorialweb.com.ar\/web\/wp-content\/uploads\/2022\/03\/CAMARA-DE-DIPUTADOS-1.jpg?fit=641%2C363&ssl=1","jetpack_sharing_enabled":true,"_links":{"self":[{"href":"https:\/\/elterritorialweb.com.ar\/web\/wp-json\/wp\/v2\/posts\/36149","targetHints":{"allow":["GET"]}}],"collection":[{"href":"https:\/\/elterritorialweb.com.ar\/web\/wp-json\/wp\/v2\/posts"}],"about":[{"href":"https:\/\/elterritorialweb.com.ar\/web\/wp-json\/wp\/v2\/types\/post"}],"author":[{"embeddable":true,"href":"https:\/\/elterritorialweb.com.ar\/web\/wp-json\/wp\/v2\/users\/2"}],"replies":[{"embeddable":true,"href":"https:\/\/elterritorialweb.com.ar\/web\/wp-json\/wp\/v2\/comments?post=36149"}],"version-history":[{"count":1,"href":"https:\/\/elterritorialweb.com.ar\/web\/wp-json\/wp\/v2\/posts\/36149\/revisions"}],"predecessor-version":[{"id":36151,"href":"https:\/\/elterritorialweb.com.ar\/web\/wp-json\/wp\/v2\/posts\/36149\/revisions\/36151"}],"wp:featuredmedia":[{"embeddable":true,"href":"https:\/\/elterritorialweb.com.ar\/web\/wp-json\/wp\/v2\/media\/36150"}],"wp:attachment":[{"href":"https:\/\/elterritorialweb.com.ar\/web\/wp-json\/wp\/v2\/media?parent=36149"}],"wp:term":[{"taxonomy":"category","embeddable":true,"href":"https:\/\/elterritorialweb.com.ar\/web\/wp-json\/wp\/v2\/categories?post=36149"},{"taxonomy":"post_tag","embeddable":true,"href":"https:\/\/elterritorialweb.com.ar\/web\/wp-json\/wp\/v2\/tags?post=36149"}],"curies":[{"name":"wp","href":"https:\/\/api.w.org\/{rel}","templated":true}]}}