{"id":36152,"date":"2022-03-04T18:59:07","date_gmt":"2022-03-04T18:59:07","guid":{"rendered":"http:\/\/elterritorialweb.com.ar\/web\/?p=36152"},"modified":"2022-03-04T19:00:33","modified_gmt":"2022-03-04T19:00:33","slug":"coronavirus-en-santiago-se-confirmaron-21-casos-positivos-en-la-provincia-3","status":"publish","type":"post","link":"https:\/\/elterritorialweb.com.ar\/web\/coronavirus-en-santiago-se-confirmaron-21-casos-positivos-en-la-provincia-3\/","title":{"rendered":"CORONAVIRUS EN SANTIAGO: SE CONFIRMARON 21 CASOS POSITIVOS EN LA PROVINCIA"},"content":{"rendered":"\n<p>Se recuperaron cuarenta y seis (46) casos, por lo que son ciento doce mil setenta y siete (112.077) casos recuperados en la provincia.<\/p>\n\n\n\n<p>No se notificaron personas fallecidas con diagn\u00f3stico de COVID-19 activo en la provincia. <\/p>\n\n\n\n<p>Hay un total de mil ciento noventa y ocho (1.198) personas positivas fallecidas en la provincia. <\/p>\n\n\n\n<p>Se procesaron un total de mil cuatrocientas cincuenta y cuatro (1454) muestras.<\/p>\n\n\n\n<p><strong>Se confirmaron veinti\u00fan ( 21 ) casos positivos de COVID -19 en la provincia, Capital-Banda (19) e interior de la provincia (2) A\u00f1atuya 1; Pozo Hondo 1.<\/strong><\/p>\n\n\n\n<p>Permanecen activos quinientos veintisiete (527) casos en la provincia.<\/p>\n\n\n\n<p>El total de casos positivos acumulados es de ciento diecis\u00e9is mil ciento treinta y siete (116.137)<\/p>\n\n\n\n<p>Se descartaron mil cuatrocientos treinta y tres (1.433) casos el d\u00eda de hoy, por lo que hay trescientos setenta y tres mil ochocientos setenta y cinco (373.875) casos descartados a la fecha.<\/p>\n\n\n\n<p><strong>Importante<\/strong>: La diferencia de casos acumulados, y difundidos en el informe nacional, obedece a diferentes horarios de carga, y a santiague\u00f1os que residen en otras provincias pero que no tienen realizado el cambio de domicilio legal en su DNI. Se ha solicitado el correspondiente pedido de reclasificaci\u00f3n de los casos excedentes cargados para nuestra provincia.<\/p>\n\n\n\n<p>TODAS las personas notificadas como positivas de COVID y sus contactos estrechos convivientes, que cuentan con su esquema completo de vacunaci\u00f3n para COVID, DEBEN realizar AISLAMIENTO SANITARIO OBLIGATORIO de 7 d\u00edas.<\/p>\n\n\n\n<p>TODAS las personas que son contactos estrechos NO convivientes, que cuentan con su esquema completo de vacunaci\u00f3n para COVID, DEBEN realizar AISLAMIENTO SANITARIO OBLIGATORIO de 5 d\u00edas.<\/p>\n\n\n\n<p>TODAS las personas notificadas como positivo de COVID y los contactos estrechos que NO est\u00e9n vacunados o tengan su esquema incompleto de vacuna contra COVID, DEBEN realizar AISLAMIENTO SANITARIO OBLIGATORIO de 10 d\u00edas.<\/p>\n\n\n\n<p>Durante el aislamiento sanitario las personas no pueden salir de su hogar ni recibir visitas y deben cumplir con las medidas de prevenci\u00f3n indicadas por las autoridades sanitarias.<\/p>\n\n\n\n<p>Ante la presencia de fiebre mayor o igual a 37,5 \u00b0 y s\u00edntomas respiratorios como tos, dolor de garganta, dificultad para respirar, adem\u00e1s de falta de gusto y olfato de reciente aparici\u00f3n, y tambi\u00e9n cefalea, diarrea y \/ o v\u00f3mitos o al haber estado en contacto con un caso confirmado, se insta a la poblaci\u00f3n a que haga un contacto de inmediato con el sistema de salud contact\u00e1ndose con su centro de salud m\u00e1s cercano o comunic\u00e1ndose al 107 y evite el contacto social<\/p>\n\n\n\n<p>Tambi\u00e9n se recuerda que se realiza el hisopado a las personas con s\u00edntomas compatibles de COVID-19<\/p>\n","protected":false},"excerpt":{"rendered":"<p>Informe del Ministerio de Salud de la provincia de Santiago del Estero.<\/p>\n","protected":false},"author":2,"featured_media":36154,"comment_status":"open","ping_status":"open","sticky":false,"template":"","format":"standard","meta":{"om_disable_all_campaigns":false,"_monsterinsights_skip_tracking":false,"_monsterinsights_sitenote_active":false,"_monsterinsights_sitenote_note":"","_monsterinsights_sitenote_category":0,"_uf_show_specific_survey":0,"_uf_disable_surveys":false,"jetpack_post_was_ever_published":false,"_jetpack_newsletter_access":"","_jetpack_dont_email_post_to_subs":false,"_jetpack_newsletter_tier_id":0,"_jetpack_memberships_contains_paywalled_content":false,"_jetpack_memberships_contains_paid_content":false,"footnotes":"","jetpack_publicize_message":"","jetpack_publicize_feature_enabled":true,"jetpack_social_post_already_shared":false,"jetpack_social_options":{"image_generator_settings":{"template":"highway","default_image_id":0,"font":"","enabled":false},"version":2}},"categories":[3],"tags":[],"class_list":["post-36152","post","type-post","status-publish","format-standard","has-post-thumbnail","hentry","category-salud"],"aioseo_notices":[],"views":9,"jetpack_publicize_connections":[],"jetpack_featured_media_url":"https:\/\/i0.wp.com\/elterritorialweb.com.ar\/web\/wp-content\/uploads\/2022\/03\/IMG_20220209_101110_4572-scaled.jpg?fit=2560%2C2133&ssl=1","jetpack_sharing_enabled":true,"_links":{"self":[{"href":"https:\/\/elterritorialweb.com.ar\/web\/wp-json\/wp\/v2\/posts\/36152","targetHints":{"allow":["GET"]}}],"collection":[{"href":"https:\/\/elterritorialweb.com.ar\/web\/wp-json\/wp\/v2\/posts"}],"about":[{"href":"https:\/\/elterritorialweb.com.ar\/web\/wp-json\/wp\/v2\/types\/post"}],"author":[{"embeddable":true,"href":"https:\/\/elterritorialweb.com.ar\/web\/wp-json\/wp\/v2\/users\/2"}],"replies":[{"embeddable":true,"href":"https:\/\/elterritorialweb.com.ar\/web\/wp-json\/wp\/v2\/comments?post=36152"}],"version-history":[{"count":2,"href":"https:\/\/elterritorialweb.com.ar\/web\/wp-json\/wp\/v2\/posts\/36152\/revisions"}],"predecessor-version":[{"id":36156,"href":"https:\/\/elterritorialweb.com.ar\/web\/wp-json\/wp\/v2\/posts\/36152\/revisions\/36156"}],"wp:featuredmedia":[{"embeddable":true,"href":"https:\/\/elterritorialweb.com.ar\/web\/wp-json\/wp\/v2\/media\/36154"}],"wp:attachment":[{"href":"https:\/\/elterritorialweb.com.ar\/web\/wp-json\/wp\/v2\/media?parent=36152"}],"wp:term":[{"taxonomy":"category","embeddable":true,"href":"https:\/\/elterritorialweb.com.ar\/web\/wp-json\/wp\/v2\/categories?post=36152"},{"taxonomy":"post_tag","embeddable":true,"href":"https:\/\/elterritorialweb.com.ar\/web\/wp-json\/wp\/v2\/tags?post=36152"}],"curies":[{"name":"wp","href":"https:\/\/api.w.org\/{rel}","templated":true}]}}