{"id":36160,"date":"2022-03-04T20:31:01","date_gmt":"2022-03-04T20:31:01","guid":{"rendered":"http:\/\/elterritorialweb.com.ar\/web\/?p=36160"},"modified":"2022-03-04T20:31:02","modified_gmt":"2022-03-04T20:31:02","slug":"mirolo-recibio-a-autoridades-nacionales-y-maquinaria-para-trabajar-por-el-medio-ambiente","status":"publish","type":"post","link":"https:\/\/elterritorialweb.com.ar\/web\/mirolo-recibio-a-autoridades-nacionales-y-maquinaria-para-trabajar-por-el-medio-ambiente\/","title":{"rendered":"MIROLO RECIBI\u00d3 A AUTORIDADES NACIONALES Y MAQUINARIA PARA TRABAJAR POR EL MEDIO AMBIENTE"},"content":{"rendered":"\n<p>El acto se desarroll\u00f3 al frente del Museo Municipal \u00abL\u00e1zaro Criado\u00bb sobre Avenida Besares y fue encabezado por el intendente Pablo Mirolo que recibi\u00f3 al Dr. Carlos Silva, asesor del viceministro, Sergio Federovisky.<br>La entrega consisti\u00f3 en una moderna pala cargadora frontal marca Astarsa modelo AA936ES con una capacidad de carga de 3.000 kg., peso operativo de 7.000 kg. y una potencia de 92 kw.<br>Esta m\u00e1quina se suma a otros importantes donaciones que recibi\u00f3 anteriormente la comuna bande\u00f1a como una balanza, chipiadora, guillotina de neum\u00e1ticos, dos puntos verdes y una retroescabadora que llevagar\u00e1 en los pr\u00f3ximos d\u00edas.<br>Sobre esta acci\u00f3n, el intendente Pablo Mirolo expres\u00f3: \u00abSiempre es un placer poder recibir a funcionarios nacionales y amigos como Carlos Silva, representante del Ministerio de Medio Ambiente y Desarrollo Sustentable de la Naci\u00f3n, con quien venimos trabajando en un plan muy ambicioso que significa mejorar los servicios de limpieza de la ciudad sino tambi\u00e9n el tratamiento de los residuos s\u00f3lidos y urbanos.<br>En el marco de este proyecto venimos recibiendo maquinaria por parte del Ministerio de Ambiente con distintas herramientas que nos permiten mejorar nuestro trabajo; hoy estamos recibiendo una pala cargadora que va a mejorar el parque automotor del municipio que viene adquiriendo con recursos propios desde hace mucho tiempo como palas cargadores, motoniveladoras, m\u00e1quinas de fumigaci\u00f3n, camiones compactadores y ahora est\u00e1 nueva herramienta ser\u00e1 de un gran valor para nosotros\u00bb.<br>Por su parte, el Dr. Silva destac\u00f3: \u00abEs un placer compartir con toda la ciudad de La Banda La llegada de esta maquinaria y sobre todo hemos tenido una visita muy importante con la gente Banco Interamericano de Desarrollo por el proyecto que estamos trabajando con Santiago del Estero.<br>Es un proyecto muy ambicioso que va a poner a La Banda y a la ciudad Capital en una posici\u00f3n distinta del resto del pa\u00eds, en cuanto a la calidad del tratamiento de sus residuos en el marco de la Econom\u00eda Circular.<br>Es un gran trabajo que est\u00e1 llevando el ministro Cabandi\u00e9 junto con el viceministro Federovisky, y que desde hace dos a\u00f1os que estamos trabajando con el intendente Pablo Mirolo para conseguirlo y estamos en el umbral de empezar con los pliegos de licitaci\u00f3n\u00bb.<br>En la oportunidad, estuvieron presentes autoridades como la secretaria de Gobierno, Claudia Acu\u00f1a, el subsecretario de Gobierno, Diego Ju\u00e1rez, el secretario de Servicios P\u00fablicos, Cristian Alzamora, el secretario de Obras P\u00fablicas, Cristian Alzamora y el secretario de Desarrollo Humano, Ramiro Barrera y otras autoridades adem\u00e1s de personal de obradores municipales.<\/p>\n","protected":false},"excerpt":{"rendered":"<p>El viernes a la tarde, funcionarios del Ministerio de Medio Ambiente y Desarrollo Sustentable de la Naci\u00f3n hicieron entrega de maquinarias al municipio de la ciudad de La Banda para ampliar los trabajos de limpieza y cuidado del medio ambiente.<\/p>\n","protected":false},"author":2,"featured_media":36161,"comment_status":"open","ping_status":"open","sticky":false,"template":"","format":"standard","meta":{"om_disable_all_campaigns":false,"_monsterinsights_skip_tracking":false,"_monsterinsights_sitenote_active":false,"_monsterinsights_sitenote_note":"","_monsterinsights_sitenote_category":0,"_uf_show_specific_survey":0,"_uf_disable_surveys":false,"jetpack_post_was_ever_published":false,"_jetpack_newsletter_access":"","_jetpack_dont_email_post_to_subs":false,"_jetpack_newsletter_tier_id":0,"_jetpack_memberships_contains_paywalled_content":false,"_jetpack_memberships_contains_paid_content":false,"footnotes":"","jetpack_publicize_message":"","jetpack_publicize_feature_enabled":true,"jetpack_social_post_already_shared":false,"jetpack_social_options":{"image_generator_settings":{"template":"highway","default_image_id":0,"font":"","enabled":false},"version":2}},"categories":[21],"tags":[],"class_list":["post-36160","post","type-post","status-publish","format-standard","has-post-thumbnail","hentry","category-locales"],"aioseo_notices":[],"views":13,"jetpack_publicize_connections":[],"jetpack_featured_media_url":"https:\/\/i0.wp.com\/elterritorialweb.com.ar\/web\/wp-content\/uploads\/2022\/03\/IMG-20220304-WA0031.jpg?fit=1042%2C779&ssl=1","jetpack_sharing_enabled":true,"_links":{"self":[{"href":"https:\/\/elterritorialweb.com.ar\/web\/wp-json\/wp\/v2\/posts\/36160","targetHints":{"allow":["GET"]}}],"collection":[{"href":"https:\/\/elterritorialweb.com.ar\/web\/wp-json\/wp\/v2\/posts"}],"about":[{"href":"https:\/\/elterritorialweb.com.ar\/web\/wp-json\/wp\/v2\/types\/post"}],"author":[{"embeddable":true,"href":"https:\/\/elterritorialweb.com.ar\/web\/wp-json\/wp\/v2\/users\/2"}],"replies":[{"embeddable":true,"href":"https:\/\/elterritorialweb.com.ar\/web\/wp-json\/wp\/v2\/comments?post=36160"}],"version-history":[{"count":1,"href":"https:\/\/elterritorialweb.com.ar\/web\/wp-json\/wp\/v2\/posts\/36160\/revisions"}],"predecessor-version":[{"id":36162,"href":"https:\/\/elterritorialweb.com.ar\/web\/wp-json\/wp\/v2\/posts\/36160\/revisions\/36162"}],"wp:featuredmedia":[{"embeddable":true,"href":"https:\/\/elterritorialweb.com.ar\/web\/wp-json\/wp\/v2\/media\/36161"}],"wp:attachment":[{"href":"https:\/\/elterritorialweb.com.ar\/web\/wp-json\/wp\/v2\/media?parent=36160"}],"wp:term":[{"taxonomy":"category","embeddable":true,"href":"https:\/\/elterritorialweb.com.ar\/web\/wp-json\/wp\/v2\/categories?post=36160"},{"taxonomy":"post_tag","embeddable":true,"href":"https:\/\/elterritorialweb.com.ar\/web\/wp-json\/wp\/v2\/tags?post=36160"}],"curies":[{"name":"wp","href":"https:\/\/api.w.org\/{rel}","templated":true}]}}