{"id":36169,"date":"2022-03-05T02:36:36","date_gmt":"2022-03-05T02:36:36","guid":{"rendered":"http:\/\/elterritorialweb.com.ar\/web\/?p=36169"},"modified":"2022-03-05T02:36:37","modified_gmt":"2022-03-05T02:36:37","slug":"la-municipalidad-trabaja-en-el-monitoreo-y-extraccion-de-eucaliptos-del-parque-aguirre-con-peligro-de-caidas","status":"publish","type":"post","link":"https:\/\/elterritorialweb.com.ar\/web\/la-municipalidad-trabaja-en-el-monitoreo-y-extraccion-de-eucaliptos-del-parque-aguirre-con-peligro-de-caidas\/","title":{"rendered":"LA MUNICIPALIDAD TRABAJA EN EL MONITOREO Y EXTRACCI\u00d3N DE EUCALIPTOS DEL PARQUE AGUIRRE CON PELIGRO DE CA\u00cdDAS"},"content":{"rendered":"\n<p>Dicha tarea se realiza en el marco del programa denominado \u201cSeguridad del Paseante\u201d implementada por la Subdirecci\u00f3n de Parques y Balnearios y que detect\u00f3 algunos ejemplares secos o en peligro de derrumbe en la zona de Nicol\u00e1s Heredia y Alsina y procedi\u00f3 a retirar uno de ellos para evitar accidentes.<br>La Directora de Parques y Paseos, Ing. Cecilia Sabouret indic\u00f3 que la extracci\u00f3n completa se hizo por una patolog\u00eda conocida como \u201catabacado\u201d, generada por una infestaci\u00f3n profunda de hongos, y que gener\u00f3 una salida de eje con una inclinaci\u00f3n en direcci\u00f3n a la calle Nicol\u00e1s Heredia.<br>La funcionaria dijo que se concret\u00f3 previo diagn\u00f3stico y recomendaci\u00f3n de los profesionales asesores, quienes concluyeron que dado el peligro de ser derribados por fuertes vientos y considerando la ubicaci\u00f3n de los mismos, en cercan\u00eda a una cancha de f\u00fatbol resultaba necesaria su extracci\u00f3n inmediata.<br>Por \u00faltimo, recalc\u00f3 que este tipo de trabajos en el parque Aguirre fueron puestos en conocimiento p\u00fablico y que forma parte del monitoreo continuo sobre estos a\u00f1osos \u00e1rboles.<\/p>\n","protected":false},"excerpt":{"rendered":"<p>La Direcci\u00f3n de Parques y Paseos de la Capital trabaja en el censo y diagn\u00f3stico de los eucaliptos del Parque Aguirre como medida preventiva para garantizar la seguridad de las personas, veh\u00edculos y edificaciones.<\/p>\n","protected":false},"author":2,"featured_media":36170,"comment_status":"open","ping_status":"open","sticky":false,"template":"","format":"standard","meta":{"om_disable_all_campaigns":false,"_monsterinsights_skip_tracking":false,"_monsterinsights_sitenote_active":false,"_monsterinsights_sitenote_note":"","_monsterinsights_sitenote_category":0,"_uf_show_specific_survey":0,"_uf_disable_surveys":false,"jetpack_post_was_ever_published":false,"_jetpack_newsletter_access":"","_jetpack_dont_email_post_to_subs":false,"_jetpack_newsletter_tier_id":0,"_jetpack_memberships_contains_paywalled_content":false,"_jetpack_memberships_contains_paid_content":false,"footnotes":"","jetpack_publicize_message":"","jetpack_publicize_feature_enabled":true,"jetpack_social_post_already_shared":false,"jetpack_social_options":{"image_generator_settings":{"template":"highway","default_image_id":0,"font":"","enabled":false},"version":2}},"categories":[21],"tags":[],"class_list":["post-36169","post","type-post","status-publish","format-standard","has-post-thumbnail","hentry","category-locales"],"aioseo_notices":[],"views":7,"jetpack_publicize_connections":[],"jetpack_featured_media_url":"https:\/\/i0.wp.com\/elterritorialweb.com.ar\/web\/wp-content\/uploads\/2022\/03\/eucaplitos-parque-aguirre.jpeg?fit=1600%2C1123&ssl=1","jetpack_sharing_enabled":true,"_links":{"self":[{"href":"https:\/\/elterritorialweb.com.ar\/web\/wp-json\/wp\/v2\/posts\/36169","targetHints":{"allow":["GET"]}}],"collection":[{"href":"https:\/\/elterritorialweb.com.ar\/web\/wp-json\/wp\/v2\/posts"}],"about":[{"href":"https:\/\/elterritorialweb.com.ar\/web\/wp-json\/wp\/v2\/types\/post"}],"author":[{"embeddable":true,"href":"https:\/\/elterritorialweb.com.ar\/web\/wp-json\/wp\/v2\/users\/2"}],"replies":[{"embeddable":true,"href":"https:\/\/elterritorialweb.com.ar\/web\/wp-json\/wp\/v2\/comments?post=36169"}],"version-history":[{"count":1,"href":"https:\/\/elterritorialweb.com.ar\/web\/wp-json\/wp\/v2\/posts\/36169\/revisions"}],"predecessor-version":[{"id":36171,"href":"https:\/\/elterritorialweb.com.ar\/web\/wp-json\/wp\/v2\/posts\/36169\/revisions\/36171"}],"wp:featuredmedia":[{"embeddable":true,"href":"https:\/\/elterritorialweb.com.ar\/web\/wp-json\/wp\/v2\/media\/36170"}],"wp:attachment":[{"href":"https:\/\/elterritorialweb.com.ar\/web\/wp-json\/wp\/v2\/media?parent=36169"}],"wp:term":[{"taxonomy":"category","embeddable":true,"href":"https:\/\/elterritorialweb.com.ar\/web\/wp-json\/wp\/v2\/categories?post=36169"},{"taxonomy":"post_tag","embeddable":true,"href":"https:\/\/elterritorialweb.com.ar\/web\/wp-json\/wp\/v2\/tags?post=36169"}],"curies":[{"name":"wp","href":"https:\/\/api.w.org\/{rel}","templated":true}]}}