{"id":36172,"date":"2022-03-05T02:46:41","date_gmt":"2022-03-05T02:46:41","guid":{"rendered":"http:\/\/elterritorialweb.com.ar\/web\/?p=36172"},"modified":"2022-03-05T02:46:41","modified_gmt":"2022-03-05T02:46:41","slug":"la-intendente-fuentes-visito-la-feria-de-emprendedoras-mujeres-en-accion","status":"publish","type":"post","link":"https:\/\/elterritorialweb.com.ar\/web\/la-intendente-fuentes-visito-la-feria-de-emprendedoras-mujeres-en-accion\/","title":{"rendered":"LA INTENDENTE FUENTES VISIT\u00d3 LA FERIA DE EMPRENDEDORAS MUJERES EN ACCI\u00d3N"},"content":{"rendered":"\n<p>La actividad se realiz\u00f3 en el Paseo Alvear, donde decenas de artesanas locales exhibieron una variada oferta de productos gastron\u00f3micos, textiles, de ornamentaci\u00f3n y regaler\u00eda, de indumentaria, entre otros. Adem\u00e1s, estuvieron presentes representantes del INADI, la Secretar\u00eda de la Econom\u00eda Social y el Centro de Acceso a la Justicia.<br>En este sentido, la jefa comunal destac\u00f3 la importancia \u00abde trabajar articuladamente con diferentes organismos provinciales y nacionales para acompa\u00f1ar a las emprendedoras santiague\u00f1as, procurando que puedan comercializar sus productos y generar ingresos a sus econom\u00edas familiares\u00bb.<br>Asimismo, a pocos d\u00edas de conmemorarse el D\u00eda Internacional de la Mujer, la intendente Fuentes reconoci\u00f3 \u00abla valent\u00eda de las mujeres que se atreven a emprender sus propios negocios, fomentando la vinculaci\u00f3n con otras mujeres y participando activamente de las capacitaciones y espacios de ventas que el municipio viene organizando en el Parque Oeste, Santiago es tu R\u00edo, la Casa del Bicentenario y otros lugares p\u00fablicos\u00bb.<br>En esta oportunidad, acompa\u00f1aron a la titular del Ejecutivo Municipal el Coordinador del Centro de Acceso a la Justicia de la Naci\u00f3n, Lisandro Daives; la secretaria de Coordinaci\u00f3n de Gabinete, Alejandra Yoshitake; el secretario de Gobierno, N\u00e9stor Machado; el subsecretario de Gobierno, Diego Brunet y el subsecretario de Cultura, Rodolfo Legname; entre otros funcionarios.<\/p>\n","protected":false},"excerpt":{"rendered":"<p>En el marco de las acciones que se vienen desarrollando para promover la igualdad de g\u00e9nero, la intendente de la Capital, Ing. Norma Fuentes, recorri\u00f3 la feria de emprendedoras \u00abMujeres en Acci\u00f3n\u00bb, donde tambi\u00e9n hubo stands institucionales y asesor\u00edas e informaci\u00f3n sobre diferentes programas nacionales.<\/p>\n","protected":false},"author":2,"featured_media":36173,"comment_status":"open","ping_status":"open","sticky":false,"template":"","format":"standard","meta":{"om_disable_all_campaigns":false,"_monsterinsights_skip_tracking":false,"_monsterinsights_sitenote_active":false,"_monsterinsights_sitenote_note":"","_monsterinsights_sitenote_category":0,"_uf_show_specific_survey":0,"_uf_disable_surveys":false,"jetpack_post_was_ever_published":false,"_jetpack_newsletter_access":"","_jetpack_dont_email_post_to_subs":false,"_jetpack_newsletter_tier_id":0,"_jetpack_memberships_contains_paywalled_content":false,"_jetpack_memberships_contains_paid_content":false,"footnotes":"","jetpack_publicize_message":"","jetpack_publicize_feature_enabled":true,"jetpack_social_post_already_shared":false,"jetpack_social_options":{"image_generator_settings":{"template":"highway","default_image_id":0,"font":"","enabled":false},"version":2}},"categories":[21],"tags":[],"class_list":["post-36172","post","type-post","status-publish","format-standard","has-post-thumbnail","hentry","category-locales"],"aioseo_notices":[],"views":8,"jetpack_publicize_connections":[],"jetpack_featured_media_url":"https:\/\/i0.wp.com\/elterritorialweb.com.ar\/web\/wp-content\/uploads\/2022\/03\/fuentes-feria-mujeres-en-accion.jpeg?fit=1600%2C1086&ssl=1","jetpack_sharing_enabled":true,"_links":{"self":[{"href":"https:\/\/elterritorialweb.com.ar\/web\/wp-json\/wp\/v2\/posts\/36172","targetHints":{"allow":["GET"]}}],"collection":[{"href":"https:\/\/elterritorialweb.com.ar\/web\/wp-json\/wp\/v2\/posts"}],"about":[{"href":"https:\/\/elterritorialweb.com.ar\/web\/wp-json\/wp\/v2\/types\/post"}],"author":[{"embeddable":true,"href":"https:\/\/elterritorialweb.com.ar\/web\/wp-json\/wp\/v2\/users\/2"}],"replies":[{"embeddable":true,"href":"https:\/\/elterritorialweb.com.ar\/web\/wp-json\/wp\/v2\/comments?post=36172"}],"version-history":[{"count":1,"href":"https:\/\/elterritorialweb.com.ar\/web\/wp-json\/wp\/v2\/posts\/36172\/revisions"}],"predecessor-version":[{"id":36174,"href":"https:\/\/elterritorialweb.com.ar\/web\/wp-json\/wp\/v2\/posts\/36172\/revisions\/36174"}],"wp:featuredmedia":[{"embeddable":true,"href":"https:\/\/elterritorialweb.com.ar\/web\/wp-json\/wp\/v2\/media\/36173"}],"wp:attachment":[{"href":"https:\/\/elterritorialweb.com.ar\/web\/wp-json\/wp\/v2\/media?parent=36172"}],"wp:term":[{"taxonomy":"category","embeddable":true,"href":"https:\/\/elterritorialweb.com.ar\/web\/wp-json\/wp\/v2\/categories?post=36172"},{"taxonomy":"post_tag","embeddable":true,"href":"https:\/\/elterritorialweb.com.ar\/web\/wp-json\/wp\/v2\/tags?post=36172"}],"curies":[{"name":"wp","href":"https:\/\/api.w.org\/{rel}","templated":true}]}}