{"id":36187,"date":"2022-03-05T05:12:53","date_gmt":"2022-03-05T05:12:53","guid":{"rendered":"http:\/\/elterritorialweb.com.ar\/web\/?p=36187"},"modified":"2022-03-05T15:41:25","modified_gmt":"2022-03-05T15:41:25","slug":"inauguran-la-primera-etapa-de-la-refaccion-integral-de-la-plaza-andres-figueroa-de-la-capital","status":"publish","type":"post","link":"https:\/\/elterritorialweb.com.ar\/web\/inauguran-la-primera-etapa-de-la-refaccion-integral-de-la-plaza-andres-figueroa-de-la-capital\/","title":{"rendered":"INAUGURAN LA PRIMERA ETAPA DE LA REFACCI\u00d3N INTEGRAL DE LA PLAZA ANDR\u00c9S FIGUEROA DE LA CAPITAL"},"content":{"rendered":"\n<p><strong>Barrio Juan Bautista Alberdi<\/strong><\/p>\n\n\n\n<p>El gobernador Gerardo Zamora particip\u00f3 este viernes por la noche del acto de inauguraci\u00f3n de la primera etapa de la refacci\u00f3n integral de la Plaza Andr\u00e9s Figueroa, obra que jerarquiza un espacio importante del barrio Juan Bautista Alberdi, en la zona norte de la ciudad Capital.<\/p>\n\n\n\n<figure class=\"wp-block-image size-full\"><a href=\"https:\/\/i0.wp.com\/elterritorialweb.com.ar\/web\/wp-content\/uploads\/2022\/03\/FB_IMG_1646456713028.jpg\"><img data-recalc-dims=\"1\" decoding=\"async\" width=\"640\" height=\"426\" data-src=\"https:\/\/i0.wp.com\/elterritorialweb.com.ar\/web\/wp-content\/uploads\/2022\/03\/FB_IMG_1646456713028.jpg?resize=640%2C426\" alt=\"\" class=\"wp-image-36191 lazyload\" data-srcset=\"https:\/\/i0.wp.com\/elterritorialweb.com.ar\/web\/wp-content\/uploads\/2022\/03\/FB_IMG_1646456713028.jpg?w=721&amp;ssl=1 721w, https:\/\/i0.wp.com\/elterritorialweb.com.ar\/web\/wp-content\/uploads\/2022\/03\/FB_IMG_1646456713028.jpg?resize=300%2C200&amp;ssl=1 300w\" data-sizes=\"(max-width: 640px) 100vw, 640px\" src=\"data:image\/svg+xml;base64,PHN2ZyB3aWR0aD0iMSIgaGVpZ2h0PSIxIiB4bWxucz0iaHR0cDovL3d3dy53My5vcmcvMjAwMC9zdmciPjwvc3ZnPg==\" style=\"--smush-placeholder-width: 640px; --smush-placeholder-aspect-ratio: 640\/426;\" \/><\/a><\/figure>\n\n\n\n<p>La plaza cubre en total cuatro manzanas, de las cuales en esta etapa fueron revalorizadas dos, con m\u00e1s de 10.000 metros cuadrados de superficie, comprendidas entre las calles Constituci\u00f3n, Arsemio Salazar, Ricardo Rojas y Av. Yrigoyen.<\/p>\n\n\n\n<p>El corte de cintas fue realizado por el gobernador junto con la intendente Norma Fuentes, acompa\u00f1ados por el vicegobernador Carlos Silva Neder y funcionarios provinciales y municipales. Adem\u00e1s de una gran cantidad de vecinos y estudiantes que celebraron la reapertura de este espacio que constituye un valioso pulm\u00f3n verde en la zona, donde las especies arb\u00f3reas ya existentes fueron conservadas y se sumaron otros ejemplares.<\/p>\n\n\n\n<figure class=\"wp-block-image size-full\"><a href=\"https:\/\/i0.wp.com\/elterritorialweb.com.ar\/web\/wp-content\/uploads\/2022\/03\/FB_IMG_1646456725336.jpg\"><img data-recalc-dims=\"1\" decoding=\"async\" width=\"640\" height=\"426\" data-src=\"https:\/\/i0.wp.com\/elterritorialweb.com.ar\/web\/wp-content\/uploads\/2022\/03\/FB_IMG_1646456725336.jpg?resize=640%2C426\" alt=\"\" class=\"wp-image-36192 lazyload\" data-srcset=\"https:\/\/i0.wp.com\/elterritorialweb.com.ar\/web\/wp-content\/uploads\/2022\/03\/FB_IMG_1646456725336.jpg?w=721&amp;ssl=1 721w, https:\/\/i0.wp.com\/elterritorialweb.com.ar\/web\/wp-content\/uploads\/2022\/03\/FB_IMG_1646456725336.jpg?resize=300%2C200&amp;ssl=1 300w\" data-sizes=\"(max-width: 640px) 100vw, 640px\" src=\"data:image\/svg+xml;base64,PHN2ZyB3aWR0aD0iMSIgaGVpZ2h0PSIxIiB4bWxucz0iaHR0cDovL3d3dy53My5vcmcvMjAwMC9zdmciPjwvc3ZnPg==\" style=\"--smush-placeholder-width: 640px; --smush-placeholder-aspect-ratio: 640\/426;\" \/><\/a><\/figure>\n\n\n\n<p>Tambi\u00e9n se habilit\u00f3 el wifi gratuito en todo el sector, como parte de un programa que impulsa el gobernador Zamora en todo el territorio provincial para facilitar el acceso de este servicio a todos los santiague\u00f1os.<\/p>\n\n\n\n<p>En este marco, como parte del Programa Provincial Metas Digitales, se entregaron tablets a alumnos que cursan el \u00faltimo a\u00f1o de la Escuela T\u00e9cnica N\u00b0 1 y los secundarios Huaico Hondo y Jorge Newbery.<\/p>\n\n\n\n<figure class=\"wp-block-image size-full\"><a href=\"https:\/\/i0.wp.com\/elterritorialweb.com.ar\/web\/wp-content\/uploads\/2022\/03\/FB_IMG_1646456728710.jpg\"><img data-recalc-dims=\"1\" decoding=\"async\" width=\"640\" height=\"426\" data-src=\"https:\/\/i0.wp.com\/elterritorialweb.com.ar\/web\/wp-content\/uploads\/2022\/03\/FB_IMG_1646456728710.jpg?resize=640%2C426\" alt=\"\" class=\"wp-image-36193 lazyload\" data-srcset=\"https:\/\/i0.wp.com\/elterritorialweb.com.ar\/web\/wp-content\/uploads\/2022\/03\/FB_IMG_1646456728710.jpg?w=721&amp;ssl=1 721w, https:\/\/i0.wp.com\/elterritorialweb.com.ar\/web\/wp-content\/uploads\/2022\/03\/FB_IMG_1646456728710.jpg?resize=300%2C200&amp;ssl=1 300w\" data-sizes=\"(max-width: 640px) 100vw, 640px\" src=\"data:image\/svg+xml;base64,PHN2ZyB3aWR0aD0iMSIgaGVpZ2h0PSIxIiB4bWxucz0iaHR0cDovL3d3dy53My5vcmcvMjAwMC9zdmciPjwvc3ZnPg==\" style=\"--smush-placeholder-width: 640px; --smush-placeholder-aspect-ratio: 640\/426;\" \/><\/a><\/figure>\n\n\n\n<p>La renovaci\u00f3n de la plaza incluy\u00f3 la reconstrucci\u00f3n de caminer\u00edas; instalaci\u00f3n de juegos infantiles sobre un piso de goma antigolpes y aparatos de pista salud sobre hex\u00e1gonos de hormig\u00f3n peinado. Tambi\u00e9n la renovaci\u00f3n total de la iluminaci\u00f3n con tecnolog\u00eda led y se sumaron bancos, cestos de residuos, merenderos con mesas de ajedrez, bebederos y un sistema de riego por aspersi\u00f3n automatizado.<\/p>\n\n\n\n<p>En su discurso, el gobernador destac\u00f3 la importancia de recuperar espacios para el reencuentro de los vecinos y la posibilidad de contar con internet gratis, tal como sucede en gran parte de la provincia, a partir de un plan que prev\u00e9 llevar el servicio a cada ciudad, pueblo y paraje del interior. \u201cEs una forma de romper desigualdades\u201d, resalt\u00f3.<\/p>\n\n\n\n<figure class=\"wp-block-image size-full\"><a href=\"https:\/\/i0.wp.com\/elterritorialweb.com.ar\/web\/wp-content\/uploads\/2022\/03\/FB_IMG_1646456709421.jpg\"><img data-recalc-dims=\"1\" decoding=\"async\" width=\"640\" height=\"426\" data-src=\"https:\/\/i0.wp.com\/elterritorialweb.com.ar\/web\/wp-content\/uploads\/2022\/03\/FB_IMG_1646456709421.jpg?resize=640%2C426\" alt=\"\" class=\"wp-image-36194 lazyload\" data-srcset=\"https:\/\/i0.wp.com\/elterritorialweb.com.ar\/web\/wp-content\/uploads\/2022\/03\/FB_IMG_1646456709421.jpg?w=721&amp;ssl=1 721w, https:\/\/i0.wp.com\/elterritorialweb.com.ar\/web\/wp-content\/uploads\/2022\/03\/FB_IMG_1646456709421.jpg?resize=300%2C200&amp;ssl=1 300w\" data-sizes=\"(max-width: 640px) 100vw, 640px\" src=\"data:image\/svg+xml;base64,PHN2ZyB3aWR0aD0iMSIgaGVpZ2h0PSIxIiB4bWxucz0iaHR0cDovL3d3dy53My5vcmcvMjAwMC9zdmciPjwvc3ZnPg==\" style=\"--smush-placeholder-width: 640px; --smush-placeholder-aspect-ratio: 640\/426;\" \/><\/a><\/figure>\n\n\n\n<p>Precisamente, dijo que con el objetivo de seguir rompiendo asimetr\u00edas y generar m\u00e1s oportunidades a los j\u00f3venes, se lanz\u00f3 el programa a trav\u00e9s del cual fueron entregadas durante el 2021 m\u00e1s de 12 mil tablets y para este a\u00f1o est\u00e1 previsto llegar con m\u00e1s de 13 mil tablets a los alumnos que cursan el \u00faltimo a\u00f1o del secundario en toda la provincia, tanto en escuelas p\u00fablicas como tambi\u00e9n privadas con matr\u00edcula considerada vulnerable.<\/p>\n\n\n\n<p>Tambi\u00e9n remarc\u00f3 la necesidad de acompa\u00f1ar a las nuevas generaciones en sus primeros pasos en el mundo laboral. Dijo que para esto, dentro del Programa Metas, fue creada la l\u00ednea de cr\u00e9ditos y aportes no reembolsables, que financia proyectos innovadores, muchos de los cuales ya est\u00e1n en marcha desde el a\u00f1o pasado.<\/p>\n\n\n\n<figure class=\"wp-block-image size-full\"><a href=\"https:\/\/i0.wp.com\/elterritorialweb.com.ar\/web\/wp-content\/uploads\/2022\/03\/FB_IMG_1646456742793.jpg\"><img data-recalc-dims=\"1\" decoding=\"async\" width=\"640\" height=\"426\" data-src=\"https:\/\/i0.wp.com\/elterritorialweb.com.ar\/web\/wp-content\/uploads\/2022\/03\/FB_IMG_1646456742793.jpg?resize=640%2C426\" alt=\"\" class=\"wp-image-36195 lazyload\" data-srcset=\"https:\/\/i0.wp.com\/elterritorialweb.com.ar\/web\/wp-content\/uploads\/2022\/03\/FB_IMG_1646456742793.jpg?w=721&amp;ssl=1 721w, https:\/\/i0.wp.com\/elterritorialweb.com.ar\/web\/wp-content\/uploads\/2022\/03\/FB_IMG_1646456742793.jpg?resize=300%2C200&amp;ssl=1 300w\" data-sizes=\"(max-width: 640px) 100vw, 640px\" src=\"data:image\/svg+xml;base64,PHN2ZyB3aWR0aD0iMSIgaGVpZ2h0PSIxIiB4bWxucz0iaHR0cDovL3d3dy53My5vcmcvMjAwMC9zdmciPjwvc3ZnPg==\" style=\"--smush-placeholder-width: 640px; --smush-placeholder-aspect-ratio: 640\/426;\" \/><\/a><\/figure>\n\n\n\n<p>\u201cEstamos trabajando para generar las condiciones necesarias para el crecimiento de la provincia y por eso tenemos la plena confianza en nuestros j\u00f3venes, a quienes debemos alentar a la permanente capacitaci\u00f3n, para que se conviertan en innovadores, en generadores de empleo y parte del desarrollo que necesita la provincia y el pa\u00eds\u201d, expres\u00f3.<\/p>\n","protected":false},"excerpt":{"rendered":"<p>Un espacio totalmente renovado donde se habilit\u00f3 el servicio de wifi gratuito y se entregaron tablets a alumnos de tres colegios.<\/p>\n","protected":false},"author":2,"featured_media":36189,"comment_status":"open","ping_status":"open","sticky":false,"template":"","format":"standard","meta":{"om_disable_all_campaigns":false,"_monsterinsights_skip_tracking":false,"_monsterinsights_sitenote_active":false,"_monsterinsights_sitenote_note":"","_monsterinsights_sitenote_category":0,"_uf_show_specific_survey":0,"_uf_disable_surveys":false,"jetpack_post_was_ever_published":false,"_jetpack_newsletter_access":"","_jetpack_dont_email_post_to_subs":false,"_jetpack_newsletter_tier_id":0,"_jetpack_memberships_contains_paywalled_content":false,"_jetpack_memberships_contains_paid_content":false,"footnotes":"","jetpack_publicize_message":"","jetpack_publicize_feature_enabled":true,"jetpack_social_post_already_shared":false,"jetpack_social_options":{"image_generator_settings":{"template":"highway","default_image_id":0,"font":"","enabled":false},"version":2}},"categories":[21],"tags":[],"class_list":["post-36187","post","type-post","status-publish","format-standard","has-post-thumbnail","hentry","category-locales"],"aioseo_notices":[],"views":9,"jetpack_publicize_connections":[],"jetpack_featured_media_url":"https:\/\/i0.wp.com\/elterritorialweb.com.ar\/web\/wp-content\/uploads\/2022\/03\/FB_IMG_1646456706909.jpg?fit=721%2C480&ssl=1","jetpack_sharing_enabled":true,"_links":{"self":[{"href":"https:\/\/elterritorialweb.com.ar\/web\/wp-json\/wp\/v2\/posts\/36187","targetHints":{"allow":["GET"]}}],"collection":[{"href":"https:\/\/elterritorialweb.com.ar\/web\/wp-json\/wp\/v2\/posts"}],"about":[{"href":"https:\/\/elterritorialweb.com.ar\/web\/wp-json\/wp\/v2\/types\/post"}],"author":[{"embeddable":true,"href":"https:\/\/elterritorialweb.com.ar\/web\/wp-json\/wp\/v2\/users\/2"}],"replies":[{"embeddable":true,"href":"https:\/\/elterritorialweb.com.ar\/web\/wp-json\/wp\/v2\/comments?post=36187"}],"version-history":[{"count":2,"href":"https:\/\/elterritorialweb.com.ar\/web\/wp-json\/wp\/v2\/posts\/36187\/revisions"}],"predecessor-version":[{"id":36196,"href":"https:\/\/elterritorialweb.com.ar\/web\/wp-json\/wp\/v2\/posts\/36187\/revisions\/36196"}],"wp:featuredmedia":[{"embeddable":true,"href":"https:\/\/elterritorialweb.com.ar\/web\/wp-json\/wp\/v2\/media\/36189"}],"wp:attachment":[{"href":"https:\/\/elterritorialweb.com.ar\/web\/wp-json\/wp\/v2\/media?parent=36187"}],"wp:term":[{"taxonomy":"category","embeddable":true,"href":"https:\/\/elterritorialweb.com.ar\/web\/wp-json\/wp\/v2\/categories?post=36187"},{"taxonomy":"post_tag","embeddable":true,"href":"https:\/\/elterritorialweb.com.ar\/web\/wp-json\/wp\/v2\/tags?post=36187"}],"curies":[{"name":"wp","href":"https:\/\/api.w.org\/{rel}","templated":true}]}}