{"id":36198,"date":"2022-03-05T21:37:37","date_gmt":"2022-03-05T21:37:37","guid":{"rendered":"http:\/\/elterritorialweb.com.ar\/web\/?p=36198"},"modified":"2022-03-06T01:27:15","modified_gmt":"2022-03-06T01:27:15","slug":"una-multitud-se-congrego-en-la-26-edicion-del-festival-del-artesano-en-ojo-de-agua","status":"publish","type":"post","link":"https:\/\/elterritorialweb.com.ar\/web\/una-multitud-se-congrego-en-la-26-edicion-del-festival-del-artesano-en-ojo-de-agua\/","title":{"rendered":"UNA MULTITUD SE CONGREG\u00d3 EN LA 26\u00b0 EDICI\u00d3N DEL FESTIVAL DEL ARTESANO EN OJO DE AGUA"},"content":{"rendered":"\n<p>El predio del club Instituto de Villa Ojo de Agua se vio colmado de vecinos y turistas que llegaron a disfrutar de la 26 edici\u00f3n del Festival Nacional del Artesano \u201cPor los Ni\u00f1os\u201d, donde sin lugar a dudas las dos figuras convocantes, fueron Abel Pintos que sigue demostrando su gran poder de convocatoria y el grupo cuartetero La Konga que vienen pasando una gran momento en todo el pa\u00eds, con sus \u00e9xitos y temas de sus \u00faltimos discos, logrando que el p\u00fablico cantar\u00e1 y bailara durante sus show.<\/p>\n\n\n\n<figure class=\"wp-block-image size-large\"><a href=\"https:\/\/i0.wp.com\/elterritorialweb.com.ar\/web\/wp-content\/uploads\/2022\/03\/IMG-20220305-WA0017.jpg\"><img data-recalc-dims=\"1\" decoding=\"async\" width=\"640\" height=\"426\" data-src=\"https:\/\/i0.wp.com\/elterritorialweb.com.ar\/web\/wp-content\/uploads\/2022\/03\/IMG-20220305-WA0017.jpg?resize=640%2C426\" alt=\"\" class=\"wp-image-36200 lazyload\" data-srcset=\"https:\/\/i0.wp.com\/elterritorialweb.com.ar\/web\/wp-content\/uploads\/2022\/03\/IMG-20220305-WA0017.jpg?resize=1024%2C682&amp;ssl=1 1024w, https:\/\/i0.wp.com\/elterritorialweb.com.ar\/web\/wp-content\/uploads\/2022\/03\/IMG-20220305-WA0017.jpg?resize=300%2C200&amp;ssl=1 300w, https:\/\/i0.wp.com\/elterritorialweb.com.ar\/web\/wp-content\/uploads\/2022\/03\/IMG-20220305-WA0017.jpg?resize=768%2C512&amp;ssl=1 768w, https:\/\/i0.wp.com\/elterritorialweb.com.ar\/web\/wp-content\/uploads\/2022\/03\/IMG-20220305-WA0017.jpg?w=1280&amp;ssl=1 1280w\" data-sizes=\"(max-width: 640px) 100vw, 640px\" src=\"data:image\/svg+xml;base64,PHN2ZyB3aWR0aD0iMSIgaGVpZ2h0PSIxIiB4bWxucz0iaHR0cDovL3d3dy53My5vcmcvMjAwMC9zdmciPjwvc3ZnPg==\" style=\"--smush-placeholder-width: 640px; --smush-placeholder-aspect-ratio: 640\/426;\" \/><\/a><\/figure>\n\n\n\n<p>Abel Pinto antes los medios, manifest\u00f3 <em>\u201cNecesit\u00e1bamos encontrarnos de nuevo. Hacer recitales por streaming durante la cuarentena estuvo bien porque de otra forma no se pod\u00eda, pero estar en contacto con el p\u00fablico, sentirnos acompa\u00f1ados, eso no tiene precio\u201d.<\/em><\/p>\n\n\n\n<figure class=\"wp-block-image size-large\"><a href=\"https:\/\/i0.wp.com\/elterritorialweb.com.ar\/web\/wp-content\/uploads\/2022\/03\/IMG-20220305-WA0016.jpg\"><img data-recalc-dims=\"1\" decoding=\"async\" width=\"640\" height=\"427\" data-src=\"https:\/\/i0.wp.com\/elterritorialweb.com.ar\/web\/wp-content\/uploads\/2022\/03\/IMG-20220305-WA0016.jpg?resize=640%2C427\" alt=\"\" class=\"wp-image-36201 lazyload\" data-srcset=\"https:\/\/i0.wp.com\/elterritorialweb.com.ar\/web\/wp-content\/uploads\/2022\/03\/IMG-20220305-WA0016.jpg?resize=1024%2C683&amp;ssl=1 1024w, https:\/\/i0.wp.com\/elterritorialweb.com.ar\/web\/wp-content\/uploads\/2022\/03\/IMG-20220305-WA0016.jpg?resize=300%2C200&amp;ssl=1 300w, https:\/\/i0.wp.com\/elterritorialweb.com.ar\/web\/wp-content\/uploads\/2022\/03\/IMG-20220305-WA0016.jpg?resize=768%2C512&amp;ssl=1 768w, https:\/\/i0.wp.com\/elterritorialweb.com.ar\/web\/wp-content\/uploads\/2022\/03\/IMG-20220305-WA0016.jpg?w=1500&amp;ssl=1 1500w, https:\/\/i0.wp.com\/elterritorialweb.com.ar\/web\/wp-content\/uploads\/2022\/03\/IMG-20220305-WA0016.jpg?w=1280 1280w\" data-sizes=\"(max-width: 640px) 100vw, 640px\" src=\"data:image\/svg+xml;base64,PHN2ZyB3aWR0aD0iMSIgaGVpZ2h0PSIxIiB4bWxucz0iaHR0cDovL3d3dy53My5vcmcvMjAwMC9zdmciPjwvc3ZnPg==\" style=\"--smush-placeholder-width: 640px; --smush-placeholder-aspect-ratio: 640\/427;\" \/><\/a><\/figure>\n\n\n\n<p>Abel le regalo al p\u00fablico un show de dos horas y media con sus grandes \u00e9xitos, viviendo un momento m\u00e1gico entre el artista y su p\u00fablico.<\/p>\n\n\n\n<figure class=\"wp-block-image size-large\"><a href=\"https:\/\/i0.wp.com\/elterritorialweb.com.ar\/web\/wp-content\/uploads\/2022\/03\/IMG-20220305-WA0011.jpg\"><img data-recalc-dims=\"1\" decoding=\"async\" width=\"640\" height=\"426\" data-src=\"https:\/\/i0.wp.com\/elterritorialweb.com.ar\/web\/wp-content\/uploads\/2022\/03\/IMG-20220305-WA0011.jpg?resize=640%2C426\" alt=\"\" class=\"wp-image-36202 lazyload\" data-srcset=\"https:\/\/i0.wp.com\/elterritorialweb.com.ar\/web\/wp-content\/uploads\/2022\/03\/IMG-20220305-WA0011.jpg?resize=1024%2C682&amp;ssl=1 1024w, https:\/\/i0.wp.com\/elterritorialweb.com.ar\/web\/wp-content\/uploads\/2022\/03\/IMG-20220305-WA0011.jpg?resize=300%2C200&amp;ssl=1 300w, https:\/\/i0.wp.com\/elterritorialweb.com.ar\/web\/wp-content\/uploads\/2022\/03\/IMG-20220305-WA0011.jpg?resize=768%2C512&amp;ssl=1 768w, https:\/\/i0.wp.com\/elterritorialweb.com.ar\/web\/wp-content\/uploads\/2022\/03\/IMG-20220305-WA0011.jpg?w=1280&amp;ssl=1 1280w\" data-sizes=\"(max-width: 640px) 100vw, 640px\" src=\"data:image\/svg+xml;base64,PHN2ZyB3aWR0aD0iMSIgaGVpZ2h0PSIxIiB4bWxucz0iaHR0cDovL3d3dy53My5vcmcvMjAwMC9zdmciPjwvc3ZnPg==\" style=\"--smush-placeholder-width: 640px; --smush-placeholder-aspect-ratio: 640\/426;\" \/><\/a><figcaption>El grupo cordob\u00e9s La Konga<\/figcaption><\/figure>\n\n\n\n<p>El grupo cordob\u00e9s La Konga, fue sin lugar a dudas otro de los grupos m\u00e1s esperados de la noche, donde el p\u00fablico bailo y canto al ritmo de cumbias y cuartetos, donde no falto la espumas d\u00e1ndole un marco especial al festival.<\/p>\n\n\n\n<figure class=\"wp-block-image size-large is-resized\"><a href=\"https:\/\/i0.wp.com\/elterritorialweb.com.ar\/web\/wp-content\/uploads\/2022\/03\/IMG-20220305-WA0015.jpg\"><img data-recalc-dims=\"1\" decoding=\"async\" data-src=\"https:\/\/i0.wp.com\/elterritorialweb.com.ar\/web\/wp-content\/uploads\/2022\/03\/IMG-20220305-WA0015.jpg?resize=396%2C264\" alt=\"\" class=\"wp-image-36203 lazyload\" width=\"396\" height=\"264\" data-srcset=\"https:\/\/i0.wp.com\/elterritorialweb.com.ar\/web\/wp-content\/uploads\/2022\/03\/IMG-20220305-WA0015.jpg?resize=1024%2C683&amp;ssl=1 1024w, https:\/\/i0.wp.com\/elterritorialweb.com.ar\/web\/wp-content\/uploads\/2022\/03\/IMG-20220305-WA0015.jpg?resize=300%2C200&amp;ssl=1 300w, https:\/\/i0.wp.com\/elterritorialweb.com.ar\/web\/wp-content\/uploads\/2022\/03\/IMG-20220305-WA0015.jpg?resize=768%2C512&amp;ssl=1 768w, https:\/\/i0.wp.com\/elterritorialweb.com.ar\/web\/wp-content\/uploads\/2022\/03\/IMG-20220305-WA0015.jpg?w=1500&amp;ssl=1 1500w, https:\/\/i0.wp.com\/elterritorialweb.com.ar\/web\/wp-content\/uploads\/2022\/03\/IMG-20220305-WA0015.jpg?w=1280 1280w\" data-sizes=\"(max-width: 396px) 100vw, 396px\" src=\"data:image\/svg+xml;base64,PHN2ZyB3aWR0aD0iMSIgaGVpZ2h0PSIxIiB4bWxucz0iaHR0cDovL3d3dy53My5vcmcvMjAwMC9zdmciPjwvc3ZnPg==\" style=\"--smush-placeholder-width: 396px; --smush-placeholder-aspect-ratio: 396\/264;\" \/><\/a><figcaption>Dani Hoyos<\/figcaption><\/figure>\n\n\n\n<p>La primer jornada cont\u00f3 tambi\u00e9n con el show de la Clave, El Revuelo, Decim\u00e9 Chango, Bande\u00f1as, Pachorra, Masoj \u00d1aupa, Yoni Cejas, Dani Hoyos, Los Palmare\u00f1os, Antifaz y las academias de danzas.<\/p>\n","protected":false},"excerpt":{"rendered":"<p>En una noche muy especial donde brillaron Abel Pinto y La Konga, y el p\u00fablico pudo disfrutar con alegr\u00eda del espect\u00e1culo.<\/p>\n","protected":false},"author":2,"featured_media":36199,"comment_status":"open","ping_status":"open","sticky":false,"template":"","format":"standard","meta":{"om_disable_all_campaigns":false,"_monsterinsights_skip_tracking":false,"_monsterinsights_sitenote_active":false,"_monsterinsights_sitenote_note":"","_monsterinsights_sitenote_category":0,"_uf_show_specific_survey":0,"_uf_disable_surveys":false,"jetpack_post_was_ever_published":false,"_jetpack_newsletter_access":"","_jetpack_dont_email_post_to_subs":false,"_jetpack_newsletter_tier_id":0,"_jetpack_memberships_contains_paywalled_content":false,"_jetpack_memberships_contains_paid_content":false,"footnotes":"","jetpack_publicize_message":"","jetpack_publicize_feature_enabled":true,"jetpack_social_post_already_shared":false,"jetpack_social_options":{"image_generator_settings":{"template":"highway","default_image_id":0,"font":"","enabled":false},"version":2}},"categories":[20],"tags":[],"class_list":["post-36198","post","type-post","status-publish","format-standard","has-post-thumbnail","hentry","category-especysociales"],"aioseo_notices":[],"views":13,"jetpack_publicize_connections":[],"jetpack_featured_media_url":"https:\/\/i0.wp.com\/elterritorialweb.com.ar\/web\/wp-content\/uploads\/2022\/03\/IMG-20220305-WA0014.jpg?fit=1599%2C1066&ssl=1","jetpack_sharing_enabled":true,"_links":{"self":[{"href":"https:\/\/elterritorialweb.com.ar\/web\/wp-json\/wp\/v2\/posts\/36198","targetHints":{"allow":["GET"]}}],"collection":[{"href":"https:\/\/elterritorialweb.com.ar\/web\/wp-json\/wp\/v2\/posts"}],"about":[{"href":"https:\/\/elterritorialweb.com.ar\/web\/wp-json\/wp\/v2\/types\/post"}],"author":[{"embeddable":true,"href":"https:\/\/elterritorialweb.com.ar\/web\/wp-json\/wp\/v2\/users\/2"}],"replies":[{"embeddable":true,"href":"https:\/\/elterritorialweb.com.ar\/web\/wp-json\/wp\/v2\/comments?post=36198"}],"version-history":[{"count":2,"href":"https:\/\/elterritorialweb.com.ar\/web\/wp-json\/wp\/v2\/posts\/36198\/revisions"}],"predecessor-version":[{"id":36206,"href":"https:\/\/elterritorialweb.com.ar\/web\/wp-json\/wp\/v2\/posts\/36198\/revisions\/36206"}],"wp:featuredmedia":[{"embeddable":true,"href":"https:\/\/elterritorialweb.com.ar\/web\/wp-json\/wp\/v2\/media\/36199"}],"wp:attachment":[{"href":"https:\/\/elterritorialweb.com.ar\/web\/wp-json\/wp\/v2\/media?parent=36198"}],"wp:term":[{"taxonomy":"category","embeddable":true,"href":"https:\/\/elterritorialweb.com.ar\/web\/wp-json\/wp\/v2\/categories?post=36198"},{"taxonomy":"post_tag","embeddable":true,"href":"https:\/\/elterritorialweb.com.ar\/web\/wp-json\/wp\/v2\/tags?post=36198"}],"curies":[{"name":"wp","href":"https:\/\/api.w.org\/{rel}","templated":true}]}}