{"id":36216,"date":"2022-03-06T03:03:51","date_gmt":"2022-03-06T03:03:51","guid":{"rendered":"http:\/\/elterritorialweb.com.ar\/web\/?p=36216"},"modified":"2022-03-06T03:06:47","modified_gmt":"2022-03-06T03:06:47","slug":"suar-vuelve-al-protagonico-con-los-protectores","status":"publish","type":"post","link":"https:\/\/elterritorialweb.com.ar\/web\/suar-vuelve-al-protagonico-con-los-protectores\/","title":{"rendered":"SUAR VUELVE AL PROTAG\u00d3NICO CON \u00abLOS PROTECTORES\u00bb"},"content":{"rendered":"\n<p>Adri\u00e1n Suar se prepara para su primera aparici\u00f3n como actor en el terreno del streaming con el protag\u00f3nico de \u00abLos Protectores\u00bb,&nbsp;<strong>serie de comedia que comparte con Gustavo Berm\u00fadez y el colombiano Andr\u00e9s Parra como un disfuncional tr\u00edo de representantes de futbolistas,&nbsp;<\/strong>y que llegar\u00e1 a Star+ el pr\u00f3ximo mi\u00e9rcoles con una propuesta \u00abfresca y con la que la gente se puede re\u00edr\u00bb que busca el puro entretenimiento como m\u00e1ximo objetivo.<\/p>\n\n\n\n<p>\u00abLa verdad es que no ten\u00eda otra pretensi\u00f3n m\u00e1s que esa, que la gente la pase bien. Para m\u00ed es el mejor elogio, es m\u00fasica para mis o\u00eddos\u00bb, reconoce en di\u00e1logo con T\u00e9lam quien, desde la fundaci\u00f3n de Pol-ka en los 90, logr\u00f3 constituirse como una figura clave de la industria del entretenimiento nacional.<\/p>\n\n\n\n<p>La conversaci\u00f3n tiene lugar en una modesta casa de la acomodada zona de Olivos, donde se alquilaron otras dos viviendas para la producci\u00f3n, y transcurre entre ensayos y grabaciones para la segunda temporada de la tira, que a\u00fan no tiene fecha de estreno pero que refleja la clara apuesta que la mencionada plataforma prev\u00e9 para sus audiencias locales y regionales con este contenido.<\/p>\n\n\n\n<figure class=\"wp-block-image size-full\"><a href=\"https:\/\/i0.wp.com\/elterritorialweb.com.ar\/web\/wp-content\/uploads\/2022\/03\/H4N44SFW5NDA5FENYHIXUL6GAQ.jpg\"><img data-recalc-dims=\"1\" decoding=\"async\" width=\"640\" height=\"427\" data-src=\"https:\/\/i0.wp.com\/elterritorialweb.com.ar\/web\/wp-content\/uploads\/2022\/03\/H4N44SFW5NDA5FENYHIXUL6GAQ.jpg?resize=640%2C427\" alt=\"\" class=\"wp-image-36219 lazyload\" data-srcset=\"https:\/\/i0.wp.com\/elterritorialweb.com.ar\/web\/wp-content\/uploads\/2022\/03\/H4N44SFW5NDA5FENYHIXUL6GAQ.jpg?w=768&amp;ssl=1 768w, https:\/\/i0.wp.com\/elterritorialweb.com.ar\/web\/wp-content\/uploads\/2022\/03\/H4N44SFW5NDA5FENYHIXUL6GAQ.jpg?resize=300%2C200&amp;ssl=1 300w\" data-sizes=\"(max-width: 640px) 100vw, 640px\" src=\"data:image\/svg+xml;base64,PHN2ZyB3aWR0aD0iMSIgaGVpZ2h0PSIxIiB4bWxucz0iaHR0cDovL3d3dy53My5vcmcvMjAwMC9zdmciPjwvc3ZnPg==\" style=\"--smush-placeholder-width: 640px; --smush-placeholder-aspect-ratio: 640\/427;\" \/><\/a><\/figure>\n\n\n\n<p>Se trata de una tira que se asume ligera y, fiel a un estilo que Suar supo cultivar con \u00e9xito durante d\u00e9cadas, cercana a los estereotipos idiosincr\u00e1sicos rioplatenses. Es ese tono popular, relajado y simp\u00e1tico, familiar para las audiencias locales, el que atraviesa sus ocho episodios y se traslada a esta conversaci\u00f3n que el actor brinda junto a Berm\u00fadez para esta agencia en un parate de los rodajes.<\/p>\n\n\n\n<p><strong>En la ficci\u00f3n, escrita y dirigida por Marcos Carnevale,<\/strong>&nbsp;la dupla interpreta respectivamente a Renzo \u00abMago\u00bb Magoya y a Carlos \u00abConde\u00bb Mendiz\u00e1bal, un par de porte\u00f1os de ley, amigos y socios de toda la vida, que se hallan al borde de la quiebra de la agencia de representaci\u00f3n de jugadores de f\u00fatbol que heredaron de sus padres.<\/p>\n\n\n\n<p>Sin embargo, cuando todo est\u00e1 por derrumbarse, ven en un colega colombiano rival, Reynaldo Mor\u00e1n -interpretado por Parra, quien seg\u00fan Suar \u00abjerarquiza la serie por completo\u00bb-, la oportunidad para mantenerse a flote. \u00bfLa idea? Armar una nueva sociedad que no s\u00f3lo se encargue de los contratos y negocios de sus clientes, sino tambi\u00e9n de su contenci\u00f3n emocional: as\u00ed nacen \u00abLos Protectores\u00bb.<\/p>\n\n\n\n<p>A partir de all\u00ed, el heterog\u00e9neo grupo de hombres de mediana edad deber\u00e1 lidiar con las complicaciones personales y las metidas de pata de sus codiciadas figuras deportivas, as\u00ed como con sus propias tribulaciones en sus experiencias amorosas y familiares. En el medio abundan los enredos y las puteadas, y asoma la inevitable pero algo superficial aparici\u00f3n de piezas contempor\u00e1neas, como la paternidad de un hijo de g\u00e9nero no binario en el personaje de \u00abConde\u00bb.<\/p>\n\n\n\n<figure class=\"wp-block-embed is-type-video is-provider-youtube wp-block-embed-youtube wp-embed-aspect-16-9 wp-has-aspect-ratio\"><div class=\"wp-block-embed__wrapper\">\nhttps:\/\/youtu.be\/PJS4lkSHI1E\n<\/div><\/figure>\n\n\n\n<p>\u00abMe parece que partimos de la vida misma, de lo que uno conoce. No es algo autobiogr\u00e1fico, aunque s\u00ed se ponen cosas de uno mismo en los personajes, pero se arman en base a las historias de las relaciones entre seres humanos, que siempre tienen una serie de temas que se parecen y se repiten\u00bb, explica Suar sobre la construcci\u00f3n de los protag\u00f3nicos.<\/p>\n\n\n\n<p>Del otro lado del fut\u00f3n en el que toman el descanso, Berm\u00fadez, cuya amistad de largu\u00edsima data con su compa\u00f1ero produce una suerte de cari\u00f1osa complementaci\u00f3n en sus respuestas para la entrevista, resume y afirma la idea: \u00abTodo lo que le pasa a estos personajes son cosas universales, cosas que le pasan a las personas\u00bb.<\/p>\n\n\n\n<p>\u00abMe parece que, desde la mirada de Adri\u00e1n, no se especula tanto durante el desarrollo del proyecto -agrega el carism\u00e1tico gal\u00e1n de recordadas novelas como &#8216;Nano&#8217; sobre el p\u00fablico al que apunta la tira-. Primero prepara un buen producto, que le guste a la mayor cantidad de gente posible, y despu\u00e9s, que pase lo que tenga que pasar\u00bb, sostiene.<\/p>\n\n\n\n<p>En ese sentido, Berm\u00fadez considera que \u00abLos Protectores\u00bb se inscribe tambi\u00e9n en ese recorrido: \u00ab\u00c9l es m\u00e1s visceral, m\u00e1s aut\u00e9ntico en la b\u00fasqueda de un producto que primero le guste a \u00e9l, que se sienta orgulloso de present\u00e1rselo al p\u00fablico\u00bb, asevera.<\/p>\n\n\n\n<figure class=\"wp-block-image size-full\"><a href=\"https:\/\/i0.wp.com\/elterritorialweb.com.ar\/web\/wp-content\/uploads\/2022\/03\/4USGKVFAT5H5TA2JQ4UIGOF3IQ.jpg\"><img data-recalc-dims=\"1\" decoding=\"async\" width=\"400\" height=\"267\" data-src=\"https:\/\/i0.wp.com\/elterritorialweb.com.ar\/web\/wp-content\/uploads\/2022\/03\/4USGKVFAT5H5TA2JQ4UIGOF3IQ.jpg?resize=400%2C267\" alt=\"\" class=\"wp-image-36221 lazyload\" data-srcset=\"https:\/\/i0.wp.com\/elterritorialweb.com.ar\/web\/wp-content\/uploads\/2022\/03\/4USGKVFAT5H5TA2JQ4UIGOF3IQ.jpg?w=400&amp;ssl=1 400w, https:\/\/i0.wp.com\/elterritorialweb.com.ar\/web\/wp-content\/uploads\/2022\/03\/4USGKVFAT5H5TA2JQ4UIGOF3IQ.jpg?resize=300%2C200&amp;ssl=1 300w\" data-sizes=\"(max-width: 400px) 100vw, 400px\" src=\"data:image\/svg+xml;base64,PHN2ZyB3aWR0aD0iMSIgaGVpZ2h0PSIxIiB4bWxucz0iaHR0cDovL3d3dy53My5vcmcvMjAwMC9zdmciPjwvc3ZnPg==\" style=\"--smush-placeholder-width: 400px; --smush-placeholder-aspect-ratio: 400\/267;\" \/><\/a><\/figure>\n\n\n\n<p>Adem\u00e1s, sobre su regreso a la actuaci\u00f3n despu\u00e9s de ocho a\u00f1os de alejamiento del rubro -con algunas t\u00edmidas reapariciones-, asegura que lo vive como \u00abuna experiencia muy linda\u00bb, y que parte de ese balance se debe a que \u00abse arm\u00f3 un equipo de trabajo muy divertido, que da ganas de venir a trabajar en la serie\u00bb.<\/p>\n\n\n\n<p>\u00abEs un tr\u00edo muy entretenido. Espero que lleguemos a la mayor cantidad de gente posible y que las audiencias la pasen bien, que quieran ver m\u00e1s. A m\u00ed como espectador me pasa eso, espero que a los dem\u00e1s tambi\u00e9n\u00bb, se ilusiona.<\/p>\n\n\n\n<p>Poco tiempo separa el encuentro del necesario retorno de los int\u00e9rpretes al ruedo de las filmaciones, que con un ritmo menos fren\u00e9tico del que se podr\u00eda suponer, se desenvuelve entre decenas de t\u00e9cnicos de sonido, iluminaci\u00f3n y c\u00e1maras.<\/p>\n\n\n\n<p>El populoso escenario, en el que no faltan las y los vecinos curiosos que preguntan de qu\u00e9 se trata el asunto, ocurre en la vivienda ficticia de Nora, la hermana del personaje de Suar llevada a la pantalla por Jorgelina Aruzzi. La actriz, premiada por su rol en \u00abEl hombre de tu vida\u00bb (2011), comparte elenco con otras figuras como Laura Fern\u00e1ndez, Gabriel Schultz, Yayo Guridi y Viviana Saccone.<\/p>\n\n\n\n<h3 class=\"wp-block-heading\">Panorama de la tv actual<\/h3>\n\n\n\n<p>Aun as\u00ed, antes de finalizar, Adri\u00e1n Suar se permite un \u00faltimo impasse para dar su mirada sobre el panorama de la televisi\u00f3n nacional en estos tiempos marcados por el streaming, el medio que hoy reina en el audiovisual y al que llega \u00abLos Protectores\u00bb, que antes de su desembarco en Star+ tendr\u00e1 un preestreno exclusivo de sus dos primeros episodios en eltrece el 7 y 8 de marzo a las 21.<\/p>\n\n\n\n<p>\u00abSiempre digo que mi responsabilidad es mejorar la pantalla. Cuando hago mal las cosas, la empeoro, y cuando trato de mejorar y sale, la mejoro.&nbsp;<strong>Creo que en Argentina y en Latinoam\u00e9rica, el p\u00fablico tiene ganas de ver buena ficci\u00f3n. En ese sentido, levantar la punter\u00eda es una responsabilidad\u00bb<\/strong>, asegura.<\/p>\n\n\n\n<p>Por eso, cree que&nbsp;<strong>el \u00abstreaming vino a ayudar mucho a la industria\u00bb<\/strong>, ya que \u00abla TV abierta no va a poder aguantar lo que aguantaba en los 90 con la ficci\u00f3n\u00bb: \u00abNo creo que vuelva a suceder, pero esto vino para quedarse y para colaborar\u00bb, sigue.<\/p>\n\n\n\n<p>\u00abVa a poner a la industria del entretenimiento nacional nuevamente en el ojo del mundo, porque nunca se sabe, a lo mejor &#8216;Los Protectores&#8217;, o alguna otra serie de otro realizador, puede llegar y tener \u00e9xito internacional\u00bb, dice. Y, con claros \u00e1nimos de adaptaci\u00f3n, advierte: \u00abHay que estar preparados\u00bb.<\/p>\n","protected":false},"excerpt":{"rendered":"<p>Se trata de una tira que se asume ligera y, fiel a un estilo que Suar supo cultivar con \u00e9xito, cercana a los estereotipos idiosincr\u00e1sicos rioplatenses. Con ese tono popular, relajado y simp\u00e1tico que atraviesan sus ocho episodios llegar\u00e1 a Star+ el pr\u00f3ximo mi\u00e9rcoles.<\/p>\n","protected":false},"author":2,"featured_media":36217,"comment_status":"open","ping_status":"open","sticky":false,"template":"","format":"standard","meta":{"om_disable_all_campaigns":false,"_monsterinsights_skip_tracking":false,"_monsterinsights_sitenote_active":false,"_monsterinsights_sitenote_note":"","_monsterinsights_sitenote_category":0,"_uf_show_specific_survey":0,"_uf_disable_surveys":false,"jetpack_post_was_ever_published":false,"_jetpack_newsletter_access":"","_jetpack_dont_email_post_to_subs":false,"_jetpack_newsletter_tier_id":0,"_jetpack_memberships_contains_paywalled_content":false,"_jetpack_memberships_contains_paid_content":false,"footnotes":"","jetpack_publicize_message":"","jetpack_publicize_feature_enabled":true,"jetpack_social_post_already_shared":false,"jetpack_social_options":{"image_generator_settings":{"template":"highway","default_image_id":0,"font":"","enabled":false},"version":2}},"categories":[20],"tags":[],"class_list":["post-36216","post","type-post","status-publish","format-standard","has-post-thumbnail","hentry","category-especysociales"],"aioseo_notices":[],"views":11,"jetpack_publicize_connections":[],"jetpack_featured_media_url":"https:\/\/i0.wp.com\/elterritorialweb.com.ar\/web\/wp-content\/uploads\/2022\/03\/7FKJ44EDRNA27FHV7DAYUGO3NI.jpg?fit=382%2C254&ssl=1","jetpack_sharing_enabled":true,"_links":{"self":[{"href":"https:\/\/elterritorialweb.com.ar\/web\/wp-json\/wp\/v2\/posts\/36216","targetHints":{"allow":["GET"]}}],"collection":[{"href":"https:\/\/elterritorialweb.com.ar\/web\/wp-json\/wp\/v2\/posts"}],"about":[{"href":"https:\/\/elterritorialweb.com.ar\/web\/wp-json\/wp\/v2\/types\/post"}],"author":[{"embeddable":true,"href":"https:\/\/elterritorialweb.com.ar\/web\/wp-json\/wp\/v2\/users\/2"}],"replies":[{"embeddable":true,"href":"https:\/\/elterritorialweb.com.ar\/web\/wp-json\/wp\/v2\/comments?post=36216"}],"version-history":[{"count":2,"href":"https:\/\/elterritorialweb.com.ar\/web\/wp-json\/wp\/v2\/posts\/36216\/revisions"}],"predecessor-version":[{"id":36222,"href":"https:\/\/elterritorialweb.com.ar\/web\/wp-json\/wp\/v2\/posts\/36216\/revisions\/36222"}],"wp:featuredmedia":[{"embeddable":true,"href":"https:\/\/elterritorialweb.com.ar\/web\/wp-json\/wp\/v2\/media\/36217"}],"wp:attachment":[{"href":"https:\/\/elterritorialweb.com.ar\/web\/wp-json\/wp\/v2\/media?parent=36216"}],"wp:term":[{"taxonomy":"category","embeddable":true,"href":"https:\/\/elterritorialweb.com.ar\/web\/wp-json\/wp\/v2\/categories?post=36216"},{"taxonomy":"post_tag","embeddable":true,"href":"https:\/\/elterritorialweb.com.ar\/web\/wp-json\/wp\/v2\/tags?post=36216"}],"curies":[{"name":"wp","href":"https:\/\/api.w.org\/{rel}","templated":true}]}}