{"id":36224,"date":"2022-03-06T05:33:08","date_gmt":"2022-03-06T05:33:08","guid":{"rendered":"http:\/\/elterritorialweb.com.ar\/web\/?p=36224"},"modified":"2022-03-06T05:33:09","modified_gmt":"2022-03-06T05:33:09","slug":"zelenski-pide-a-los-eeuu-una-zona-de-exclusion-aerea","status":"publish","type":"post","link":"https:\/\/elterritorialweb.com.ar\/web\/zelenski-pide-a-los-eeuu-una-zona-de-exclusion-aerea\/","title":{"rendered":"ZELENSKI PIDE A LOS EEUU UNA ZONA DE EXCLUSI\u00d3N A\u00c9REA"},"content":{"rendered":"\n<p>El presidente de Ucrania, Volodimir Zelenski, insisti\u00f3 este s\u00e1bado, esta vez ante integrantes del Congreso de Estados Unidos, en reclamar la imposici\u00f3n de una zona de exclusi\u00f3n a\u00e9rea sobre Ucrania y sanciones m\u00e1s duras contra Mosc\u00fa.<\/p>\n\n\n\n<p>Zelenski comparti\u00f3 una charla, por videoconferencia, de alrededor de una hora con congresistas estadounidenses, oportunidad en la que consider\u00f3 al \u00e1mbito de la energ\u00eda como uno de los m\u00e1s indicados para la imposici\u00f3n de sanciones.<\/p>\n\n\n\n<p>El pedido de una zona de exclusi\u00f3n a\u00e9rea ya fue rechazado el viernes por la OTAN, que argument\u00f3 que una medida de ese tipo implicar\u00eda el env\u00edo de aviones de combate que deber\u00edan derribar cazas rusos, lo que significar\u00eda \u00abuna guerra total en Europa\u00bb, seg\u00fan palabras del secretario general del bloque, Jens Stoltenberg.<\/p>\n\n\n\n<p>Seg\u00fan la cadena CNN, el mandatario pidi\u00f3 adem\u00e1s un incremento de la ayuda militar para las fuerzas ucranianas.<\/p>\n\n\n\n<p>\u00abZelenski ha agradecido a Estados Unidos su ayuda y ha pedido m\u00e1s apoyo en materia de seguridad\u00bb, revel\u00f3 una fuente del Senado citada por el diario The New York Post.<\/p>\n\n\n\n<p>Otro senador presente en la videollamada cont\u00f3 que Zelenski pidi\u00f3 un embargo del petr\u00f3leo ruso, suspender todas las transacciones comerciales -incluidas Visa y Mastercard- e \u00abimplor\u00f3\u00bb el env\u00edo de m\u00e1s aviones de combate que podr\u00edan manejar pilotos ucranianos.<\/p>\n\n\n\n<p>Antes del final de la comunicaci\u00f3n, decenas de congresistas activaron sus micr\u00f3fonos para darle las gracias a Zelenski y algunos hasta afirmaron \u00abSlava Ukraini\u00bb (Gloria a Ucrania), un gesto que conmovi\u00f3 al mandatario europeo.<\/p>\n\n\n\n<p>Este s\u00e1bado, el presidente de Rusia, Vladimir Putin, consider\u00f3 que las sanciones que las potencias occidentales imponen sobre su pa\u00eds por la invasi\u00f3n \u00abson como una declaraci\u00f3n de guerra\u00bb e indic\u00f3 que todo pa\u00eds que imponga una zona de exclusi\u00f3n a\u00e9rea en Ucrania \u00abser\u00e1 considerado parte de conflicto\u00bb.<\/p>\n\n\n\n<p>\u00abEstamos al tanto de las declaraciones de que es necesario crear una zona de exclusi\u00f3n a\u00e9rea sobre Ucrania. (&#8230;) Cualquier paso en esta direcci\u00f3n ser\u00e1 considerado por nosotros como participaci\u00f3n en el conflicto armado de un pa\u00eds desde cuyo territorio se crear\u00e1n amenazas para nuestros militares\u00bb, manifest\u00f3.<\/p>\n","protected":false},"excerpt":{"rendered":"<p>Luego de fracasar en su intento de conseguir el apoyo de la alianza continental, el presidente ucraniano insisti\u00f3 con el pedido pero esta vez a los integrantes del Congreso de Estados Unidos, a los que adem\u00e1s les solicit\u00f3 que endurezcan las sanciones contra Rusia.<\/p>\n","protected":false},"author":2,"featured_media":36225,"comment_status":"open","ping_status":"open","sticky":false,"template":"","format":"standard","meta":{"om_disable_all_campaigns":false,"_monsterinsights_skip_tracking":false,"_monsterinsights_sitenote_active":false,"_monsterinsights_sitenote_note":"","_monsterinsights_sitenote_category":0,"_uf_show_specific_survey":0,"_uf_disable_surveys":false,"jetpack_post_was_ever_published":false,"_jetpack_newsletter_access":"","_jetpack_dont_email_post_to_subs":false,"_jetpack_newsletter_tier_id":0,"_jetpack_memberships_contains_paywalled_content":false,"_jetpack_memberships_contains_paid_content":false,"footnotes":"","jetpack_publicize_message":"","jetpack_publicize_feature_enabled":true,"jetpack_social_post_already_shared":false,"jetpack_social_options":{"image_generator_settings":{"template":"highway","default_image_id":0,"font":"","enabled":false},"version":2}},"categories":[10],"tags":[],"class_list":["post-36224","post","type-post","status-publish","format-standard","has-post-thumbnail","hentry","category-internacionales"],"aioseo_notices":[],"views":9,"jetpack_publicize_connections":[],"jetpack_featured_media_url":"https:\/\/i0.wp.com\/elterritorialweb.com.ar\/web\/wp-content\/uploads\/2022\/03\/J4RYMMYZTRBLVKBMPO2IIYNMUQ-1.jpg?fit=375%2C250&ssl=1","jetpack_sharing_enabled":true,"_links":{"self":[{"href":"https:\/\/elterritorialweb.com.ar\/web\/wp-json\/wp\/v2\/posts\/36224","targetHints":{"allow":["GET"]}}],"collection":[{"href":"https:\/\/elterritorialweb.com.ar\/web\/wp-json\/wp\/v2\/posts"}],"about":[{"href":"https:\/\/elterritorialweb.com.ar\/web\/wp-json\/wp\/v2\/types\/post"}],"author":[{"embeddable":true,"href":"https:\/\/elterritorialweb.com.ar\/web\/wp-json\/wp\/v2\/users\/2"}],"replies":[{"embeddable":true,"href":"https:\/\/elterritorialweb.com.ar\/web\/wp-json\/wp\/v2\/comments?post=36224"}],"version-history":[{"count":1,"href":"https:\/\/elterritorialweb.com.ar\/web\/wp-json\/wp\/v2\/posts\/36224\/revisions"}],"predecessor-version":[{"id":36226,"href":"https:\/\/elterritorialweb.com.ar\/web\/wp-json\/wp\/v2\/posts\/36224\/revisions\/36226"}],"wp:featuredmedia":[{"embeddable":true,"href":"https:\/\/elterritorialweb.com.ar\/web\/wp-json\/wp\/v2\/media\/36225"}],"wp:attachment":[{"href":"https:\/\/elterritorialweb.com.ar\/web\/wp-json\/wp\/v2\/media?parent=36224"}],"wp:term":[{"taxonomy":"category","embeddable":true,"href":"https:\/\/elterritorialweb.com.ar\/web\/wp-json\/wp\/v2\/categories?post=36224"},{"taxonomy":"post_tag","embeddable":true,"href":"https:\/\/elterritorialweb.com.ar\/web\/wp-json\/wp\/v2\/tags?post=36224"}],"curies":[{"name":"wp","href":"https:\/\/api.w.org\/{rel}","templated":true}]}}