{"id":36227,"date":"2022-03-06T05:42:12","date_gmt":"2022-03-06T05:42:12","guid":{"rendered":"http:\/\/elterritorialweb.com.ar\/web\/?p=36227"},"modified":"2022-03-06T05:42:13","modified_gmt":"2022-03-06T05:42:13","slug":"ya-son-80-los-argentinos-que-pudieron-salir-de-ucrania","status":"publish","type":"post","link":"https:\/\/elterritorialweb.com.ar\/web\/ya-son-80-los-argentinos-que-pudieron-salir-de-ucrania\/","title":{"rendered":"YA SON 80 LOS ARGENTINOS QUE PUDIERON SALIR DE UCRANIA"},"content":{"rendered":"\n<p>La canciller\u00eda inform\u00f3 que&nbsp;<strong>hasta este s\u00e1bado son 80 los argentinos los que pudieron egresar de Ucrania<\/strong>&nbsp;hacia diferentes pa\u00edses mediante \u00abla coordinaci\u00f3n permanente entre las representaciones diplom\u00e1ticas argentinas y por la colaboraci\u00f3n de autoridades migratorias locales\u00bb, y afirm\u00f3 que&nbsp;<strong>\u00abya no quedan connacionales que estuvieran transitoriamente\u00bb en ese pa\u00eds que se encuentra en guerra con Rusia<\/strong>.<\/p>\n\n\n\n<p>Entre las personas que pudieron egresar de Ucrania se encuentra la esposa del futbolista mendocino,&nbsp;<strong>Ger\u00f3nimo Poblete<\/strong>, y sus dos hijos que se encontraban en Jarkov, inform\u00f3 la Canciller\u00eda en un comunicado.<\/p>\n\n\n\n<p><strong>\u00abEgresaron de territorio ucranio hasta la fecha 80 argentinos y 14 extranjeros familiares de estos argentinos\u00bb<\/strong>, precis\u00f3 en el texto difundido por el Palacio San Mart\u00edn.<\/p>\n\n\n\n<p>Asimismo, record\u00f3 que Argentina dispuso una misi\u00f3n de Cascos Blancos e instal\u00f3 un Consulado M\u00f3vil, integrado por personal consular, y voluntarios especializados para asistir a los latinoamericanos que lleguen desde Ucrania a la frontera de Polonia.<\/p>\n\n\n\n<p>Esa iniciativa, explic\u00f3 la canciller\u00eda, tiene como objetivo facilitar la tramitaci\u00f3n documental, brindar contenci\u00f3n psicol\u00f3gica, y facilitar los medios log\u00edsticos para su paso a trav\u00e9s de la frontera, brindando orientaci\u00f3n para su posterior desplazamiento al destino donde se dirijan, \u00abtarea que se realiza de manera coordinada a trav\u00e9s de&nbsp;<strong>mecanismos de cooperaci\u00f3n en la red consular ampliada que conforman las representaciones de los pa\u00edses latinoamericanos en la regi\u00f3n<\/strong>\u00ab.<\/p>\n\n\n\n<p>Por otra parte, reiter\u00f3 a los connacionales que se encuentren en territorio ucraniano que \u00abes fundamental saber en d\u00f3nde se encuentran para poder asistirlos de la mejor manera\u00bb, por lo cual solicit\u00f3&nbsp;<strong>mantener abierto un canal de comunicaci\u00f3n con la Embajada<\/strong>, a trav\u00e9s de los canales habituales, como con la casilla habilitada por la canciller\u00eda a tal efecto: argentinosenucrania@mrecic.gov.ar .<\/p>\n","protected":false},"excerpt":{"rendered":"<p>Seg\u00fan el comunicado, \u00abya no quedan connacionales que estuvieran transitoriamente\u00bb en ese pa\u00eds, invadido por Rusia el pasado 24 de febrero, gracias a la coordinaci\u00f3n de las representaciones diplom\u00e1ticas argentinas que permiti\u00f3 evacuar a los compatriotas.<\/p>\n","protected":false},"author":2,"featured_media":36228,"comment_status":"open","ping_status":"open","sticky":false,"template":"","format":"standard","meta":{"om_disable_all_campaigns":false,"_monsterinsights_skip_tracking":false,"_monsterinsights_sitenote_active":false,"_monsterinsights_sitenote_note":"","_monsterinsights_sitenote_category":0,"_uf_show_specific_survey":0,"_uf_disable_surveys":false,"jetpack_post_was_ever_published":false,"_jetpack_newsletter_access":"","_jetpack_dont_email_post_to_subs":false,"_jetpack_newsletter_tier_id":0,"_jetpack_memberships_contains_paywalled_content":false,"_jetpack_memberships_contains_paid_content":false,"footnotes":"","jetpack_publicize_message":"","jetpack_publicize_feature_enabled":true,"jetpack_social_post_already_shared":false,"jetpack_social_options":{"image_generator_settings":{"template":"highway","default_image_id":0,"font":"","enabled":false},"version":2}},"categories":[10],"tags":[],"class_list":["post-36227","post","type-post","status-publish","format-standard","has-post-thumbnail","hentry","category-internacionales"],"aioseo_notices":[],"views":14,"jetpack_publicize_connections":[],"jetpack_featured_media_url":"https:\/\/i0.wp.com\/elterritorialweb.com.ar\/web\/wp-content\/uploads\/2022\/03\/LWWHO5VNSNAFHJ6BCXCGKLV3AY.jpg?fit=1023%2C682&ssl=1","jetpack_sharing_enabled":true,"_links":{"self":[{"href":"https:\/\/elterritorialweb.com.ar\/web\/wp-json\/wp\/v2\/posts\/36227","targetHints":{"allow":["GET"]}}],"collection":[{"href":"https:\/\/elterritorialweb.com.ar\/web\/wp-json\/wp\/v2\/posts"}],"about":[{"href":"https:\/\/elterritorialweb.com.ar\/web\/wp-json\/wp\/v2\/types\/post"}],"author":[{"embeddable":true,"href":"https:\/\/elterritorialweb.com.ar\/web\/wp-json\/wp\/v2\/users\/2"}],"replies":[{"embeddable":true,"href":"https:\/\/elterritorialweb.com.ar\/web\/wp-json\/wp\/v2\/comments?post=36227"}],"version-history":[{"count":1,"href":"https:\/\/elterritorialweb.com.ar\/web\/wp-json\/wp\/v2\/posts\/36227\/revisions"}],"predecessor-version":[{"id":36229,"href":"https:\/\/elterritorialweb.com.ar\/web\/wp-json\/wp\/v2\/posts\/36227\/revisions\/36229"}],"wp:featuredmedia":[{"embeddable":true,"href":"https:\/\/elterritorialweb.com.ar\/web\/wp-json\/wp\/v2\/media\/36228"}],"wp:attachment":[{"href":"https:\/\/elterritorialweb.com.ar\/web\/wp-json\/wp\/v2\/media?parent=36227"}],"wp:term":[{"taxonomy":"category","embeddable":true,"href":"https:\/\/elterritorialweb.com.ar\/web\/wp-json\/wp\/v2\/categories?post=36227"},{"taxonomy":"post_tag","embeddable":true,"href":"https:\/\/elterritorialweb.com.ar\/web\/wp-json\/wp\/v2\/tags?post=36227"}],"curies":[{"name":"wp","href":"https:\/\/api.w.org\/{rel}","templated":true}]}}