{"id":36239,"date":"2022-03-06T10:51:01","date_gmt":"2022-03-06T10:51:01","guid":{"rendered":"http:\/\/elterritorialweb.com.ar\/web\/?p=36239"},"modified":"2022-03-06T10:52:34","modified_gmt":"2022-03-06T10:52:34","slug":"mirolo-entrego-herramientas-e-insumos-para-impulsar-el-negocio-de-una-bandena","status":"publish","type":"post","link":"https:\/\/elterritorialweb.com.ar\/web\/mirolo-entrego-herramientas-e-insumos-para-impulsar-el-negocio-de-una-bandena\/","title":{"rendered":"MIROLO ENTREG\u00d3 HERRAMIENTAS E INSUMOS PARA IMPULSAR EL NEGOCIO DE UNA BANDE\u00d1A"},"content":{"rendered":"\n<p>En este sentido, el mandatario estuvo acompa\u00f1ado por el viceintendente, Roger Nediani; el secretario de Desarrollo Humano, Ramiro Barrera y el encargado de la Oficina de Emprendedores, Marcelo Abraham.<br>Asimismo, Johanna Correa de 22 a\u00f1os, vecina del barrio Villa Nueva, fue beneficiada por el programa del cual realiz\u00f3 los tramites corresponientes en la oficina mencionada, sita en Saenz Pe\u00f1a 54, por la que recibi\u00f3 herramientas para realizar diferentes trabajos de belleza capilar y cuidado est\u00e9tico, correspondiente a insumos para pesta\u00f1as, u\u00f1as, depilaci\u00f3n, cabellos, y dem\u00e1s.<\/p>\n\n\n\n<figure class=\"wp-block-image size-large\"><a href=\"https:\/\/i0.wp.com\/elterritorialweb.com.ar\/web\/wp-content\/uploads\/2022\/03\/IMG-20220305-WA0007.jpg\"><img data-recalc-dims=\"1\" decoding=\"async\" width=\"640\" height=\"426\" data-src=\"https:\/\/i0.wp.com\/elterritorialweb.com.ar\/web\/wp-content\/uploads\/2022\/03\/IMG-20220305-WA0007.jpg?resize=640%2C426\" alt=\"\" class=\"wp-image-36241 lazyload\" data-srcset=\"https:\/\/i0.wp.com\/elterritorialweb.com.ar\/web\/wp-content\/uploads\/2022\/03\/IMG-20220305-WA0007.jpg?resize=1024%2C682&amp;ssl=1 1024w, https:\/\/i0.wp.com\/elterritorialweb.com.ar\/web\/wp-content\/uploads\/2022\/03\/IMG-20220305-WA0007.jpg?resize=300%2C200&amp;ssl=1 300w, https:\/\/i0.wp.com\/elterritorialweb.com.ar\/web\/wp-content\/uploads\/2022\/03\/IMG-20220305-WA0007.jpg?resize=768%2C512&amp;ssl=1 768w, https:\/\/i0.wp.com\/elterritorialweb.com.ar\/web\/wp-content\/uploads\/2022\/03\/IMG-20220305-WA0007.jpg?w=1280&amp;ssl=1 1280w\" data-sizes=\"(max-width: 640px) 100vw, 640px\" src=\"data:image\/svg+xml;base64,PHN2ZyB3aWR0aD0iMSIgaGVpZ2h0PSIxIiB4bWxucz0iaHR0cDovL3d3dy53My5vcmcvMjAwMC9zdmciPjwvc3ZnPg==\" style=\"--smush-placeholder-width: 640px; --smush-placeholder-aspect-ratio: 640\/426;\" \/><\/a><\/figure>\n\n\n\n<p>La joven bande\u00f1a se refiri\u00f3 a la entrega como &#8216;un sue\u00f1o cumplido y una alegr\u00eda&#8217;, ya que es escenial para su proyecto de iniciar un centro est\u00e9tico, oficio en el que incursiona por trabajos anteriores en el rubro, para los que se fue especializando a lo largo de estos a\u00f1os.<br>Por su parte, Mirolo dijo: \u00abCada emprendimiento que entregamos es una apuesta m\u00e1s a generar puestos de trabajos, a buscar la inclusi\u00f3n educativa, a motivar a los emprendedores a que los j\u00f3venes tengan oportunidades, objetivo por el cual se inci\u00f3 este programa\u00bb.<\/p>\n","protected":false},"excerpt":{"rendered":"<p>En el marco del programa municipal &#8216;Emprendiendo Sue\u00f1os&#8217;, el intendente de la ciudad de La Banda, Pablo Mirolo entreg\u00f3 herramientas e insumos para impulsar el negocio de una vecina bande\u00f1a.<\/p>\n","protected":false},"author":2,"featured_media":36240,"comment_status":"open","ping_status":"open","sticky":false,"template":"","format":"standard","meta":{"om_disable_all_campaigns":false,"_monsterinsights_skip_tracking":false,"_monsterinsights_sitenote_active":false,"_monsterinsights_sitenote_note":"","_monsterinsights_sitenote_category":0,"_uf_show_specific_survey":0,"_uf_disable_surveys":false,"jetpack_post_was_ever_published":false,"_jetpack_newsletter_access":"","_jetpack_dont_email_post_to_subs":false,"_jetpack_newsletter_tier_id":0,"_jetpack_memberships_contains_paywalled_content":false,"_jetpack_memberships_contains_paid_content":false,"footnotes":"","jetpack_publicize_message":"","jetpack_publicize_feature_enabled":true,"jetpack_social_post_already_shared":false,"jetpack_social_options":{"image_generator_settings":{"template":"highway","default_image_id":0,"font":"","enabled":false},"version":2}},"categories":[21],"tags":[],"class_list":["post-36239","post","type-post","status-publish","format-standard","has-post-thumbnail","hentry","category-locales"],"aioseo_notices":[],"views":8,"jetpack_publicize_connections":[],"jetpack_featured_media_url":"https:\/\/i0.wp.com\/elterritorialweb.com.ar\/web\/wp-content\/uploads\/2022\/03\/IMG-20220305-WA0006.jpg?fit=1280%2C853&ssl=1","jetpack_sharing_enabled":true,"_links":{"self":[{"href":"https:\/\/elterritorialweb.com.ar\/web\/wp-json\/wp\/v2\/posts\/36239","targetHints":{"allow":["GET"]}}],"collection":[{"href":"https:\/\/elterritorialweb.com.ar\/web\/wp-json\/wp\/v2\/posts"}],"about":[{"href":"https:\/\/elterritorialweb.com.ar\/web\/wp-json\/wp\/v2\/types\/post"}],"author":[{"embeddable":true,"href":"https:\/\/elterritorialweb.com.ar\/web\/wp-json\/wp\/v2\/users\/2"}],"replies":[{"embeddable":true,"href":"https:\/\/elterritorialweb.com.ar\/web\/wp-json\/wp\/v2\/comments?post=36239"}],"version-history":[{"count":2,"href":"https:\/\/elterritorialweb.com.ar\/web\/wp-json\/wp\/v2\/posts\/36239\/revisions"}],"predecessor-version":[{"id":36243,"href":"https:\/\/elterritorialweb.com.ar\/web\/wp-json\/wp\/v2\/posts\/36239\/revisions\/36243"}],"wp:featuredmedia":[{"embeddable":true,"href":"https:\/\/elterritorialweb.com.ar\/web\/wp-json\/wp\/v2\/media\/36240"}],"wp:attachment":[{"href":"https:\/\/elterritorialweb.com.ar\/web\/wp-json\/wp\/v2\/media?parent=36239"}],"wp:term":[{"taxonomy":"category","embeddable":true,"href":"https:\/\/elterritorialweb.com.ar\/web\/wp-json\/wp\/v2\/categories?post=36239"},{"taxonomy":"post_tag","embeddable":true,"href":"https:\/\/elterritorialweb.com.ar\/web\/wp-json\/wp\/v2\/tags?post=36239"}],"curies":[{"name":"wp","href":"https:\/\/api.w.org\/{rel}","templated":true}]}}