{"id":36245,"date":"2022-03-06T10:59:26","date_gmt":"2022-03-06T10:59:26","guid":{"rendered":"http:\/\/elterritorialweb.com.ar\/web\/?p=36245"},"modified":"2022-03-06T11:05:37","modified_gmt":"2022-03-06T11:05:37","slug":"la-comuna-bandena-invita-a-participar-de-una-caminata-de-mujeres-el-proximo-8-de-marzo","status":"publish","type":"post","link":"https:\/\/elterritorialweb.com.ar\/web\/la-comuna-bandena-invita-a-participar-de-una-caminata-de-mujeres-el-proximo-8-de-marzo\/","title":{"rendered":"LA COMUNA BANDE\u00d1A INVITA A PARTICIPAR DE UNA CAMINATA DE MUJERES EL PR\u00d3XIMO 8 DE MARZO"},"content":{"rendered":"\n<p>La iniciativa invita a participar a todas las mujeres de la Caminata de Mujeres #8M que se realizar\u00e1 el Martes 8 de Marzo a las 9.<br>La misma tendr\u00e1 su punto de encuentro en la explanada de la Municipalidad de La Banda y culminar\u00e1 en la Plaza Manuel Belgrano.<br>\u00abEste 8 de marzo, no paramos, nosotras marchamos. Marchamos por nuestras vidas,<br>por las generaciones que no pudieron hacerlo y por las futuras, por las que ya no est\u00e1n, por las que fueron y contin\u00faan siendo vulneradas y violentadas, por m\u00ed, por mi mam\u00e1, por mi hija,<br>por mis hermanas, por mis amigas, por todas.<br>Queremos caminar libres, queremos sentirnos seguras, queremos vivir en paz\u00bb, as\u00ed expresa la consigna de la propuesta difundida en redes sociales por el \u00e1rea de la Secretar\u00eda de Desarrollo Humano.<\/p>\n\n\n\n<figure class=\"wp-block-image size-large\"><a href=\"https:\/\/i0.wp.com\/elterritorialweb.com.ar\/web\/wp-content\/uploads\/2022\/03\/IMG-20220305-WA0005.jpg\"><img data-recalc-dims=\"1\" decoding=\"async\" width=\"640\" height=\"951\" data-src=\"https:\/\/i0.wp.com\/elterritorialweb.com.ar\/web\/wp-content\/uploads\/2022\/03\/IMG-20220305-WA0005.jpg?resize=640%2C951\" alt=\"\" class=\"wp-image-36247 lazyload\" data-srcset=\"https:\/\/i0.wp.com\/elterritorialweb.com.ar\/web\/wp-content\/uploads\/2022\/03\/IMG-20220305-WA0005.jpg?resize=689%2C1024&amp;ssl=1 689w, https:\/\/i0.wp.com\/elterritorialweb.com.ar\/web\/wp-content\/uploads\/2022\/03\/IMG-20220305-WA0005.jpg?resize=202%2C300&amp;ssl=1 202w, https:\/\/i0.wp.com\/elterritorialweb.com.ar\/web\/wp-content\/uploads\/2022\/03\/IMG-20220305-WA0005.jpg?resize=768%2C1142&amp;ssl=1 768w, https:\/\/i0.wp.com\/elterritorialweb.com.ar\/web\/wp-content\/uploads\/2022\/03\/IMG-20220305-WA0005.jpg?w=861&amp;ssl=1 861w\" data-sizes=\"(max-width: 640px) 100vw, 640px\" src=\"data:image\/svg+xml;base64,PHN2ZyB3aWR0aD0iMSIgaGVpZ2h0PSIxIiB4bWxucz0iaHR0cDovL3d3dy53My5vcmcvMjAwMC9zdmciPjwvc3ZnPg==\" style=\"--smush-placeholder-width: 640px; --smush-placeholder-aspect-ratio: 640\/951;\" \/><\/a><\/figure>\n","protected":false},"excerpt":{"rendered":"<p>La Oficina de G\u00e9nero dependiente de la Direcci\u00f3n de Desarrollo Social y Pol\u00edticas Sanitarias realizar\u00e1 una caminata de mujeres en conmemoraci\u00f3n al D\u00eda Internacional de la Mujer.<\/p>\n","protected":false},"author":2,"featured_media":36246,"comment_status":"open","ping_status":"open","sticky":false,"template":"","format":"standard","meta":{"om_disable_all_campaigns":false,"_monsterinsights_skip_tracking":false,"_monsterinsights_sitenote_active":false,"_monsterinsights_sitenote_note":"","_monsterinsights_sitenote_category":0,"_uf_show_specific_survey":0,"_uf_disable_surveys":false,"jetpack_post_was_ever_published":false,"_jetpack_newsletter_access":"","_jetpack_dont_email_post_to_subs":false,"_jetpack_newsletter_tier_id":0,"_jetpack_memberships_contains_paywalled_content":false,"_jetpack_memberships_contains_paid_content":false,"footnotes":"","jetpack_publicize_message":"","jetpack_publicize_feature_enabled":true,"jetpack_social_post_already_shared":false,"jetpack_social_options":{"image_generator_settings":{"template":"highway","default_image_id":0,"font":"","enabled":false},"version":2}},"categories":[21],"tags":[],"class_list":["post-36245","post","type-post","status-publish","format-standard","has-post-thumbnail","hentry","category-locales"],"aioseo_notices":[],"views":7,"jetpack_publicize_connections":[],"jetpack_featured_media_url":"https:\/\/i0.wp.com\/elterritorialweb.com.ar\/web\/wp-content\/uploads\/2022\/03\/OHR5RBYLWNGQ5PMXW4A5YWLJIU.jpg?fit=420%2C290&ssl=1","jetpack_sharing_enabled":true,"_links":{"self":[{"href":"https:\/\/elterritorialweb.com.ar\/web\/wp-json\/wp\/v2\/posts\/36245","targetHints":{"allow":["GET"]}}],"collection":[{"href":"https:\/\/elterritorialweb.com.ar\/web\/wp-json\/wp\/v2\/posts"}],"about":[{"href":"https:\/\/elterritorialweb.com.ar\/web\/wp-json\/wp\/v2\/types\/post"}],"author":[{"embeddable":true,"href":"https:\/\/elterritorialweb.com.ar\/web\/wp-json\/wp\/v2\/users\/2"}],"replies":[{"embeddable":true,"href":"https:\/\/elterritorialweb.com.ar\/web\/wp-json\/wp\/v2\/comments?post=36245"}],"version-history":[{"count":1,"href":"https:\/\/elterritorialweb.com.ar\/web\/wp-json\/wp\/v2\/posts\/36245\/revisions"}],"predecessor-version":[{"id":36248,"href":"https:\/\/elterritorialweb.com.ar\/web\/wp-json\/wp\/v2\/posts\/36245\/revisions\/36248"}],"wp:featuredmedia":[{"embeddable":true,"href":"https:\/\/elterritorialweb.com.ar\/web\/wp-json\/wp\/v2\/media\/36246"}],"wp:attachment":[{"href":"https:\/\/elterritorialweb.com.ar\/web\/wp-json\/wp\/v2\/media?parent=36245"}],"wp:term":[{"taxonomy":"category","embeddable":true,"href":"https:\/\/elterritorialweb.com.ar\/web\/wp-json\/wp\/v2\/categories?post=36245"},{"taxonomy":"post_tag","embeddable":true,"href":"https:\/\/elterritorialweb.com.ar\/web\/wp-json\/wp\/v2\/tags?post=36245"}],"curies":[{"name":"wp","href":"https:\/\/api.w.org\/{rel}","templated":true}]}}