{"id":36267,"date":"2022-03-06T21:38:06","date_gmt":"2022-03-06T21:38:06","guid":{"rendered":"http:\/\/elterritorialweb.com.ar\/web\/?p=36267"},"modified":"2022-03-06T21:38:06","modified_gmt":"2022-03-06T21:38:06","slug":"la-comuna-bandena-realizo-com-gran-exito-el-carnaval-retro","status":"publish","type":"post","link":"https:\/\/elterritorialweb.com.ar\/web\/la-comuna-bandena-realizo-com-gran-exito-el-carnaval-retro\/","title":{"rendered":"LA COMUNA BANDE\u00d1A REALIZ\u00d3 COM GRAN \u00c9XITO EL CARNAVAL RETRO"},"content":{"rendered":"\n<p>A pesar de las inclemencia del tiempo, con amplia convocatoria los presentes bailaron al ritmo de la cumbia de La Banda del Petiso y la guaracha de Sebasti\u00e1n Vega,\u00a0 donde adem\u00e1s, durante toda la noche, los presentes participaron de sorteos de regalos y \u00a0vouchers por parte de Reddan, Moka y diferentes locales comerciales.<br>Acompa\u00f1aron las autoridades municipales,como el secretario de desarrollo Humano, Ramiro Barrera, la Subsecretar\u00eda Valeria Chazarreta y la directora de Desarrollo social, Romina Mart\u00edn Ru\u00edz.<\/p>\n\n\n\n<figure class=\"wp-block-image size-large\"><a href=\"https:\/\/i0.wp.com\/elterritorialweb.com.ar\/web\/wp-content\/uploads\/2022\/03\/IMG-20220306-WA0007.jpg\"><img data-recalc-dims=\"1\" decoding=\"async\" width=\"640\" height=\"426\" data-src=\"https:\/\/i0.wp.com\/elterritorialweb.com.ar\/web\/wp-content\/uploads\/2022\/03\/IMG-20220306-WA0007.jpg?resize=640%2C426\" alt=\"\" class=\"wp-image-36269 lazyload\" data-srcset=\"https:\/\/i0.wp.com\/elterritorialweb.com.ar\/web\/wp-content\/uploads\/2022\/03\/IMG-20220306-WA0007.jpg?resize=1024%2C682&amp;ssl=1 1024w, https:\/\/i0.wp.com\/elterritorialweb.com.ar\/web\/wp-content\/uploads\/2022\/03\/IMG-20220306-WA0007.jpg?resize=300%2C200&amp;ssl=1 300w, https:\/\/i0.wp.com\/elterritorialweb.com.ar\/web\/wp-content\/uploads\/2022\/03\/IMG-20220306-WA0007.jpg?resize=768%2C512&amp;ssl=1 768w, https:\/\/i0.wp.com\/elterritorialweb.com.ar\/web\/wp-content\/uploads\/2022\/03\/IMG-20220306-WA0007.jpg?w=1280&amp;ssl=1 1280w\" data-sizes=\"(max-width: 640px) 100vw, 640px\" src=\"data:image\/svg+xml;base64,PHN2ZyB3aWR0aD0iMSIgaGVpZ2h0PSIxIiB4bWxucz0iaHR0cDovL3d3dy53My5vcmcvMjAwMC9zdmciPjwvc3ZnPg==\" style=\"--smush-placeholder-width: 640px; --smush-placeholder-aspect-ratio: 640\/426;\" \/><\/a><\/figure>\n\n\n\n<p>Por su parte, la encargada de la oficina de la Secretar\u00edade Desarrollo Humano, Mariana Santillan destac\u00f3 el desarrollo de la jornada, \u00a0la alegr\u00eda y energ\u00eda con la que se vivi\u00f3 el momento, y dijo: \u201cDesde la oficina, tenemos como objetivo promover que los adultos mayores tengan la visualizaci\u00f3n y el lugar que se merecen como toda la poblaci\u00f3n, teniendo en cuenta la falta de recreaci\u00f3n que tienen por toda la situaci\u00f3n que vivimos, sin dejar de cuidarlos y respetando rigurosamente las afecciones de cada uno, brind\u00e1ndoles una segunda juventud\u201d.<br>Por \u00faltimo, la misma resalt\u00f3 y agradeci\u00f3 la presencia del Centro de Jubilados de la Asociaci\u00f3n Bande\u00f1a y del grupo \u2018Por Tu Salud\u2019 del Gimnasio Municipal.<\/p>\n","protected":false},"excerpt":{"rendered":"<p>La Oficina del Adulto Mayor, dependiente de la Direcci\u00f3n de Desarrollo Social de la Municipalidad de La Banda, realiz\u00f3 con gran \u00e9xito el Carnaval Retro, en el Patinodromo Municipal.<\/p>\n","protected":false},"author":2,"featured_media":36268,"comment_status":"open","ping_status":"open","sticky":false,"template":"","format":"standard","meta":{"om_disable_all_campaigns":false,"_monsterinsights_skip_tracking":false,"_monsterinsights_sitenote_active":false,"_monsterinsights_sitenote_note":"","_monsterinsights_sitenote_category":0,"_uf_show_specific_survey":0,"_uf_disable_surveys":false,"jetpack_post_was_ever_published":false,"_jetpack_newsletter_access":"","_jetpack_dont_email_post_to_subs":false,"_jetpack_newsletter_tier_id":0,"_jetpack_memberships_contains_paywalled_content":false,"_jetpack_memberships_contains_paid_content":false,"footnotes":"","jetpack_publicize_message":"","jetpack_publicize_feature_enabled":true,"jetpack_social_post_already_shared":false,"jetpack_social_options":{"image_generator_settings":{"template":"highway","default_image_id":0,"font":"","enabled":false},"version":2}},"categories":[21],"tags":[],"class_list":["post-36267","post","type-post","status-publish","format-standard","has-post-thumbnail","hentry","category-locales"],"aioseo_notices":[],"views":9,"jetpack_publicize_connections":[],"jetpack_featured_media_url":"https:\/\/i0.wp.com\/elterritorialweb.com.ar\/web\/wp-content\/uploads\/2022\/03\/IMG-20220306-WA0006.jpg?fit=1280%2C853&ssl=1","jetpack_sharing_enabled":true,"_links":{"self":[{"href":"https:\/\/elterritorialweb.com.ar\/web\/wp-json\/wp\/v2\/posts\/36267","targetHints":{"allow":["GET"]}}],"collection":[{"href":"https:\/\/elterritorialweb.com.ar\/web\/wp-json\/wp\/v2\/posts"}],"about":[{"href":"https:\/\/elterritorialweb.com.ar\/web\/wp-json\/wp\/v2\/types\/post"}],"author":[{"embeddable":true,"href":"https:\/\/elterritorialweb.com.ar\/web\/wp-json\/wp\/v2\/users\/2"}],"replies":[{"embeddable":true,"href":"https:\/\/elterritorialweb.com.ar\/web\/wp-json\/wp\/v2\/comments?post=36267"}],"version-history":[{"count":1,"href":"https:\/\/elterritorialweb.com.ar\/web\/wp-json\/wp\/v2\/posts\/36267\/revisions"}],"predecessor-version":[{"id":36270,"href":"https:\/\/elterritorialweb.com.ar\/web\/wp-json\/wp\/v2\/posts\/36267\/revisions\/36270"}],"wp:featuredmedia":[{"embeddable":true,"href":"https:\/\/elterritorialweb.com.ar\/web\/wp-json\/wp\/v2\/media\/36268"}],"wp:attachment":[{"href":"https:\/\/elterritorialweb.com.ar\/web\/wp-json\/wp\/v2\/media?parent=36267"}],"wp:term":[{"taxonomy":"category","embeddable":true,"href":"https:\/\/elterritorialweb.com.ar\/web\/wp-json\/wp\/v2\/categories?post=36267"},{"taxonomy":"post_tag","embeddable":true,"href":"https:\/\/elterritorialweb.com.ar\/web\/wp-json\/wp\/v2\/tags?post=36267"}],"curies":[{"name":"wp","href":"https:\/\/api.w.org\/{rel}","templated":true}]}}