{"id":36271,"date":"2022-03-07T01:45:35","date_gmt":"2022-03-07T01:45:35","guid":{"rendered":"http:\/\/elterritorialweb.com.ar\/web\/?p=36271"},"modified":"2022-03-07T01:45:35","modified_gmt":"2022-03-07T01:45:35","slug":"la-municipalidad-se-iluminara-de-rojo-para-concientizar-de-la-enfermedad-cardiovascular-en-la-mujer","status":"publish","type":"post","link":"https:\/\/elterritorialweb.com.ar\/web\/la-municipalidad-se-iluminara-de-rojo-para-concientizar-de-la-enfermedad-cardiovascular-en-la-mujer\/","title":{"rendered":"LA MUNICIPALIDAD SE ILUMINAR\u00c1 DE ROJO PARA CONCIENTIZAR DE LA ENFERMEDAD CARDIOVASCULAR EN LA MUJER"},"content":{"rendered":"\n<p>Dicha actividad se realiza tambi\u00e9n de manera articulada con el Ministerio de la Salud de la provincia.<br>El color rojo identifica a la campa\u00f1a nacional que llevan adelante varias sociedades cient\u00edficas \u201cMujeres en Rojo\u201d con el prop\u00f3sito de desarrollar diferentes acciones para la prevenci\u00f3n y promoci\u00f3n de la salud cardiovascular en las mujeres. La iluminaci\u00f3n con el color rojo se concretar\u00e1 tambi\u00e9n en municipios de otras provincias.<\/p>\n","protected":false},"excerpt":{"rendered":"<p>El edificio de la Municipalidad de la Capital se iluminar\u00e1 de color rojo durante la noche de este lunes 7 de marzo en v\u00edsperas del D\u00eda de la Mujer, para sumarse a la campa\u00f1a de concientizaci\u00f3n de la Enfermedad Cardiovascular en la Mujer, impulsada por la Sociedad de Cardiolog\u00eda de Santiago del Estero.<\/p>\n","protected":false},"author":2,"featured_media":36272,"comment_status":"open","ping_status":"open","sticky":false,"template":"","format":"standard","meta":{"om_disable_all_campaigns":false,"_monsterinsights_skip_tracking":false,"_monsterinsights_sitenote_active":false,"_monsterinsights_sitenote_note":"","_monsterinsights_sitenote_category":0,"_uf_show_specific_survey":0,"_uf_disable_surveys":false,"jetpack_post_was_ever_published":false,"_jetpack_newsletter_access":"","_jetpack_dont_email_post_to_subs":false,"_jetpack_newsletter_tier_id":0,"_jetpack_memberships_contains_paywalled_content":false,"_jetpack_memberships_contains_paid_content":false,"footnotes":"","jetpack_publicize_message":"","jetpack_publicize_feature_enabled":true,"jetpack_social_post_already_shared":false,"jetpack_social_options":{"image_generator_settings":{"template":"highway","default_image_id":0,"font":"","enabled":false},"version":2}},"categories":[21],"tags":[],"class_list":["post-36271","post","type-post","status-publish","format-standard","has-post-thumbnail","hentry","category-locales"],"aioseo_notices":[],"views":10,"jetpack_publicize_connections":[],"jetpack_featured_media_url":"https:\/\/i0.wp.com\/elterritorialweb.com.ar\/web\/wp-content\/uploads\/2022\/03\/xs.jpg?fit=576%2C383&ssl=1","jetpack_sharing_enabled":true,"_links":{"self":[{"href":"https:\/\/elterritorialweb.com.ar\/web\/wp-json\/wp\/v2\/posts\/36271","targetHints":{"allow":["GET"]}}],"collection":[{"href":"https:\/\/elterritorialweb.com.ar\/web\/wp-json\/wp\/v2\/posts"}],"about":[{"href":"https:\/\/elterritorialweb.com.ar\/web\/wp-json\/wp\/v2\/types\/post"}],"author":[{"embeddable":true,"href":"https:\/\/elterritorialweb.com.ar\/web\/wp-json\/wp\/v2\/users\/2"}],"replies":[{"embeddable":true,"href":"https:\/\/elterritorialweb.com.ar\/web\/wp-json\/wp\/v2\/comments?post=36271"}],"version-history":[{"count":1,"href":"https:\/\/elterritorialweb.com.ar\/web\/wp-json\/wp\/v2\/posts\/36271\/revisions"}],"predecessor-version":[{"id":36273,"href":"https:\/\/elterritorialweb.com.ar\/web\/wp-json\/wp\/v2\/posts\/36271\/revisions\/36273"}],"wp:featuredmedia":[{"embeddable":true,"href":"https:\/\/elterritorialweb.com.ar\/web\/wp-json\/wp\/v2\/media\/36272"}],"wp:attachment":[{"href":"https:\/\/elterritorialweb.com.ar\/web\/wp-json\/wp\/v2\/media?parent=36271"}],"wp:term":[{"taxonomy":"category","embeddable":true,"href":"https:\/\/elterritorialweb.com.ar\/web\/wp-json\/wp\/v2\/categories?post=36271"},{"taxonomy":"post_tag","embeddable":true,"href":"https:\/\/elterritorialweb.com.ar\/web\/wp-json\/wp\/v2\/tags?post=36271"}],"curies":[{"name":"wp","href":"https:\/\/api.w.org\/{rel}","templated":true}]}}