{"id":36274,"date":"2022-03-07T01:52:43","date_gmt":"2022-03-07T01:52:43","guid":{"rendered":"http:\/\/elterritorialweb.com.ar\/web\/?p=36274"},"modified":"2022-03-07T01:52:44","modified_gmt":"2022-03-07T01:52:44","slug":"continua-el-programa-de-refuerzo-de-fumigaciones-en-la-capital","status":"publish","type":"post","link":"https:\/\/elterritorialweb.com.ar\/web\/continua-el-programa-de-refuerzo-de-fumigaciones-en-la-capital\/","title":{"rendered":"CONTIN\u00daA EL PROGRAMA DE REFUERZO DE FUMIGACIONES EN LA CAPITAL"},"content":{"rendered":"\n<p>Este lunes las tareas comenzar\u00e1n en los barrios Cabildo, Ciudad del ni\u00f1o, Belgrano y Palomar, Independencia, Telef\u00f3nicos, Mosconi y Jhon Kennedy. El martes seguir\u00e1 en Juramento, Ram\u00f3n Carrillo, Sarmiento, Tradici\u00f3n, Inmigrantes, Primer Junta (entre Alsina y Lavalle), Libertad e Industria.<br>En tanto, el mi\u00e9rcoles los trabajos se realizar\u00e1n en los barrios Reconquista, 8 de Abril, La Cat\u00f3lica, C\u00e1ceres, Mariano Moreno, Autonom\u00eda, Santa Rosa de Lima, Villa del Carmen y San Jos\u00e9 de Flores. El jueves ser\u00e1 el turno de Vinalar, Smata, Santa Lucia, San Mart\u00edn (de Alsina a Lavalle), San Martin, Primera Junta y Francisco de Aguirre.<br>El viernes los equipos de pulverizaciones recorrer\u00e1n Villa del Carmen (desde colector hacia el sur), Centenario, Sargento Cabral, Juan XXIII, San Francisco y barrio Parque.<\/p>\n","protected":false},"excerpt":{"rendered":"<p>La Capital comunic\u00f3 el cronograma de fumigaciones contra mosquitos para el transcurso de esta semana, en el marco de la continuidad del programa anual de prevenci\u00f3n que lleva adelante con alcance en toda la ciudad.<\/p>\n","protected":false},"author":2,"featured_media":36275,"comment_status":"open","ping_status":"open","sticky":false,"template":"","format":"standard","meta":{"om_disable_all_campaigns":false,"_monsterinsights_skip_tracking":false,"_monsterinsights_sitenote_active":false,"_monsterinsights_sitenote_note":"","_monsterinsights_sitenote_category":0,"_uf_show_specific_survey":0,"_uf_disable_surveys":false,"jetpack_post_was_ever_published":false,"_jetpack_newsletter_access":"","_jetpack_dont_email_post_to_subs":false,"_jetpack_newsletter_tier_id":0,"_jetpack_memberships_contains_paywalled_content":false,"_jetpack_memberships_contains_paid_content":false,"footnotes":"","jetpack_publicize_message":"","jetpack_publicize_feature_enabled":true,"jetpack_social_post_already_shared":false,"jetpack_social_options":{"image_generator_settings":{"template":"highway","default_image_id":0,"font":"","enabled":false},"version":2}},"categories":[21],"tags":[],"class_list":["post-36274","post","type-post","status-publish","format-standard","has-post-thumbnail","hentry","category-locales"],"aioseo_notices":[],"views":6,"jetpack_publicize_connections":[],"jetpack_featured_media_url":"https:\/\/i0.wp.com\/elterritorialweb.com.ar\/web\/wp-content\/uploads\/2022\/03\/cronograma-fumiga2.jpeg?fit=1280%2C768&ssl=1","jetpack_sharing_enabled":true,"_links":{"self":[{"href":"https:\/\/elterritorialweb.com.ar\/web\/wp-json\/wp\/v2\/posts\/36274","targetHints":{"allow":["GET"]}}],"collection":[{"href":"https:\/\/elterritorialweb.com.ar\/web\/wp-json\/wp\/v2\/posts"}],"about":[{"href":"https:\/\/elterritorialweb.com.ar\/web\/wp-json\/wp\/v2\/types\/post"}],"author":[{"embeddable":true,"href":"https:\/\/elterritorialweb.com.ar\/web\/wp-json\/wp\/v2\/users\/2"}],"replies":[{"embeddable":true,"href":"https:\/\/elterritorialweb.com.ar\/web\/wp-json\/wp\/v2\/comments?post=36274"}],"version-history":[{"count":1,"href":"https:\/\/elterritorialweb.com.ar\/web\/wp-json\/wp\/v2\/posts\/36274\/revisions"}],"predecessor-version":[{"id":36276,"href":"https:\/\/elterritorialweb.com.ar\/web\/wp-json\/wp\/v2\/posts\/36274\/revisions\/36276"}],"wp:featuredmedia":[{"embeddable":true,"href":"https:\/\/elterritorialweb.com.ar\/web\/wp-json\/wp\/v2\/media\/36275"}],"wp:attachment":[{"href":"https:\/\/elterritorialweb.com.ar\/web\/wp-json\/wp\/v2\/media?parent=36274"}],"wp:term":[{"taxonomy":"category","embeddable":true,"href":"https:\/\/elterritorialweb.com.ar\/web\/wp-json\/wp\/v2\/categories?post=36274"},{"taxonomy":"post_tag","embeddable":true,"href":"https:\/\/elterritorialweb.com.ar\/web\/wp-json\/wp\/v2\/tags?post=36274"}],"curies":[{"name":"wp","href":"https:\/\/api.w.org\/{rel}","templated":true}]}}