{"id":36277,"date":"2022-03-07T02:01:22","date_gmt":"2022-03-07T02:01:22","guid":{"rendered":"http:\/\/elterritorialweb.com.ar\/web\/?p=36277"},"modified":"2022-03-07T02:01:23","modified_gmt":"2022-03-07T02:01:23","slug":"la-direccion-de-parques-y-paseos-realizara-la-extraccion-de-dos-arboles-por-danos-provocados-en-inmuebles","status":"publish","type":"post","link":"https:\/\/elterritorialweb.com.ar\/web\/la-direccion-de-parques-y-paseos-realizara-la-extraccion-de-dos-arboles-por-danos-provocados-en-inmuebles\/","title":{"rendered":"LA DIRECCI\u00d3N DE PARQUES Y PASEOS REALIZAR\u00c1 LA EXTRACCI\u00d3N DE DOS \u00c1RBOLES POR DA\u00d1OS PROVOCADOS EN INMUEBLES"},"content":{"rendered":"\n<p>Para tomar la decisi\u00f3n se realiz\u00f3 la inspecci\u00f3n t\u00e9cnica profesional correspondiente en la que se constat\u00f3 que el aguaribay es un ejemplar de gran porte y longevo en cuya copa se realizaron numerosas podas con el fin de controlar el tama\u00f1o de la misma para que no interfiera con el tendido el\u00e9ctrico y las luminarias. Sus ra\u00edces robustas y extensas provocaron en varias oportunidades el agrietamiento y levantamiento de la vereda. En dichas situaciones operarios de la repartici\u00f3n realizaron la pr\u00e1ctica de poda de ra\u00edces a fin de evitar que los da\u00f1os contin\u00faen.<br>En la actualidad los da\u00f1os que ocasionan las ra\u00edces persisten y en mayor gravedad ya que se constat\u00f3 rajaduras en la entrada de la vivienda, rotura de desag\u00fces y levantamiento y desnivel del piso externo. Cabe destacar que el \u00e1rbol evaluado no tiene un crecimiento arm\u00f3nico en su sistema radicular y que por la dimensi\u00f3n de su tama\u00f1o constituye un peligro contra la seguridad p\u00fablica vehicular y peatonal como as\u00ed tambi\u00e9n peligra la integridad de bienes y del inmueble y que no se puede ejecutar ninguna correcci\u00f3n para revertir la situaci\u00f3n actual del \u00e1rbol mediante podas adecuadas.<br>Del mismo modo se evalu\u00f3 al ejemplar de ficus cuyo sistema radicular superficial y extendido es muy agresivo y destructivo para cualquier edificaci\u00f3n cercana al \u00e1rbol. En la vereda del domicilio se constat\u00f3 graves da\u00f1os en los desag\u00fces perfor\u00e1ndolos y tap\u00e1ndolos, adem\u00e1s fractur\u00f3 el cord\u00f3n de la calle y los cer\u00e1micos del piso. Por estas caracter\u00edsticas, su porte y morfolog\u00eda en general, que resultan en graves da\u00f1os a futuro. El ficus es una especie no apropiada para el arbolado de veredas.<br>Las extracciones de los \u00e1rboles se desarrollar\u00e1n en horas de la siesta para evitar complicaciones del tr\u00e1nsito vehicular y tras el retiro de los mismos se los reemplazar\u00e1n con otros ejemplares arb\u00f3reos apropiados al ancho de la vereda.<\/p>\n","protected":false},"excerpt":{"rendered":"<p>La Subdirecci\u00f3n de Arbolado Urbano, dependiente del \u00e1rea de Parques y Paseos de la Capital, informa que los d\u00edas lunes y martes proceder\u00e1 a realizar la extracci\u00f3n de un \u00e1rbol de la especie \u00abAguaribay\u00bb(Schinus areira) y otro de la especie \u201cFicus\u201d (Ficus benjamina) que se encuentran ubicado en las veredas de las calles Absal\u00f3n Rojas N\u00b0 445 y Per\u00fa 242, respectivamente.<\/p>\n","protected":false},"author":2,"featured_media":36278,"comment_status":"open","ping_status":"open","sticky":false,"template":"","format":"standard","meta":{"om_disable_all_campaigns":false,"_monsterinsights_skip_tracking":false,"_monsterinsights_sitenote_active":false,"_monsterinsights_sitenote_note":"","_monsterinsights_sitenote_category":0,"_uf_show_specific_survey":0,"_uf_disable_surveys":false,"jetpack_post_was_ever_published":false,"_jetpack_newsletter_access":"","_jetpack_dont_email_post_to_subs":false,"_jetpack_newsletter_tier_id":0,"_jetpack_memberships_contains_paywalled_content":false,"_jetpack_memberships_contains_paid_content":false,"footnotes":"","jetpack_publicize_message":"","jetpack_publicize_feature_enabled":true,"jetpack_social_post_already_shared":false,"jetpack_social_options":{"image_generator_settings":{"template":"highway","default_image_id":0,"font":"","enabled":false},"version":2}},"categories":[21],"tags":[],"class_list":["post-36277","post","type-post","status-publish","format-standard","has-post-thumbnail","hentry","category-locales"],"aioseo_notices":[],"views":8,"jetpack_publicize_connections":[],"jetpack_featured_media_url":"https:\/\/i0.wp.com\/elterritorialweb.com.ar\/web\/wp-content\/uploads\/2022\/03\/arbol-dana-vereda.jpeg?fit=720%2C1280&ssl=1","jetpack_sharing_enabled":true,"_links":{"self":[{"href":"https:\/\/elterritorialweb.com.ar\/web\/wp-json\/wp\/v2\/posts\/36277","targetHints":{"allow":["GET"]}}],"collection":[{"href":"https:\/\/elterritorialweb.com.ar\/web\/wp-json\/wp\/v2\/posts"}],"about":[{"href":"https:\/\/elterritorialweb.com.ar\/web\/wp-json\/wp\/v2\/types\/post"}],"author":[{"embeddable":true,"href":"https:\/\/elterritorialweb.com.ar\/web\/wp-json\/wp\/v2\/users\/2"}],"replies":[{"embeddable":true,"href":"https:\/\/elterritorialweb.com.ar\/web\/wp-json\/wp\/v2\/comments?post=36277"}],"version-history":[{"count":1,"href":"https:\/\/elterritorialweb.com.ar\/web\/wp-json\/wp\/v2\/posts\/36277\/revisions"}],"predecessor-version":[{"id":36279,"href":"https:\/\/elterritorialweb.com.ar\/web\/wp-json\/wp\/v2\/posts\/36277\/revisions\/36279"}],"wp:featuredmedia":[{"embeddable":true,"href":"https:\/\/elterritorialweb.com.ar\/web\/wp-json\/wp\/v2\/media\/36278"}],"wp:attachment":[{"href":"https:\/\/elterritorialweb.com.ar\/web\/wp-json\/wp\/v2\/media?parent=36277"}],"wp:term":[{"taxonomy":"category","embeddable":true,"href":"https:\/\/elterritorialweb.com.ar\/web\/wp-json\/wp\/v2\/categories?post=36277"},{"taxonomy":"post_tag","embeddable":true,"href":"https:\/\/elterritorialweb.com.ar\/web\/wp-json\/wp\/v2\/tags?post=36277"}],"curies":[{"name":"wp","href":"https:\/\/api.w.org\/{rel}","templated":true}]}}