{"id":36287,"date":"2022-03-07T02:37:53","date_gmt":"2022-03-07T02:37:53","guid":{"rendered":"http:\/\/elterritorialweb.com.ar\/web\/?p=36287"},"modified":"2022-03-07T02:37:58","modified_gmt":"2022-03-07T02:37:58","slug":"guemes-empato-en-su-visita-a-chaco-for-ever","status":"publish","type":"post","link":"https:\/\/elterritorialweb.com.ar\/web\/guemes-empato-en-su-visita-a-chaco-for-ever\/","title":{"rendered":"GUEMES EMPAT\u00d3 EN SU VISITA A CHACO FOR EVER"},"content":{"rendered":"\n<p><br>El equipo dirigido por Pablo Martel mostr\u00f3 un juego asociado m\u00e1s elaborado que en partidos anteriores, intentando buscar siempre el arco rival.<\/p>\n\n\n\n<figure class=\"wp-block-image size-full\"><a href=\"https:\/\/i0.wp.com\/elterritorialweb.com.ar\/web\/wp-content\/uploads\/2022\/03\/FB_IMG_1646620227321.jpg\"><img data-recalc-dims=\"1\" decoding=\"async\" width=\"640\" height=\"425\" data-src=\"https:\/\/i0.wp.com\/elterritorialweb.com.ar\/web\/wp-content\/uploads\/2022\/03\/FB_IMG_1646620227321.jpg?resize=640%2C425\" alt=\"\" class=\"wp-image-36289 lazyload\" data-srcset=\"https:\/\/i0.wp.com\/elterritorialweb.com.ar\/web\/wp-content\/uploads\/2022\/03\/FB_IMG_1646620227321.jpg?w=720&amp;ssl=1 720w, https:\/\/i0.wp.com\/elterritorialweb.com.ar\/web\/wp-content\/uploads\/2022\/03\/FB_IMG_1646620227321.jpg?resize=300%2C199&amp;ssl=1 300w\" data-sizes=\"(max-width: 640px) 100vw, 640px\" src=\"data:image\/svg+xml;base64,PHN2ZyB3aWR0aD0iMSIgaGVpZ2h0PSIxIiB4bWxucz0iaHR0cDovL3d3dy53My5vcmcvMjAwMC9zdmciPjwvc3ZnPg==\" style=\"--smush-placeholder-width: 640px; --smush-placeholder-aspect-ratio: 640\/425;\" \/><\/a><\/figure>\n\n\n\n<p>Sobre el final del encuentro G\u00fcemes casi se lleva los tres puntos gracias a una chilena de Nicol\u00e1s Retamar, en su partido debut, que termin\u00f3 por estrellarse en el palo del arco de Chaco for ever. <\/p>\n\n\n\n<figure class=\"wp-block-image size-full\"><a href=\"https:\/\/i0.wp.com\/elterritorialweb.com.ar\/web\/wp-content\/uploads\/2022\/03\/FB_IMG_1646620224983.jpg\"><img data-recalc-dims=\"1\" decoding=\"async\" width=\"640\" height=\"425\" data-src=\"https:\/\/i0.wp.com\/elterritorialweb.com.ar\/web\/wp-content\/uploads\/2022\/03\/FB_IMG_1646620224983.jpg?resize=640%2C425\" alt=\"\" class=\"wp-image-36290 lazyload\" data-srcset=\"https:\/\/i0.wp.com\/elterritorialweb.com.ar\/web\/wp-content\/uploads\/2022\/03\/FB_IMG_1646620224983.jpg?w=720&amp;ssl=1 720w, https:\/\/i0.wp.com\/elterritorialweb.com.ar\/web\/wp-content\/uploads\/2022\/03\/FB_IMG_1646620224983.jpg?resize=300%2C199&amp;ssl=1 300w\" data-sizes=\"(max-width: 640px) 100vw, 640px\" src=\"data:image\/svg+xml;base64,PHN2ZyB3aWR0aD0iMSIgaGVpZ2h0PSIxIiB4bWxucz0iaHR0cDovL3d3dy53My5vcmcvMjAwMC9zdmciPjwvc3ZnPg==\" style=\"--smush-placeholder-width: 640px; --smush-placeholder-aspect-ratio: 640\/425;\" \/><\/a><\/figure>\n\n\n\n<p>El local tuvo la Chance tambi\u00e9n a travez de Mar\u00edn que respondi\u00f3 muy bien Papaleo.<br>Con este empate el \u00abGuacho\u00bb suma 3 unidades tras jugarse la fecha 4 de la Primera Nacional.<\/p>\n\n\n\n<figure class=\"wp-block-image size-full\"><a href=\"https:\/\/i0.wp.com\/elterritorialweb.com.ar\/web\/wp-content\/uploads\/2022\/03\/FB_IMG_1646620222670.jpg\"><img data-recalc-dims=\"1\" decoding=\"async\" width=\"640\" height=\"425\" data-src=\"https:\/\/i0.wp.com\/elterritorialweb.com.ar\/web\/wp-content\/uploads\/2022\/03\/FB_IMG_1646620222670.jpg?resize=640%2C425\" alt=\"\" class=\"wp-image-36291 lazyload\" data-srcset=\"https:\/\/i0.wp.com\/elterritorialweb.com.ar\/web\/wp-content\/uploads\/2022\/03\/FB_IMG_1646620222670.jpg?w=720&amp;ssl=1 720w, https:\/\/i0.wp.com\/elterritorialweb.com.ar\/web\/wp-content\/uploads\/2022\/03\/FB_IMG_1646620222670.jpg?resize=300%2C199&amp;ssl=1 300w\" data-sizes=\"(max-width: 640px) 100vw, 640px\" src=\"data:image\/svg+xml;base64,PHN2ZyB3aWR0aD0iMSIgaGVpZ2h0PSIxIiB4bWxucz0iaHR0cDovL3d3dy53My5vcmcvMjAwMC9zdmciPjwvc3ZnPg==\" style=\"--smush-placeholder-width: 640px; --smush-placeholder-aspect-ratio: 640\/425;\" \/><\/a><\/figure>\n\n\n\n<p>En la pr\u00f3xima el Azulgrana recibir\u00e1 la visita de San Telmo el pr\u00f3ximo s\u00e1bado 21:30<\/p>\n","protected":false},"excerpt":{"rendered":"<p>El equipo gaucho jug\u00f3 bien y se mostr\u00f3 punzante en el ataque, pero no le bast\u00f3 para romper el cero en su visita a la provincia de Chaco.<\/p>\n","protected":false},"author":2,"featured_media":36288,"comment_status":"open","ping_status":"open","sticky":false,"template":"","format":"standard","meta":{"om_disable_all_campaigns":false,"_monsterinsights_skip_tracking":false,"_monsterinsights_sitenote_active":false,"_monsterinsights_sitenote_note":"","_monsterinsights_sitenote_category":0,"_uf_show_specific_survey":0,"_uf_disable_surveys":false,"jetpack_post_was_ever_published":false,"_jetpack_newsletter_access":"","_jetpack_dont_email_post_to_subs":false,"_jetpack_newsletter_tier_id":0,"_jetpack_memberships_contains_paywalled_content":false,"_jetpack_memberships_contains_paid_content":false,"footnotes":"","jetpack_publicize_message":"","jetpack_publicize_feature_enabled":true,"jetpack_social_post_already_shared":false,"jetpack_social_options":{"image_generator_settings":{"template":"highway","default_image_id":0,"font":"","enabled":false},"version":2}},"categories":[6],"tags":[],"class_list":["post-36287","post","type-post","status-publish","format-standard","has-post-thumbnail","hentry","category-deportes"],"aioseo_notices":[],"views":7,"jetpack_publicize_connections":[],"jetpack_featured_media_url":"https:\/\/i0.wp.com\/elterritorialweb.com.ar\/web\/wp-content\/uploads\/2022\/03\/Screenshot_20220306-2334552.png?fit=522%2C440&ssl=1","jetpack_sharing_enabled":true,"_links":{"self":[{"href":"https:\/\/elterritorialweb.com.ar\/web\/wp-json\/wp\/v2\/posts\/36287","targetHints":{"allow":["GET"]}}],"collection":[{"href":"https:\/\/elterritorialweb.com.ar\/web\/wp-json\/wp\/v2\/posts"}],"about":[{"href":"https:\/\/elterritorialweb.com.ar\/web\/wp-json\/wp\/v2\/types\/post"}],"author":[{"embeddable":true,"href":"https:\/\/elterritorialweb.com.ar\/web\/wp-json\/wp\/v2\/users\/2"}],"replies":[{"embeddable":true,"href":"https:\/\/elterritorialweb.com.ar\/web\/wp-json\/wp\/v2\/comments?post=36287"}],"version-history":[{"count":1,"href":"https:\/\/elterritorialweb.com.ar\/web\/wp-json\/wp\/v2\/posts\/36287\/revisions"}],"predecessor-version":[{"id":36292,"href":"https:\/\/elterritorialweb.com.ar\/web\/wp-json\/wp\/v2\/posts\/36287\/revisions\/36292"}],"wp:featuredmedia":[{"embeddable":true,"href":"https:\/\/elterritorialweb.com.ar\/web\/wp-json\/wp\/v2\/media\/36288"}],"wp:attachment":[{"href":"https:\/\/elterritorialweb.com.ar\/web\/wp-json\/wp\/v2\/media?parent=36287"}],"wp:term":[{"taxonomy":"category","embeddable":true,"href":"https:\/\/elterritorialweb.com.ar\/web\/wp-json\/wp\/v2\/categories?post=36287"},{"taxonomy":"post_tag","embeddable":true,"href":"https:\/\/elterritorialweb.com.ar\/web\/wp-json\/wp\/v2\/tags?post=36287"}],"curies":[{"name":"wp","href":"https:\/\/api.w.org\/{rel}","templated":true}]}}