{"id":36293,"date":"2022-03-07T03:53:38","date_gmt":"2022-03-07T03:53:38","guid":{"rendered":"http:\/\/elterritorialweb.com.ar\/web\/?p=36293"},"modified":"2022-03-07T03:54:37","modified_gmt":"2022-03-07T03:54:37","slug":"mitre-sigue-sin-encontrar-el-rumbo-y-cayo-derrotado-ante-quilmes","status":"publish","type":"post","link":"https:\/\/elterritorialweb.com.ar\/web\/mitre-sigue-sin-encontrar-el-rumbo-y-cayo-derrotado-ante-quilmes\/","title":{"rendered":"MITRE SIGUE SIN ENCONTRAR EL RUMBO Y CAY\u00d3 DERROTADO ANTE QUILMES"},"content":{"rendered":"\n<p>Mitre volvi\u00f3 a dar un paso en falso en la Primera Nacional al caer como local ante Quilmes por 3 a 1 en el marco de la cuarta fecha.<\/p>\n\n\n\n<p>La historia comenz\u00f3 bien para el Aurinegro, cuando a los 12 minutos Santiago Rosales conect\u00f3 un centro perfecto de Conrado Puigdellivol.<\/p>\n\n\n\n<p>Parec\u00eda que el equipo de&nbsp;<strong>Sialle&nbsp;<\/strong>se acomodaba en el partido, pero&nbsp;<strong>Quilmes&nbsp;<\/strong>no baj\u00f3 los brazos y fue creciendo, adelantando sus l\u00edneas.<\/p>\n\n\n\n<p>A los 25,&nbsp;<strong>Mariano Pavone<\/strong>&nbsp;marc\u00f3 el empate, pero&nbsp;<strong>Nazareno Arasa,<\/strong>&nbsp;a instancias de su asistente, anul\u00f3 bien el gol cervecero por una mano del experimentado delantero.<\/p>\n\n\n\n<p>Diez minutos despu\u00e9s el ex delantero de&nbsp;<strong>River y Estudiantes,&nbsp;<\/strong>entre otros, desperdici\u00f3 un mano a mano ante&nbsp;<strong>Otarola<\/strong>. Pero cuando se jugaba el primer minuto de descuento,&nbsp;<strong>Pavone&nbsp;<\/strong>no fall\u00f3 y marc\u00f3 el 1-1 con el que se fueron al descanso.<\/p>\n\n\n\n<p>En el segundo tiempo&nbsp;<strong>Quilmes&nbsp;<\/strong>sali\u00f3 con todo a conseguir la ventaja y la consigui\u00f3 con otro gol de&nbsp;<strong>Pavone<\/strong>, quien nuevamente apareci\u00f3 en el momento justo y en el lugar indicado para poner el 2-1 sobre los 14 minutos.<\/p>\n\n\n\n<p><strong>Sialle&nbsp;<\/strong>comenz\u00f3 con los cambios y mand\u00f3 a la cancha a<strong>&nbsp;Jos\u00e9 Luis Torres, Joaqu\u00edn Quinteros, Germ\u00e1n D\u00edaz, Gonzalo D\u00edaz y Claudio Vega,<\/strong>&nbsp;pero no pudieron cambiar el rumbo del partido.<\/p>\n\n\n\n<p>A los 34,<strong>&nbsp;Fernando Evangelista<\/strong>&nbsp;le gan\u00f3 a todos en las alturas y sell\u00f3 el 3-1 para la visita.<\/p>\n\n\n\n<p>El final del partido decret\u00f3 otra dura derrota de&nbsp;<strong>Mitre&nbsp;<\/strong>y agudiz\u00f3 el mal momento del&nbsp;<strong>Aurinegro&nbsp;<\/strong>en el torneo, que sufri\u00f3 su tercera ca\u00edda en cuatro presentaciones.<\/p>\n\n\n\n<p>El equipo de&nbsp;<strong>Arnaldo Sialle<\/strong>&nbsp;deber\u00e1 buscar la recuperaci\u00f3n en la pr\u00f3xima fecha visitando a&nbsp;<strong>Independiente Rivadavia de Mendoza.<\/strong><\/p>\n","protected":false},"excerpt":{"rendered":"<p>El Aurinegro cay\u00f3 como local por 3 a 1 y profundiz\u00f3 su mal momento en la Primera Nacional.<\/p>\n","protected":false},"author":2,"featured_media":36294,"comment_status":"open","ping_status":"open","sticky":false,"template":"","format":"standard","meta":{"om_disable_all_campaigns":false,"_monsterinsights_skip_tracking":false,"_monsterinsights_sitenote_active":false,"_monsterinsights_sitenote_note":"","_monsterinsights_sitenote_category":0,"_uf_show_specific_survey":0,"_uf_disable_surveys":false,"jetpack_post_was_ever_published":false,"_jetpack_newsletter_access":"","_jetpack_dont_email_post_to_subs":false,"_jetpack_newsletter_tier_id":0,"_jetpack_memberships_contains_paywalled_content":false,"_jetpack_memberships_contains_paid_content":false,"footnotes":"","jetpack_publicize_message":"","jetpack_publicize_feature_enabled":true,"jetpack_social_post_already_shared":false,"jetpack_social_options":{"image_generator_settings":{"template":"highway","default_image_id":0,"font":"","enabled":false},"version":2}},"categories":[6],"tags":[],"class_list":["post-36293","post","type-post","status-publish","format-standard","has-post-thumbnail","hentry","category-deportes"],"aioseo_notices":[],"views":13,"jetpack_publicize_connections":[],"jetpack_featured_media_url":"https:\/\/i0.wp.com\/elterritorialweb.com.ar\/web\/wp-content\/uploads\/2022\/03\/FNNTPO5WYAMVPtQ.jpeg?fit=2048%2C1024&ssl=1","jetpack_sharing_enabled":true,"_links":{"self":[{"href":"https:\/\/elterritorialweb.com.ar\/web\/wp-json\/wp\/v2\/posts\/36293","targetHints":{"allow":["GET"]}}],"collection":[{"href":"https:\/\/elterritorialweb.com.ar\/web\/wp-json\/wp\/v2\/posts"}],"about":[{"href":"https:\/\/elterritorialweb.com.ar\/web\/wp-json\/wp\/v2\/types\/post"}],"author":[{"embeddable":true,"href":"https:\/\/elterritorialweb.com.ar\/web\/wp-json\/wp\/v2\/users\/2"}],"replies":[{"embeddable":true,"href":"https:\/\/elterritorialweb.com.ar\/web\/wp-json\/wp\/v2\/comments?post=36293"}],"version-history":[{"count":2,"href":"https:\/\/elterritorialweb.com.ar\/web\/wp-json\/wp\/v2\/posts\/36293\/revisions"}],"predecessor-version":[{"id":36296,"href":"https:\/\/elterritorialweb.com.ar\/web\/wp-json\/wp\/v2\/posts\/36293\/revisions\/36296"}],"wp:featuredmedia":[{"embeddable":true,"href":"https:\/\/elterritorialweb.com.ar\/web\/wp-json\/wp\/v2\/media\/36294"}],"wp:attachment":[{"href":"https:\/\/elterritorialweb.com.ar\/web\/wp-json\/wp\/v2\/media?parent=36293"}],"wp:term":[{"taxonomy":"category","embeddable":true,"href":"https:\/\/elterritorialweb.com.ar\/web\/wp-json\/wp\/v2\/categories?post=36293"},{"taxonomy":"post_tag","embeddable":true,"href":"https:\/\/elterritorialweb.com.ar\/web\/wp-json\/wp\/v2\/tags?post=36293"}],"curies":[{"name":"wp","href":"https:\/\/api.w.org\/{rel}","templated":true}]}}