{"id":36310,"date":"2022-03-07T14:27:23","date_gmt":"2022-03-07T14:27:23","guid":{"rendered":"http:\/\/elterritorialweb.com.ar\/web\/?p=36310"},"modified":"2022-03-07T14:28:19","modified_gmt":"2022-03-07T14:28:19","slug":"zamora-promocionara-el-norte-grande-en-dubai","status":"publish","type":"post","link":"https:\/\/elterritorialweb.com.ar\/web\/zamora-promocionara-el-norte-grande-en-dubai\/","title":{"rendered":"ZAMORA PROMOCIONAR\u00c1 EL NORTE GRANDE EN DUBAI"},"content":{"rendered":"\n<p>En la oportunidad, el gobernador fue acompa\u00f1ado por el ministro de Producci\u00f3n de la Provincia, Dr. Miguel Mandrille, como representante del Gabinete provincial. Los mismos inician desde hoy una agenda prevista que atender\u00e1 diferentes temas relacionados a la oferta exportable por parte del Norte Grande de Argentina y las relaciones comerciales internacionales.<\/p>\n\n\n\n<p>Zamora encabezar\u00e1 esta delegaci\u00f3n y junto a \u00e9l asistir\u00e1n los gobernadores de Jujuy, Gerardo Morales; de Chaco, Jorge Capitanich; de La Rioja, Ricardo Clemente Quintela y de Catamarca, Ra\u00fal Alejandro Jalil. Mientras que en representaci\u00f3n de las otras cinco provincias (Tucum\u00e1n, Salta, Misiones, Formosa y Corrientes) estar\u00e1n miembros de los gabinetes y ministros de determinadas \u00e1reas de sus gobiernos. Adem\u00e1s, lo acompa\u00f1ar\u00e1n empresarios del \u00e1rea tur\u00edstica y productiva de dichas provincias.<\/p>\n\n\n\n<p>Por otro lado, acompa\u00f1an tambi\u00e9n al gobernador Zamora el equipo de Comercio Exterior de la Casa de Santiago y empresarios industriales santiague\u00f1os. Fuentes consultadas por Nuevo Diario indicaron que parte de la agenda que desarrollar\u00e1n ser\u00e1 la visita a la Feria de Dubai y luego tendr\u00e1n un cargado cronograma de reuniones y actividades diversas, para el trabajo con contactos comerciales de varios puntos del mundo y del sector. Esto como parte de la misi\u00f3n multisectorial de todo el Norte Grande.<\/p>\n\n\n\n<p>Este megaevento internacional re\u00fane a empresarios, funcionarios, pol\u00edticos y dem\u00e1s profesionales de varios rubros y \u00e1reas productivas, industriales, comerciales, de todo el mundo que buscan potenciar sus recursos e intercambiar estrategias en sus rubros.<\/p>\n\n\n\n<h3 class=\"wp-block-heading\"><strong>El gobernador habl\u00f3 acerca de la oferta exportable y la misi\u00f3n multisectorial<\/strong><\/h3>\n\n\n\n<p>En una entrevista brindada hace unos d\u00edas, el gobernador, Gerardo Zamora hizo referencia a la actividad junto a sus colegas gobernadores del Norte Grande en Emiratos \u00c1rabes: \u201cEl pa\u00eds participa de la Feria Mundial, de hecho el d\u00eda 15 es el de Argentina, nosotros y muchas provincias que tenemos contacto con fondos de esa regi\u00f3n y algunas inversiones y exportaciones ven\u00edamos ya conversando. Y la organizaci\u00f3n de la Regi\u00f3n del Norte Grande nos ha permitido tambi\u00e9n trabajar en este sentido, de la oferta exportable. As\u00ed que m\u00e1s all\u00e1 de la participaci\u00f3n de cada uno, hemos decidido trabajar juntos\u201d.<\/p>\n\n\n\n<p>En otra instancia de la entrevista, el primer mandatario provincial y presidente pro t\u00e9mpore del Consejo Regional del Norte Grande explic\u00f3 que no viajan todos los gobernadores, sino que van cinco de ellos, y agreg\u00f3 que \u201cvan a ir funcionarios de las otras cinco provincias y un conjunto de 30 empresarios de las diez provincias. Vamos a participar desde el d\u00eda 9 hasta el 15 de marzo en este evento\u201d.<\/p>\n","protected":false},"excerpt":{"rendered":"<p>El gobernador de la Provincia, Dr. Gerardo Zamora, en su condici\u00f3n de presidente pro t\u00e9mpore del Consejo Regional del Norte Grande, viaj\u00f3 a Emiratos \u00c1rabes para participar junto a otros mandatarios del NEA y NOA en la Feria Internacional en Dubai, que se desarrollar\u00e1 desde hoy al 15 de marzo.<\/p>\n","protected":false},"author":2,"featured_media":36311,"comment_status":"open","ping_status":"open","sticky":false,"template":"","format":"standard","meta":{"om_disable_all_campaigns":false,"_monsterinsights_skip_tracking":false,"_monsterinsights_sitenote_active":false,"_monsterinsights_sitenote_note":"","_monsterinsights_sitenote_category":0,"_uf_show_specific_survey":0,"_uf_disable_surveys":false,"jetpack_post_was_ever_published":false,"_jetpack_newsletter_access":"","_jetpack_dont_email_post_to_subs":false,"_jetpack_newsletter_tier_id":0,"_jetpack_memberships_contains_paywalled_content":false,"_jetpack_memberships_contains_paid_content":false,"footnotes":"","jetpack_publicize_message":"","jetpack_publicize_feature_enabled":true,"jetpack_social_post_already_shared":false,"jetpack_social_options":{"image_generator_settings":{"template":"highway","default_image_id":0,"font":"","enabled":false},"version":2}},"categories":[21],"tags":[],"class_list":["post-36310","post","type-post","status-publish","format-standard","has-post-thumbnail","hentry","category-locales"],"aioseo_notices":[],"views":9,"jetpack_publicize_connections":[],"jetpack_featured_media_url":"https:\/\/i0.wp.com\/elterritorialweb.com.ar\/web\/wp-content\/uploads\/2022\/03\/xs-1.jpg?fit=576%2C383&ssl=1","jetpack_sharing_enabled":true,"_links":{"self":[{"href":"https:\/\/elterritorialweb.com.ar\/web\/wp-json\/wp\/v2\/posts\/36310","targetHints":{"allow":["GET"]}}],"collection":[{"href":"https:\/\/elterritorialweb.com.ar\/web\/wp-json\/wp\/v2\/posts"}],"about":[{"href":"https:\/\/elterritorialweb.com.ar\/web\/wp-json\/wp\/v2\/types\/post"}],"author":[{"embeddable":true,"href":"https:\/\/elterritorialweb.com.ar\/web\/wp-json\/wp\/v2\/users\/2"}],"replies":[{"embeddable":true,"href":"https:\/\/elterritorialweb.com.ar\/web\/wp-json\/wp\/v2\/comments?post=36310"}],"version-history":[{"count":2,"href":"https:\/\/elterritorialweb.com.ar\/web\/wp-json\/wp\/v2\/posts\/36310\/revisions"}],"predecessor-version":[{"id":36313,"href":"https:\/\/elterritorialweb.com.ar\/web\/wp-json\/wp\/v2\/posts\/36310\/revisions\/36313"}],"wp:featuredmedia":[{"embeddable":true,"href":"https:\/\/elterritorialweb.com.ar\/web\/wp-json\/wp\/v2\/media\/36311"}],"wp:attachment":[{"href":"https:\/\/elterritorialweb.com.ar\/web\/wp-json\/wp\/v2\/media?parent=36310"}],"wp:term":[{"taxonomy":"category","embeddable":true,"href":"https:\/\/elterritorialweb.com.ar\/web\/wp-json\/wp\/v2\/categories?post=36310"},{"taxonomy":"post_tag","embeddable":true,"href":"https:\/\/elterritorialweb.com.ar\/web\/wp-json\/wp\/v2\/tags?post=36310"}],"curies":[{"name":"wp","href":"https:\/\/api.w.org\/{rel}","templated":true}]}}