{"id":36314,"date":"2022-03-07T20:06:27","date_gmt":"2022-03-07T20:06:27","guid":{"rendered":"http:\/\/elterritorialweb.com.ar\/web\/?p=36314"},"modified":"2022-03-07T20:06:28","modified_gmt":"2022-03-07T20:06:28","slug":"el-intendente-mirolo-continua-impulsando-el-trabajo-de-emprendedores-bandenos","status":"publish","type":"post","link":"https:\/\/elterritorialweb.com.ar\/web\/el-intendente-mirolo-continua-impulsando-el-trabajo-de-emprendedores-bandenos\/","title":{"rendered":"EL INTENDENTE MIROLO CONTIN\u00daA IMPULSANDO EL TRABAJO DE EMPRENDEDORES BANDE\u00d1OS"},"content":{"rendered":"\n<p>En la oportunidad, acompa\u00f1aron al jefe comunal el secretario de Desarrollo Humano, Ramiro Barrera; el secretario de Obras P\u00fablicas, Cristian Alzamora y el director de Juntas Vecinales, Diego Torres; dem\u00e1s del encargado de la Oficina de Emprendedores, Marcelo Abraham.<br>En este sentido, la beneficiaria fue Florencia Pereyra de 25 a\u00f1os, residente del barrio Villa Juana, quien comenz\u00f3 &#8216;Ordene Su Majestad&#8217;, un local de venta de hamburguesas, junto a su novio, quien es de profesi\u00f3n chef y con quien emprendi\u00f3 este camino en tiempos de cuarentena.<br>Seg\u00fan explic\u00f3 la emprendedora; comenzaron la producci\u00f3n y la venta en su domicilio. A causa de su gran \u00e9xito y crecimiento, actualmente se encuentran en un local ubicado en Rep\u00fablica del L\u00edbano, entre S\u00e1enz Pe\u00f1a y Belgrano, donde contin\u00faan con la modalidad de env\u00edos y take away, de jueves a domingos en el horario de 20 a 1. Adem\u00e1s, los interesados pueden ver su cat\u00e1logo y sus producciones en su red social Instagram en &#8216;Ordene Su Majestad&#8217;, y podr\u00e1n hacer su pedido al 3854084502.<br>Asimismo, Mirolo resalt\u00f3 que \u00abdesde el municipio es un honor poder ayudar a j\u00f3venes emprendedores que apuestan en la ciudad de La Banda\u00bb, y agreg\u00f3: \u00abLo que no deja de sorprendernos es la cantidad de emprendedores y emprendedoras que hay en la ciudad, la creatividad para salir adelante en los momentos dif\u00edciles que estamos viviendo en lo econ\u00f3mico y social, buscando a trav\u00e9s de su arte, profesi\u00f3n y oficio, hacer de eso una fortaleza que le permita mejorar su vida y encontrar los medios para cubrir sus necesidades y las de sus familias, resultados que el programa ten\u00eda como objetivo desde sus inicios\u00bb.<br>Por su parte, Florencia agradeci\u00f3 al intendente y a la municipalidad por la herramienta, e incentiv\u00f3 a los emprendedores para confiar en el municipio para el progreso de su emprendimiento.<\/p>\n","protected":false},"excerpt":{"rendered":"<p>El intendente de la ciudad de La Banda, Pablo Mirolo concret\u00f3 una vez m\u00e1s, la entrega de una herramienta que ayudar\u00e1 en el crecimiento del emprendimiento de una vecina bande\u00f1a, en el marco del Programa Municipal &#8216;Emprendiendo Sue\u00f1os&#8217;.<\/p>\n","protected":false},"author":2,"featured_media":36315,"comment_status":"open","ping_status":"open","sticky":false,"template":"","format":"standard","meta":{"om_disable_all_campaigns":false,"_monsterinsights_skip_tracking":false,"_monsterinsights_sitenote_active":false,"_monsterinsights_sitenote_note":"","_monsterinsights_sitenote_category":0,"_uf_show_specific_survey":0,"_uf_disable_surveys":false,"jetpack_post_was_ever_published":false,"_jetpack_newsletter_access":"","_jetpack_dont_email_post_to_subs":false,"_jetpack_newsletter_tier_id":0,"_jetpack_memberships_contains_paywalled_content":false,"_jetpack_memberships_contains_paid_content":false,"footnotes":"","jetpack_publicize_message":"","jetpack_publicize_feature_enabled":true,"jetpack_social_post_already_shared":false,"jetpack_social_options":{"image_generator_settings":{"template":"highway","default_image_id":0,"font":"","enabled":false},"version":2}},"categories":[21],"tags":[],"class_list":["post-36314","post","type-post","status-publish","format-standard","has-post-thumbnail","hentry","category-locales"],"aioseo_notices":[],"views":11,"jetpack_publicize_connections":[],"jetpack_featured_media_url":"https:\/\/i0.wp.com\/elterritorialweb.com.ar\/web\/wp-content\/uploads\/2022\/03\/IMG-20220307-WA0013.jpg?fit=1296%2C864&ssl=1","jetpack_sharing_enabled":true,"_links":{"self":[{"href":"https:\/\/elterritorialweb.com.ar\/web\/wp-json\/wp\/v2\/posts\/36314","targetHints":{"allow":["GET"]}}],"collection":[{"href":"https:\/\/elterritorialweb.com.ar\/web\/wp-json\/wp\/v2\/posts"}],"about":[{"href":"https:\/\/elterritorialweb.com.ar\/web\/wp-json\/wp\/v2\/types\/post"}],"author":[{"embeddable":true,"href":"https:\/\/elterritorialweb.com.ar\/web\/wp-json\/wp\/v2\/users\/2"}],"replies":[{"embeddable":true,"href":"https:\/\/elterritorialweb.com.ar\/web\/wp-json\/wp\/v2\/comments?post=36314"}],"version-history":[{"count":1,"href":"https:\/\/elterritorialweb.com.ar\/web\/wp-json\/wp\/v2\/posts\/36314\/revisions"}],"predecessor-version":[{"id":36316,"href":"https:\/\/elterritorialweb.com.ar\/web\/wp-json\/wp\/v2\/posts\/36314\/revisions\/36316"}],"wp:featuredmedia":[{"embeddable":true,"href":"https:\/\/elterritorialweb.com.ar\/web\/wp-json\/wp\/v2\/media\/36315"}],"wp:attachment":[{"href":"https:\/\/elterritorialweb.com.ar\/web\/wp-json\/wp\/v2\/media?parent=36314"}],"wp:term":[{"taxonomy":"category","embeddable":true,"href":"https:\/\/elterritorialweb.com.ar\/web\/wp-json\/wp\/v2\/categories?post=36314"},{"taxonomy":"post_tag","embeddable":true,"href":"https:\/\/elterritorialweb.com.ar\/web\/wp-json\/wp\/v2\/tags?post=36314"}],"curies":[{"name":"wp","href":"https:\/\/api.w.org\/{rel}","templated":true}]}}