{"id":36320,"date":"2022-03-07T22:47:28","date_gmt":"2022-03-07T22:47:28","guid":{"rendered":"http:\/\/elterritorialweb.com.ar\/web\/?p=36320"},"modified":"2022-03-07T22:47:29","modified_gmt":"2022-03-07T22:47:29","slug":"la-comuna-bandena-ejecuto-un-nuevo-operativo-integral-de-limpieza-con-la-erradicacion-de-basurales","status":"publish","type":"post","link":"https:\/\/elterritorialweb.com.ar\/web\/la-comuna-bandena-ejecuto-un-nuevo-operativo-integral-de-limpieza-con-la-erradicacion-de-basurales\/","title":{"rendered":"LA COMUNA BANDE\u00d1A EJECUT\u00d3 UN NUEVO OPERATIVO INTEGRAL DE LIMPIEZA CON LA ERRADICACI\u00d3N DE BASURALES"},"content":{"rendered":"\n<p>Para ello, el personal utiliz\u00f3 diez camiones conteiner, un cami\u00f3n batea y una pala cargadora, para trabajar los m\u00e1s de trescientos metros en el pasaje que se encuentran entre calle Los Hornos y Ruta 1, con el objetivo de erradicar un basural formado por personas desaprensivas que arrojan sus residuos en el lugar, generando as\u00ed un potencial foco infeccioso que afecta la vida de todos los vecinos de la zona.<br>As\u00ed, las tareas de limpieza fueron complementadas con la fumigaci\u00f3n en los alrededores de la zona, tareas realizadas en el marco de la campa\u00f1a contra el Dengue, la cual se lleva a cabo en todos los barrios de la ciudad, para evitar la proliferaci\u00f3n del vector mencionado.<br>En este sentido, el Secretario de Servicios P\u00fablicos, Cristian Mendoza, explic\u00f3 que es un trabajo en conjunto de ambas \u00e1reas, permitiendo as\u00ed la participaci\u00f3n de todos los obradores, maquinarias y personal, para as\u00ed intensificar las tareas de limpieza.<br>Asimismo, los funcionarios hicieron hincapi\u00e9 que dicha actividad, se realizaba bajo el pedido de vecinos de la zona, por lo que as\u00ed, recordaron cuidar la limpieza de los lugares trabajados, y colaborar denunciando las acciones que afecten la limpieza e higiene de los mismos, ya que dicho comportamiento afectar\u00e1 la calidad de vida de los habitantes.<\/p>\n","protected":false},"excerpt":{"rendered":"<p>En la ma\u00f1ana del s\u00e1bado, personal de la Secretar\u00eda de Servicios P\u00fablicos de la Municipalidad de La Banda, realiz\u00f3 un operativo integral de limpieza, desmalezamiento y fumigaci\u00f3n en el barrio Agua y Energ\u00eda.<\/p>\n","protected":false},"author":2,"featured_media":36321,"comment_status":"open","ping_status":"open","sticky":false,"template":"","format":"standard","meta":{"om_disable_all_campaigns":false,"_monsterinsights_skip_tracking":false,"_monsterinsights_sitenote_active":false,"_monsterinsights_sitenote_note":"","_monsterinsights_sitenote_category":0,"_uf_show_specific_survey":0,"_uf_disable_surveys":false,"jetpack_post_was_ever_published":false,"_jetpack_newsletter_access":"","_jetpack_dont_email_post_to_subs":false,"_jetpack_newsletter_tier_id":0,"_jetpack_memberships_contains_paywalled_content":false,"_jetpack_memberships_contains_paid_content":false,"footnotes":"","jetpack_publicize_message":"","jetpack_publicize_feature_enabled":true,"jetpack_social_post_already_shared":false,"jetpack_social_options":{"image_generator_settings":{"template":"highway","default_image_id":0,"font":"","enabled":false},"version":2}},"categories":[21],"tags":[],"class_list":["post-36320","post","type-post","status-publish","format-standard","has-post-thumbnail","hentry","category-locales"],"aioseo_notices":[],"views":8,"jetpack_publicize_connections":[],"jetpack_featured_media_url":"https:\/\/i0.wp.com\/elterritorialweb.com.ar\/web\/wp-content\/uploads\/2022\/03\/IMG-20220307-WA0009.jpg?fit=1600%2C721&ssl=1","jetpack_sharing_enabled":true,"_links":{"self":[{"href":"https:\/\/elterritorialweb.com.ar\/web\/wp-json\/wp\/v2\/posts\/36320","targetHints":{"allow":["GET"]}}],"collection":[{"href":"https:\/\/elterritorialweb.com.ar\/web\/wp-json\/wp\/v2\/posts"}],"about":[{"href":"https:\/\/elterritorialweb.com.ar\/web\/wp-json\/wp\/v2\/types\/post"}],"author":[{"embeddable":true,"href":"https:\/\/elterritorialweb.com.ar\/web\/wp-json\/wp\/v2\/users\/2"}],"replies":[{"embeddable":true,"href":"https:\/\/elterritorialweb.com.ar\/web\/wp-json\/wp\/v2\/comments?post=36320"}],"version-history":[{"count":1,"href":"https:\/\/elterritorialweb.com.ar\/web\/wp-json\/wp\/v2\/posts\/36320\/revisions"}],"predecessor-version":[{"id":36322,"href":"https:\/\/elterritorialweb.com.ar\/web\/wp-json\/wp\/v2\/posts\/36320\/revisions\/36322"}],"wp:featuredmedia":[{"embeddable":true,"href":"https:\/\/elterritorialweb.com.ar\/web\/wp-json\/wp\/v2\/media\/36321"}],"wp:attachment":[{"href":"https:\/\/elterritorialweb.com.ar\/web\/wp-json\/wp\/v2\/media?parent=36320"}],"wp:term":[{"taxonomy":"category","embeddable":true,"href":"https:\/\/elterritorialweb.com.ar\/web\/wp-json\/wp\/v2\/categories?post=36320"},{"taxonomy":"post_tag","embeddable":true,"href":"https:\/\/elterritorialweb.com.ar\/web\/wp-json\/wp\/v2\/tags?post=36320"}],"curies":[{"name":"wp","href":"https:\/\/api.w.org\/{rel}","templated":true}]}}