{"id":36323,"date":"2022-03-07T23:13:30","date_gmt":"2022-03-07T23:13:30","guid":{"rendered":"http:\/\/elterritorialweb.com.ar\/web\/?p=36323"},"modified":"2022-03-07T23:14:22","modified_gmt":"2022-03-07T23:14:22","slug":"invitan-a-inscribirse-a-un-taller-de-percusion-latina-en-el-atelier-cultural","status":"publish","type":"post","link":"https:\/\/elterritorialweb.com.ar\/web\/invitan-a-inscribirse-a-un-taller-de-percusion-latina-en-el-atelier-cultural\/","title":{"rendered":"INVITAN A INSCRIBIRSE A UN TALLER DE PERCUSI\u00d3N LATINA EN EL ATELIER CULTURAL"},"content":{"rendered":"\n<p>El profesor Cepero explic\u00f3 que \u201ces muy importante desarrollar la creatividad y la capacidad psicomotriz de los ni\u00f1os desde peque\u00f1os es muy importante para su crecimiento, visi\u00f3n, aprendizaje y disfrute a lo largo de la vida. Hay infinidad de formas de ayudar en el progreso de estas capacidades, y una de las esenciales son los Talleres de Percusi\u00f3n\u201d.<\/p>\n\n\n\n\n\n<p>Asimismo, agreg\u00f3 que los ni\u00f1os exploran por s\u00ed mismos los elementos musicales que tienen a su disposici\u00f3n, despiertan su curiosidad por escuchar los instrumentos y experimentar las sensaciones que este gran universo de sonidos, colores y formas les transfieren a trav\u00e9s del juego.<br>Cabe destacar, que el profesor posee una amplia trayectoria en la materia que abarca los 22 a\u00f1os de trabajo con estas tem\u00e1ticas.<\/p>\n","protected":false},"excerpt":{"rendered":"<p>El profesor Martin Cepero inicia un novedoso taller de Percusi\u00f3n Latina para ni\u00f1os desde los 8 a\u00f1os de edad, en el Atelier Cultural, ubicado en la Plaza Educativa y Cultural \u201cMauricio Rojas\u201d, sobre Avenida Besares.<\/p>\n","protected":false},"author":2,"featured_media":36324,"comment_status":"open","ping_status":"open","sticky":false,"template":"","format":"standard","meta":{"om_disable_all_campaigns":false,"_monsterinsights_skip_tracking":false,"_monsterinsights_sitenote_active":false,"_monsterinsights_sitenote_note":"","_monsterinsights_sitenote_category":0,"_uf_show_specific_survey":0,"_uf_disable_surveys":false,"jetpack_post_was_ever_published":false,"_jetpack_newsletter_access":"","_jetpack_dont_email_post_to_subs":false,"_jetpack_newsletter_tier_id":0,"_jetpack_memberships_contains_paywalled_content":false,"_jetpack_memberships_contains_paid_content":false,"footnotes":"","jetpack_publicize_message":"","jetpack_publicize_feature_enabled":true,"jetpack_social_post_already_shared":false,"jetpack_social_options":{"image_generator_settings":{"template":"highway","default_image_id":0,"font":"","enabled":false},"version":2}},"categories":[21],"tags":[],"class_list":["post-36323","post","type-post","status-publish","format-standard","has-post-thumbnail","hentry","category-locales"],"aioseo_notices":[],"views":8,"jetpack_publicize_connections":[],"jetpack_featured_media_url":"https:\/\/i0.wp.com\/elterritorialweb.com.ar\/web\/wp-content\/uploads\/2022\/03\/IMG-20220307-WA0012.jpg?fit=720%2C1164&ssl=1","jetpack_sharing_enabled":true,"_links":{"self":[{"href":"https:\/\/elterritorialweb.com.ar\/web\/wp-json\/wp\/v2\/posts\/36323","targetHints":{"allow":["GET"]}}],"collection":[{"href":"https:\/\/elterritorialweb.com.ar\/web\/wp-json\/wp\/v2\/posts"}],"about":[{"href":"https:\/\/elterritorialweb.com.ar\/web\/wp-json\/wp\/v2\/types\/post"}],"author":[{"embeddable":true,"href":"https:\/\/elterritorialweb.com.ar\/web\/wp-json\/wp\/v2\/users\/2"}],"replies":[{"embeddable":true,"href":"https:\/\/elterritorialweb.com.ar\/web\/wp-json\/wp\/v2\/comments?post=36323"}],"version-history":[{"count":1,"href":"https:\/\/elterritorialweb.com.ar\/web\/wp-json\/wp\/v2\/posts\/36323\/revisions"}],"predecessor-version":[{"id":36325,"href":"https:\/\/elterritorialweb.com.ar\/web\/wp-json\/wp\/v2\/posts\/36323\/revisions\/36325"}],"wp:featuredmedia":[{"embeddable":true,"href":"https:\/\/elterritorialweb.com.ar\/web\/wp-json\/wp\/v2\/media\/36324"}],"wp:attachment":[{"href":"https:\/\/elterritorialweb.com.ar\/web\/wp-json\/wp\/v2\/media?parent=36323"}],"wp:term":[{"taxonomy":"category","embeddable":true,"href":"https:\/\/elterritorialweb.com.ar\/web\/wp-json\/wp\/v2\/categories?post=36323"},{"taxonomy":"post_tag","embeddable":true,"href":"https:\/\/elterritorialweb.com.ar\/web\/wp-json\/wp\/v2\/tags?post=36323"}],"curies":[{"name":"wp","href":"https:\/\/api.w.org\/{rel}","templated":true}]}}