{"id":36328,"date":"2022-03-08T01:29:46","date_gmt":"2022-03-08T01:29:46","guid":{"rendered":"http:\/\/elterritorialweb.com.ar\/web\/?p=36328"},"modified":"2022-03-08T01:29:47","modified_gmt":"2022-03-08T01:29:47","slug":"santiago-en-la-expoagro-2022","status":"publish","type":"post","link":"https:\/\/elterritorialweb.com.ar\/web\/santiago-en-la-expoagro-2022\/","title":{"rendered":"SANTIAGO EN LA EXPOAGRO 2022"},"content":{"rendered":"\n<p>La mayor muestra a cielo abierto de la regi\u00f3n abri\u00f3 sus puertas hasta el 11 de marzo en el Predio Ferial y Aut\u00f3dromo de San Nicol\u00e1s (Buenos Aires), en pleno coraz\u00f3n de la pampa h\u00fameda. Durante cuatro d\u00edas todo lo vinculado a la actividad de la agroindustria pasar\u00e1 por Expoagro. Ser\u00e1 el lugar donde toda la cadena se reunir\u00e1 nuevamente para renovar energ\u00edas, potenciar acciones comerciales y multiplicar v\u00ednculos. La muestra ser\u00e1 la cita indicada para aprovechar oportunidades, beneficios y hacer buenos negocios.<br>All\u00ed ser\u00e1 donde Santiago del Estero, a trav\u00e9s de la Representaci\u00f3n Oficial de la Provincia en Buenos Aires \u2013Casa de Santiago-, invita a todos los visitantes a descubrir la experiencia Santiago Tierra de Oportunidades y Termas de R\u00edo Hondo. Los protagonistas del espacio santiague\u00f1o ser\u00e1n los productores que expondr\u00e1n sus novedades y podr\u00e1n continuar dando a conocer su trabajo ante p\u00fablico nacional e internacional.<br>Este a\u00f1o participar\u00e1n en Expoagro aproximadamente 600 empresas del sector de la maquinaria y la tecnolog\u00eda, las automotrices, los proveedores de insumos, las agropartes y repuestos, los organismos p\u00fablicos y privados, los bancos y entidades financieras, los semilleros y proveedores de fitosanitarios, el sector ganadero, las aseguradoras, las empresas de energ\u00eda, y los proveedores de servicios.<\/p>\n","protected":false},"excerpt":{"rendered":"<p>Santiago del Estero comenzar\u00e1 hoy su participaci\u00f3n en Expoagro 2022 edici\u00f3n YPF Agro, en el marco de las acciones impulsadas por el Gobierno Provincial para promocionar las bondades productivas, culturales y tur\u00edsticas de nuestra tierra.<\/p>\n","protected":false},"author":2,"featured_media":36329,"comment_status":"open","ping_status":"open","sticky":false,"template":"","format":"standard","meta":{"om_disable_all_campaigns":false,"_monsterinsights_skip_tracking":false,"_monsterinsights_sitenote_active":false,"_monsterinsights_sitenote_note":"","_monsterinsights_sitenote_category":0,"_uf_show_specific_survey":0,"_uf_disable_surveys":false,"jetpack_post_was_ever_published":false,"_jetpack_newsletter_access":"","_jetpack_dont_email_post_to_subs":false,"_jetpack_newsletter_tier_id":0,"_jetpack_memberships_contains_paywalled_content":false,"_jetpack_memberships_contains_paid_content":false,"footnotes":"","jetpack_publicize_message":"","jetpack_publicize_feature_enabled":true,"jetpack_social_post_already_shared":false,"jetpack_social_options":{"image_generator_settings":{"template":"highway","default_image_id":0,"font":"","enabled":false},"version":2}},"categories":[21],"tags":[],"class_list":["post-36328","post","type-post","status-publish","format-standard","has-post-thumbnail","hentry","category-locales"],"aioseo_notices":[],"views":11,"jetpack_publicize_connections":[],"jetpack_featured_media_url":"https:\/\/i0.wp.com\/elterritorialweb.com.ar\/web\/wp-content\/uploads\/2022\/03\/expo.jpeg?fit=1465%2C894&ssl=1","jetpack_sharing_enabled":true,"_links":{"self":[{"href":"https:\/\/elterritorialweb.com.ar\/web\/wp-json\/wp\/v2\/posts\/36328","targetHints":{"allow":["GET"]}}],"collection":[{"href":"https:\/\/elterritorialweb.com.ar\/web\/wp-json\/wp\/v2\/posts"}],"about":[{"href":"https:\/\/elterritorialweb.com.ar\/web\/wp-json\/wp\/v2\/types\/post"}],"author":[{"embeddable":true,"href":"https:\/\/elterritorialweb.com.ar\/web\/wp-json\/wp\/v2\/users\/2"}],"replies":[{"embeddable":true,"href":"https:\/\/elterritorialweb.com.ar\/web\/wp-json\/wp\/v2\/comments?post=36328"}],"version-history":[{"count":1,"href":"https:\/\/elterritorialweb.com.ar\/web\/wp-json\/wp\/v2\/posts\/36328\/revisions"}],"predecessor-version":[{"id":36330,"href":"https:\/\/elterritorialweb.com.ar\/web\/wp-json\/wp\/v2\/posts\/36328\/revisions\/36330"}],"wp:featuredmedia":[{"embeddable":true,"href":"https:\/\/elterritorialweb.com.ar\/web\/wp-json\/wp\/v2\/media\/36329"}],"wp:attachment":[{"href":"https:\/\/elterritorialweb.com.ar\/web\/wp-json\/wp\/v2\/media?parent=36328"}],"wp:term":[{"taxonomy":"category","embeddable":true,"href":"https:\/\/elterritorialweb.com.ar\/web\/wp-json\/wp\/v2\/categories?post=36328"},{"taxonomy":"post_tag","embeddable":true,"href":"https:\/\/elterritorialweb.com.ar\/web\/wp-json\/wp\/v2\/tags?post=36328"}],"curies":[{"name":"wp","href":"https:\/\/api.w.org\/{rel}","templated":true}]}}