{"id":36337,"date":"2022-03-08T03:29:45","date_gmt":"2022-03-08T03:29:45","guid":{"rendered":"http:\/\/elterritorialweb.com.ar\/web\/?p=36337"},"modified":"2022-03-08T03:29:46","modified_gmt":"2022-03-08T03:29:46","slug":"fernandez-recibio-a-las-autoridades-de-la-empresa-livent-que-triplicara-la-produccion-de-litio-en-el-pais","status":"publish","type":"post","link":"https:\/\/elterritorialweb.com.ar\/web\/fernandez-recibio-a-las-autoridades-de-la-empresa-livent-que-triplicara-la-produccion-de-litio-en-el-pais\/","title":{"rendered":"FERN\u00c1NDEZ RECIBI\u00d3 A LAS AUTORIDADES DE LA EMPRESA LIVENT, QUE TRIPLICAR\u00c1 LA PRODUCCI\u00d3N DE LITIO EN EL PA\u00cdS"},"content":{"rendered":"\n<p>El mandatario, que se reuni\u00f3 con el presidente y CEO de la empresa, Paul Graves, y el vicepresidente de Comunicaciones y Asuntos P\u00fablicos, Juan Carlos Cruz, pudo interiorizarse acerca de la tercera etapa de la iniciativa, que lleva hasta el momento 640 millones de d\u00f3lares invertidos en el pa\u00eds, y cuya finalizaci\u00f3n se prev\u00e9 para 2025.<\/p>\n\n\n\n<p>Durante el encuentro, del que tambi\u00e9n participaron el ministro de Desarrollo Productivo, Mat\u00edas Kulfas, y la secretaria de Miner\u00eda, Fernanda \u00c1vila, el jefe de Estado transmiti\u00f3 a las autoridades de la empresa su agradecimiento \u201cpor la confianza depositada en la Argentina\u201d, al tiempo que precis\u00f3 que \u201cse abre\u201d para el pa\u00eds \u201cuna gran oportunidad con las energ\u00edas renovables\u201d.<\/p>\n\n\n\n<p>Adem\u00e1s, Graves y Cruz anticiparon al presidente que el proyecto ubicado en el Salar del Hombre Muerto garantizar\u00e1 los est\u00e1ndares internacionales en miner\u00eda responsable, y colaborar\u00e1 en la reducci\u00f3n de la intensidad total del agua mediante tecnolog\u00edas propias de reutilizaci\u00f3n y reciclaje.<\/p>\n\n\n\n<p>\u201cPara nosotros es un orgullo y un placer seguir invirtiendo en este pa\u00eds del que nos sentimos totalmente parte\u201d, destac\u00f3 Cruz luego del encuentro con el Presidente, y a\u00f1adi\u00f3: \u201cTrabajamos en Argentina desde 1998, y encontramos en el pa\u00eds excelente mano de obra, ingenieros, as\u00ed como ayudamos a preparar personas de comunidades mediante tecnicaturas en miner\u00eda para que puedan trabajar con nosotros\u201d.<\/p>\n\n\n\n<p>El proyecto de expansi\u00f3n contribuir\u00e1 con 20 mil toneladas m\u00e9tricas adicionales de carbonato de litio en Argentina, lo que permitir\u00e1 aumentar a su vez la capacidad total anual de la empresa en 60 mil toneladas m\u00e9tricas, as\u00ed como la capacidad en 9 mil toneladas m\u00e9tricas de cloruro de litio para 2025.<\/p>\n\n\n\n<p>Esto incrementar\u00e1 el global de litio para la transici\u00f3n energ\u00e9tica, a la vez que supondr\u00e1 un aumento en la contrataci\u00f3n de mano de obra en la zona de influencia directa del proyecto.<\/p>\n\n\n\n<figure class=\"wp-block-image size-large\"><a href=\"https:\/\/i0.wp.com\/elterritorialweb.com.ar\/web\/wp-content\/uploads\/2022\/03\/litio1.jpg\"><img data-recalc-dims=\"1\" decoding=\"async\" width=\"640\" height=\"447\" data-src=\"https:\/\/i0.wp.com\/elterritorialweb.com.ar\/web\/wp-content\/uploads\/2022\/03\/litio1.jpg?resize=640%2C447\" alt=\"\" class=\"wp-image-36339 lazyload\" data-srcset=\"https:\/\/i0.wp.com\/elterritorialweb.com.ar\/web\/wp-content\/uploads\/2022\/03\/litio1.jpg?resize=1024%2C715&amp;ssl=1 1024w, https:\/\/i0.wp.com\/elterritorialweb.com.ar\/web\/wp-content\/uploads\/2022\/03\/litio1.jpg?resize=300%2C209&amp;ssl=1 300w, https:\/\/i0.wp.com\/elterritorialweb.com.ar\/web\/wp-content\/uploads\/2022\/03\/litio1.jpg?resize=768%2C536&amp;ssl=1 768w, https:\/\/i0.wp.com\/elterritorialweb.com.ar\/web\/wp-content\/uploads\/2022\/03\/litio1.jpg?resize=1536%2C1072&amp;ssl=1 1536w, https:\/\/i0.wp.com\/elterritorialweb.com.ar\/web\/wp-content\/uploads\/2022\/03\/litio1.jpg?w=1940&amp;ssl=1 1940w, https:\/\/i0.wp.com\/elterritorialweb.com.ar\/web\/wp-content\/uploads\/2022\/03\/litio1.jpg?w=1280 1280w\" data-sizes=\"(max-width: 640px) 100vw, 640px\" src=\"data:image\/svg+xml;base64,PHN2ZyB3aWR0aD0iMSIgaGVpZ2h0PSIxIiB4bWxucz0iaHR0cDovL3d3dy53My5vcmcvMjAwMC9zdmciPjwvc3ZnPg==\" style=\"--smush-placeholder-width: 640px; --smush-placeholder-aspect-ratio: 640\/447;\" \/><\/a><\/figure>\n\n\n\n<p>Sobre los beneficios del desarrollo de la industria del litio para la Argentina, Kulfas explic\u00f3 que \u201cLivent es una empresa con acuerdos internacionales con automotrices como Tesla y BMW, que implican una escala mundial\u201d, al tiempo que inform\u00f3 que el anuncio de la triplicaci\u00f3n de la capacidad productiva de litio por parte de la empresa \u201cmuestra que la industria para la Argentina es muy importante, y ratifica al pa\u00eds como un mercado importante en la producci\u00f3n mundial\u201d.<\/p>\n\n\n\n<p>Livent Corporation, que tiene presencia mundial en Estados Unidos, Inglaterra, China, India y Argentina y cuenta con una n\u00f3mina de 900 empleados, se ha asociado con diferentes clientes con el objetivo de utilizar el litio de forma segura y sostenible, y para impulsar la demanda global de energ\u00eda verde, la econom\u00eda m\u00f3vil, y las innovaciones especializadas en \u00e1reas como la aleaci\u00f3n ligera y los lubricantes.<\/p>\n\n\n\n<p>En el pa\u00eds, la firma opera adem\u00e1s una de las fuentes de mayor pureza de litio bajo los est\u00e1ndares internacionales de sustentabilidad, e implementa un sistema propio de alta tecnolog\u00eda que permite la derivaci\u00f3n en carbonato y cloruro de litio mediante procesos que implican m\u00e1s del 99 por ciento de pureza.<\/p>\n","protected":false},"excerpt":{"rendered":"<p>El presidente Alberto Fern\u00e1ndez recibi\u00f3 esta tarde en Casa Rosada, junto al gobernador de Catamarca, Ra\u00fal Jalil, a las autoridades de la productora de litio, Livent Corporation, quienes le informaron acerca del proyecto de expansi\u00f3n de la empresa, que incluir\u00e1 la edificaci\u00f3n de una segunda planta de producci\u00f3n de carbonato de litio en Antofagasta de la Sierra, y que forma parte a su vez de una inversi\u00f3n total de 1.100 millones de d\u00f3lares que la firma lleva adelante en nuestro pa\u00eds.<\/p>\n","protected":false},"author":2,"featured_media":36338,"comment_status":"open","ping_status":"open","sticky":false,"template":"","format":"standard","meta":{"om_disable_all_campaigns":false,"_monsterinsights_skip_tracking":false,"_monsterinsights_sitenote_active":false,"_monsterinsights_sitenote_note":"","_monsterinsights_sitenote_category":0,"_uf_show_specific_survey":0,"_uf_disable_surveys":false,"jetpack_post_was_ever_published":false,"_jetpack_newsletter_access":"","_jetpack_dont_email_post_to_subs":false,"_jetpack_newsletter_tier_id":0,"_jetpack_memberships_contains_paywalled_content":false,"_jetpack_memberships_contains_paid_content":false,"footnotes":"","jetpack_publicize_message":"","jetpack_publicize_feature_enabled":true,"jetpack_social_post_already_shared":false,"jetpack_social_options":{"image_generator_settings":{"template":"highway","default_image_id":0,"font":"","enabled":false},"version":2}},"categories":[18],"tags":[],"class_list":["post-36337","post","type-post","status-publish","format-standard","has-post-thumbnail","hentry","category-politica"],"aioseo_notices":[],"views":7,"jetpack_publicize_connections":[],"jetpack_featured_media_url":"https:\/\/i0.wp.com\/elterritorialweb.com.ar\/web\/wp-content\/uploads\/2022\/03\/litio2.jpg?fit=1940%2C1294&ssl=1","jetpack_sharing_enabled":true,"_links":{"self":[{"href":"https:\/\/elterritorialweb.com.ar\/web\/wp-json\/wp\/v2\/posts\/36337","targetHints":{"allow":["GET"]}}],"collection":[{"href":"https:\/\/elterritorialweb.com.ar\/web\/wp-json\/wp\/v2\/posts"}],"about":[{"href":"https:\/\/elterritorialweb.com.ar\/web\/wp-json\/wp\/v2\/types\/post"}],"author":[{"embeddable":true,"href":"https:\/\/elterritorialweb.com.ar\/web\/wp-json\/wp\/v2\/users\/2"}],"replies":[{"embeddable":true,"href":"https:\/\/elterritorialweb.com.ar\/web\/wp-json\/wp\/v2\/comments?post=36337"}],"version-history":[{"count":1,"href":"https:\/\/elterritorialweb.com.ar\/web\/wp-json\/wp\/v2\/posts\/36337\/revisions"}],"predecessor-version":[{"id":36340,"href":"https:\/\/elterritorialweb.com.ar\/web\/wp-json\/wp\/v2\/posts\/36337\/revisions\/36340"}],"wp:featuredmedia":[{"embeddable":true,"href":"https:\/\/elterritorialweb.com.ar\/web\/wp-json\/wp\/v2\/media\/36338"}],"wp:attachment":[{"href":"https:\/\/elterritorialweb.com.ar\/web\/wp-json\/wp\/v2\/media?parent=36337"}],"wp:term":[{"taxonomy":"category","embeddable":true,"href":"https:\/\/elterritorialweb.com.ar\/web\/wp-json\/wp\/v2\/categories?post=36337"},{"taxonomy":"post_tag","embeddable":true,"href":"https:\/\/elterritorialweb.com.ar\/web\/wp-json\/wp\/v2\/tags?post=36337"}],"curies":[{"name":"wp","href":"https:\/\/api.w.org\/{rel}","templated":true}]}}