{"id":36341,"date":"2022-03-08T03:43:44","date_gmt":"2022-03-08T03:43:44","guid":{"rendered":"http:\/\/elterritorialweb.com.ar\/web\/?p=36341"},"modified":"2022-03-08T03:43:45","modified_gmt":"2022-03-08T03:43:45","slug":"guzman-en-el-congreso-no-acordar-causaria-stress-cambiario-e-impactaria-sobre-la-inflacion-el-desempleo-y-la-pobreza","status":"publish","type":"post","link":"https:\/\/elterritorialweb.com.ar\/web\/guzman-en-el-congreso-no-acordar-causaria-stress-cambiario-e-impactaria-sobre-la-inflacion-el-desempleo-y-la-pobreza\/","title":{"rendered":"GUZM\u00c1N EN EL CONGRESO: \u00abNO ACORDAR CAUSAR\u00cdA STRESS CAMBIARIO E IMPACTAR\u00cdA SOBRE LA INFLACI\u00d3N, EL DESEMPLEO Y LA POBREZA\u00bb"},"content":{"rendered":"\n<p>El ministro de Econom\u00eda,&nbsp;<strong>Mart\u00edn Guzm\u00e1n<\/strong>, dijo este lunes en el Congreso que el acuerdo con el Fondo Monetario Internacional&nbsp;<strong>\u00abestablece un camino transitable\u00bb<\/strong>&nbsp;que<strong>&nbsp;\u00abse contrapone a la incertidumbre\u00bb<\/strong>&nbsp;y permite un \u00abprincipio de soluci\u00f3n a un problema muy grave al desarrollo de la Argentina\u00bb.<\/p>\n\n\n\n<p>Ante comisiones de Diputados, el funcionario dijo que el entendimiento con el FMI&nbsp;<strong>\u00abse contrapone a la incertidumbre que no puede redundar en nada mejor que un profundo estr\u00e9s cambiario y consecuencias negativas inflacionarias y en la actividad econ\u00f3mica y el empleo\u00bb.<\/strong><\/p>\n\n\n\n<p>El funcionario tambi\u00e9n se\u00f1al\u00f3 que<strong>&nbsp;\u00abdesde lo fiscal se apunta a seguir estableciendo un camino de fortalecimiento del cr\u00e9dito y de nuestra moneda\u00bb.<\/strong><\/p>\n\n\n\n<p>\u00abPor eso es importante ir bajando el d\u00e9ficit fiscal para depender menos del endeudamiento y de la emisi\u00f3n monetaria. Se trata de un camino necesario\u00bb, sentenci\u00f3 Guzm\u00e1n durante la presentaci\u00f3n del acuerdo con el FMI ante comisiones de Diputados.<\/p>\n","protected":false},"excerpt":{"rendered":"<p>El ministro de Econom\u00eda defendi\u00f3 el proyecto de acuerdo alcanzado con el Fondo Monetario Internacional, frente a distintas comisiones de la C\u00e1mara de Diputados de la Naci\u00f3n. \u00abEstablece un camino transitable\u00bb, destac\u00f3 el funcionario. <\/p>\n","protected":false},"author":2,"featured_media":36342,"comment_status":"open","ping_status":"open","sticky":false,"template":"","format":"standard","meta":{"om_disable_all_campaigns":false,"_monsterinsights_skip_tracking":false,"_monsterinsights_sitenote_active":false,"_monsterinsights_sitenote_note":"","_monsterinsights_sitenote_category":0,"_uf_show_specific_survey":0,"_uf_disable_surveys":false,"jetpack_post_was_ever_published":false,"_jetpack_newsletter_access":"","_jetpack_dont_email_post_to_subs":false,"_jetpack_newsletter_tier_id":0,"_jetpack_memberships_contains_paywalled_content":false,"_jetpack_memberships_contains_paid_content":false,"footnotes":"","jetpack_publicize_message":"","jetpack_publicize_feature_enabled":true,"jetpack_social_post_already_shared":false,"jetpack_social_options":{"image_generator_settings":{"template":"highway","default_image_id":0,"font":"","enabled":false},"version":2}},"categories":[2],"tags":[],"class_list":["post-36341","post","type-post","status-publish","format-standard","has-post-thumbnail","hentry","category-economia"],"aioseo_notices":[],"views":8,"jetpack_publicize_connections":[],"jetpack_featured_media_url":"https:\/\/i0.wp.com\/elterritorialweb.com.ar\/web\/wp-content\/uploads\/2022\/03\/guzman-congreso-fmi.jpeg?fit=730%2C487&ssl=1","jetpack_sharing_enabled":true,"_links":{"self":[{"href":"https:\/\/elterritorialweb.com.ar\/web\/wp-json\/wp\/v2\/posts\/36341","targetHints":{"allow":["GET"]}}],"collection":[{"href":"https:\/\/elterritorialweb.com.ar\/web\/wp-json\/wp\/v2\/posts"}],"about":[{"href":"https:\/\/elterritorialweb.com.ar\/web\/wp-json\/wp\/v2\/types\/post"}],"author":[{"embeddable":true,"href":"https:\/\/elterritorialweb.com.ar\/web\/wp-json\/wp\/v2\/users\/2"}],"replies":[{"embeddable":true,"href":"https:\/\/elterritorialweb.com.ar\/web\/wp-json\/wp\/v2\/comments?post=36341"}],"version-history":[{"count":1,"href":"https:\/\/elterritorialweb.com.ar\/web\/wp-json\/wp\/v2\/posts\/36341\/revisions"}],"predecessor-version":[{"id":36343,"href":"https:\/\/elterritorialweb.com.ar\/web\/wp-json\/wp\/v2\/posts\/36341\/revisions\/36343"}],"wp:featuredmedia":[{"embeddable":true,"href":"https:\/\/elterritorialweb.com.ar\/web\/wp-json\/wp\/v2\/media\/36342"}],"wp:attachment":[{"href":"https:\/\/elterritorialweb.com.ar\/web\/wp-json\/wp\/v2\/media?parent=36341"}],"wp:term":[{"taxonomy":"category","embeddable":true,"href":"https:\/\/elterritorialweb.com.ar\/web\/wp-json\/wp\/v2\/categories?post=36341"},{"taxonomy":"post_tag","embeddable":true,"href":"https:\/\/elterritorialweb.com.ar\/web\/wp-json\/wp\/v2\/tags?post=36341"}],"curies":[{"name":"wp","href":"https:\/\/api.w.org\/{rel}","templated":true}]}}