{"id":36344,"date":"2022-03-08T05:17:57","date_gmt":"2022-03-08T05:17:57","guid":{"rendered":"http:\/\/elterritorialweb.com.ar\/web\/?p=36344"},"modified":"2022-03-08T05:19:26","modified_gmt":"2022-03-08T05:19:26","slug":"la-casa-de-gobierno-iluminada-en-adhesion-a-la-enfermedad-cardiovascular-en-la-mujer","status":"publish","type":"post","link":"https:\/\/elterritorialweb.com.ar\/web\/la-casa-de-gobierno-iluminada-en-adhesion-a-la-enfermedad-cardiovascular-en-la-mujer\/","title":{"rendered":"LA CASA DE GOBIERNO ILUMINADA EN ADHESI\u00d3N A LA PREVENCI\u00d3N DE LA ENFERMEDAD CARDIOVASCULAR EN LA MUJER"},"content":{"rendered":"\n<p>La Casa de Gobierno se encuentra iluminada en adhesi\u00f3n al mensaje de prevenci\u00f3n para concientizar acerca del impacto de la enfermedad cardiovascular en la mujer, primera causa de mortalidad y discapacidad en todo el mundo.<\/p>\n\n\n\n<p>Esta actividad es promovida por la Sociedad de Cardiolog\u00eda y el Ministerio de Salud de la provincia en el marco de la conmemoraci\u00f3n del D\u00eda internacional de la Mujer.<\/p>\n","protected":false},"excerpt":{"rendered":"<p>La Casa de Gobierno se encuentra iluminada en adhesi\u00f3n al mensaje de prevenci\u00f3n para concientizar&#8230;<\/p>\n","protected":false},"author":2,"featured_media":36345,"comment_status":"open","ping_status":"open","sticky":false,"template":"","format":"standard","meta":{"om_disable_all_campaigns":false,"_monsterinsights_skip_tracking":false,"_monsterinsights_sitenote_active":false,"_monsterinsights_sitenote_note":"","_monsterinsights_sitenote_category":0,"_uf_show_specific_survey":0,"_uf_disable_surveys":false,"jetpack_post_was_ever_published":false,"_jetpack_newsletter_access":"","_jetpack_dont_email_post_to_subs":false,"_jetpack_newsletter_tier_id":0,"_jetpack_memberships_contains_paywalled_content":false,"_jetpack_memberships_contains_paid_content":false,"footnotes":"","jetpack_publicize_message":"","jetpack_publicize_feature_enabled":true,"jetpack_social_post_already_shared":false,"jetpack_social_options":{"image_generator_settings":{"template":"highway","default_image_id":0,"font":"","enabled":false},"version":2}},"categories":[21],"tags":[],"class_list":["post-36344","post","type-post","status-publish","format-standard","has-post-thumbnail","hentry","category-locales"],"aioseo_notices":[],"views":8,"jetpack_publicize_connections":[],"jetpack_featured_media_url":"https:\/\/i0.wp.com\/elterritorialweb.com.ar\/web\/wp-content\/uploads\/2022\/03\/FB_IMG_1646716511933.jpg?fit=720%2C635&ssl=1","jetpack_sharing_enabled":true,"_links":{"self":[{"href":"https:\/\/elterritorialweb.com.ar\/web\/wp-json\/wp\/v2\/posts\/36344","targetHints":{"allow":["GET"]}}],"collection":[{"href":"https:\/\/elterritorialweb.com.ar\/web\/wp-json\/wp\/v2\/posts"}],"about":[{"href":"https:\/\/elterritorialweb.com.ar\/web\/wp-json\/wp\/v2\/types\/post"}],"author":[{"embeddable":true,"href":"https:\/\/elterritorialweb.com.ar\/web\/wp-json\/wp\/v2\/users\/2"}],"replies":[{"embeddable":true,"href":"https:\/\/elterritorialweb.com.ar\/web\/wp-json\/wp\/v2\/comments?post=36344"}],"version-history":[{"count":2,"href":"https:\/\/elterritorialweb.com.ar\/web\/wp-json\/wp\/v2\/posts\/36344\/revisions"}],"predecessor-version":[{"id":36347,"href":"https:\/\/elterritorialweb.com.ar\/web\/wp-json\/wp\/v2\/posts\/36344\/revisions\/36347"}],"wp:featuredmedia":[{"embeddable":true,"href":"https:\/\/elterritorialweb.com.ar\/web\/wp-json\/wp\/v2\/media\/36345"}],"wp:attachment":[{"href":"https:\/\/elterritorialweb.com.ar\/web\/wp-json\/wp\/v2\/media?parent=36344"}],"wp:term":[{"taxonomy":"category","embeddable":true,"href":"https:\/\/elterritorialweb.com.ar\/web\/wp-json\/wp\/v2\/categories?post=36344"},{"taxonomy":"post_tag","embeddable":true,"href":"https:\/\/elterritorialweb.com.ar\/web\/wp-json\/wp\/v2\/tags?post=36344"}],"curies":[{"name":"wp","href":"https:\/\/api.w.org\/{rel}","templated":true}]}}