{"id":36349,"date":"2022-03-08T05:44:29","date_gmt":"2022-03-08T05:44:29","guid":{"rendered":"http:\/\/elterritorialweb.com.ar\/web\/?p=36349"},"modified":"2022-03-08T05:48:00","modified_gmt":"2022-03-08T05:48:00","slug":"8-de-marzo-se-conmemora-el-dia-internacional-de-la-mujer","status":"publish","type":"post","link":"https:\/\/elterritorialweb.com.ar\/web\/8-de-marzo-se-conmemora-el-dia-internacional-de-la-mujer\/","title":{"rendered":"8 DE MARZO, SE CONMEMORA EL D\u00cdA INTERNACIONAL DE LA MUJER"},"content":{"rendered":"\n<p><strong>El D\u00eda Internacional de la Mujer conmemora la lucha de las mujeres a lo largo de la Historia y busca reconocer los logros que han alcanzado en el mundo. No solo eso, tambi\u00e9n es un d\u00eda para poner de relieve la lacra de la violencia machista y sensibilizar acerca de los problemas de desigualdad a los que las mujeres se siguen enfrentando hoy d\u00eda.<\/strong><\/p>\n\n\n\n<h3 class=\"wp-block-heading\">D\u00eda Internacional de la Mujer<\/h3>\n\n\n\n<p>\u00bfSab\u00edas que a las mujeres se les ha negado el derecho al voto, al trabajo e incluso a sus cuentas bancarias? Es m\u00e1s, estos problemas siguen sucediendo hoy d\u00eda en muchos pa\u00edses y es una de las razones por las que hay que seguir conmemorando este d\u00eda.<\/p>\n\n\n\n<p>El origen del D\u00eda Internacional de la Mujer se remonta hasta 1910, momento en que la II Conferencia Internacional de Mujeres Socialistas celebrada en Copenhague design\u00f3 el 8 de marzo como D\u00eda Internacional de la Mujer Trabajadora con el fin de alcanzar la igualdad entre hombres y mujeres en todo el mundo, algo por lo que seguimos luchando hoy en d\u00eda.&nbsp;<\/p>\n\n\n\n<p>Sin embargo, el D\u00eda Internacional de la Mujer no fue ratificado y considerado como d\u00eda de celebraci\u00f3n mundial hasta el a\u00f1o 1975.&nbsp; Fue en ese momento cuando&nbsp;Naciones Unidas declara el 8 de marzo como el D\u00eda Internacional de la Mujer.<\/p>\n\n\n\n<figure class=\"wp-block-image size-full\"><a href=\"https:\/\/i0.wp.com\/elterritorialweb.com.ar\/web\/wp-content\/uploads\/2021\/03\/8-DE-MARZO-2.jpg\"><img data-recalc-dims=\"1\" decoding=\"async\" width=\"640\" height=\"447\" data-src=\"https:\/\/i0.wp.com\/elterritorialweb.com.ar\/web\/wp-content\/uploads\/2021\/03\/8-DE-MARZO-2.jpg?resize=640%2C447\" alt=\"\" class=\"wp-image-18013 lazyload\" data-srcset=\"https:\/\/i0.wp.com\/elterritorialweb.com.ar\/web\/wp-content\/uploads\/2021\/03\/8-DE-MARZO-2.jpg?w=680&amp;ssl=1 680w, https:\/\/i0.wp.com\/elterritorialweb.com.ar\/web\/wp-content\/uploads\/2021\/03\/8-DE-MARZO-2.jpg?resize=300%2C210&amp;ssl=1 300w\" data-sizes=\"(max-width: 640px) 100vw, 640px\" src=\"data:image\/svg+xml;base64,PHN2ZyB3aWR0aD0iMSIgaGVpZ2h0PSIxIiB4bWxucz0iaHR0cDovL3d3dy53My5vcmcvMjAwMC9zdmciPjwvc3ZnPg==\" style=\"--smush-placeholder-width: 640px; --smush-placeholder-aspect-ratio: 640\/447;\" \/><\/a><\/figure>\n\n\n\n<p>El motivo por el que Naciones Unidas seleccion\u00f3 este d\u00eda fue porque el 8 de marzo de 1857, un grupo de mujeres trabajadoras de una f\u00e1brica textil de Nueva York abandonaron sus puestos para hacer una marcha y protestar por los bajos salarios.&nbsp;&nbsp;Esa jornada termin\u00f3 con la sangrienta cifra de 120 mujeres muertas a ra\u00edz de la brutalidad con la que la polic\u00eda dispers\u00f3 la marcha.<\/p>\n\n\n\n<h3 class=\"wp-block-heading\">\u00bfPor qu\u00e9 conmemoramos el D\u00eda Internacional de la Mujer?<\/h3>\n\n\n\n<p>Es de gran relevancia conmemorar el D\u00eda Internacional de la Mujer y apreciar los logros que las mujeres han alcanzado para conseguir una sociedad m\u00e1s igualitaria tanto en la econom\u00eda, la pol\u00edtica como la cultural.<\/p>\n\n\n\n<p>Adem\u00e1s, tambi\u00e9n es un momento en el que podemos recordar a todas las mujeres que siguen sin ser escuchadas y a las que se les sigue impidiendo alcanzar todo su potencial, ya que derechos b\u00e1sicos como el acceso a la salud y la educaci\u00f3n siguen sin ser reconocidos para muchas mujeres en todo el mundo.<\/p>\n\n\n\n<h3 class=\"wp-block-heading\">Mujeres que cambiaron la historia<\/h3>\n\n\n\n<p>Son muchas las mujeres que lucharon por poseer los mismos derechos que los hombres y por la igualdad.&nbsp;<\/p>\n\n\n\n<figure class=\"wp-block-image size-full\"><a href=\"https:\/\/i0.wp.com\/elterritorialweb.com.ar\/web\/wp-content\/uploads\/2022\/03\/Cultura_382473759_117580260_1024x576-656x368-1.jpg\"><img data-recalc-dims=\"1\" decoding=\"async\" width=\"640\" height=\"359\" data-src=\"https:\/\/i0.wp.com\/elterritorialweb.com.ar\/web\/wp-content\/uploads\/2022\/03\/Cultura_382473759_117580260_1024x576-656x368-1.jpg?resize=640%2C359\" alt=\"\" class=\"wp-image-36350 lazyload\" data-srcset=\"https:\/\/i0.wp.com\/elterritorialweb.com.ar\/web\/wp-content\/uploads\/2022\/03\/Cultura_382473759_117580260_1024x576-656x368-1.jpg?w=656&amp;ssl=1 656w, https:\/\/i0.wp.com\/elterritorialweb.com.ar\/web\/wp-content\/uploads\/2022\/03\/Cultura_382473759_117580260_1024x576-656x368-1.jpg?resize=300%2C168&amp;ssl=1 300w\" data-sizes=\"(max-width: 640px) 100vw, 640px\" src=\"data:image\/svg+xml;base64,PHN2ZyB3aWR0aD0iMSIgaGVpZ2h0PSIxIiB4bWxucz0iaHR0cDovL3d3dy53My5vcmcvMjAwMC9zdmciPjwvc3ZnPg==\" style=\"--smush-placeholder-width: 640px; --smush-placeholder-aspect-ratio: 640\/359;\" \/><\/a><\/figure>\n\n\n\n<p>En Espa\u00f1a,&nbsp;<strong>Clara Campoamor<\/strong>&nbsp;luch\u00f3 por el sufragio femenino, enfrent\u00e1ndose dial\u00e9cticamente a Victoria Kent en la C\u00e1mara, cuya opini\u00f3n era que la mujer espa\u00f1ola carec\u00eda de la preparaci\u00f3n pol\u00edtica adecuada para ejercer su derecho al voto.&nbsp;<\/p>\n\n\n\n<figure class=\"wp-block-image size-large\"><a href=\"https:\/\/i0.wp.com\/elterritorialweb.com.ar\/web\/wp-content\/uploads\/2022\/03\/MargaritaSalas.jpg\"><img data-recalc-dims=\"1\" decoding=\"async\" width=\"640\" height=\"480\" data-src=\"https:\/\/i0.wp.com\/elterritorialweb.com.ar\/web\/wp-content\/uploads\/2022\/03\/MargaritaSalas.jpg?resize=640%2C480\" alt=\"\" class=\"wp-image-36351 lazyload\" data-srcset=\"https:\/\/i0.wp.com\/elterritorialweb.com.ar\/web\/wp-content\/uploads\/2022\/03\/MargaritaSalas.jpg?resize=1024%2C768&amp;ssl=1 1024w, https:\/\/i0.wp.com\/elterritorialweb.com.ar\/web\/wp-content\/uploads\/2022\/03\/MargaritaSalas.jpg?resize=300%2C225&amp;ssl=1 300w, https:\/\/i0.wp.com\/elterritorialweb.com.ar\/web\/wp-content\/uploads\/2022\/03\/MargaritaSalas.jpg?resize=768%2C576&amp;ssl=1 768w, https:\/\/i0.wp.com\/elterritorialweb.com.ar\/web\/wp-content\/uploads\/2022\/03\/MargaritaSalas.jpg?w=1200&amp;ssl=1 1200w\" data-sizes=\"(max-width: 640px) 100vw, 640px\" src=\"data:image\/svg+xml;base64,PHN2ZyB3aWR0aD0iMSIgaGVpZ2h0PSIxIiB4bWxucz0iaHR0cDovL3d3dy53My5vcmcvMjAwMC9zdmciPjwvc3ZnPg==\" style=\"--smush-placeholder-width: 640px; --smush-placeholder-aspect-ratio: 640\/480;\" \/><\/a><figcaption>Margarita Salas<\/figcaption><\/figure>\n\n\n\n<p>En el campo de la Ciencia,&nbsp;<strong>Margarita Salas<\/strong>&nbsp;fue una bioqu\u00edmica creadora de la patente m\u00e1s rentable de Espa\u00f1a: la prote\u00edna DNA polimerasa, utilizada por bi\u00f3logos, peritos policiales e investigadores forenses, entre otros.&nbsp;<\/p>\n\n\n\n<figure class=\"wp-block-image size-full is-resized\"><a href=\"https:\/\/i0.wp.com\/elterritorialweb.com.ar\/web\/wp-content\/uploads\/2022\/03\/Rosalia_Castro_de_Murguia_por_Luis_Sellier.jpg\"><img data-recalc-dims=\"1\" decoding=\"async\" data-src=\"https:\/\/i0.wp.com\/elterritorialweb.com.ar\/web\/wp-content\/uploads\/2022\/03\/Rosalia_Castro_de_Murguia_por_Luis_Sellier.jpg?resize=398%2C528\" alt=\"\" class=\"wp-image-36352 lazyload\" width=\"398\" height=\"528\" data-srcset=\"https:\/\/i0.wp.com\/elterritorialweb.com.ar\/web\/wp-content\/uploads\/2022\/03\/Rosalia_Castro_de_Murguia_por_Luis_Sellier.jpg?w=377&amp;ssl=1 377w, https:\/\/i0.wp.com\/elterritorialweb.com.ar\/web\/wp-content\/uploads\/2022\/03\/Rosalia_Castro_de_Murguia_por_Luis_Sellier.jpg?resize=226%2C300&amp;ssl=1 226w\" data-sizes=\"(max-width: 398px) 100vw, 398px\" src=\"data:image\/svg+xml;base64,PHN2ZyB3aWR0aD0iMSIgaGVpZ2h0PSIxIiB4bWxucz0iaHR0cDovL3d3dy53My5vcmcvMjAwMC9zdmciPjwvc3ZnPg==\" style=\"--smush-placeholder-width: 398px; --smush-placeholder-aspect-ratio: 398\/528;\" \/><\/a><figcaption>Rosal\u00eda de Castro<\/figcaption><\/figure>\n\n\n\n<p>En la literatura,&nbsp;<strong>Rosal\u00eda de Castro&nbsp;<\/strong>fue una escritora nacida en 1837. Desde muy joven luch\u00f3 porque la lengua gallega tuviera el reconocimiento que se merec\u00eda en un tiempo en el que era una lengua que se desprestigiaba. Impulsora del&nbsp;<em>Rexurdimento&nbsp;<\/em>con su obra&nbsp;<em>Cantares Gallegos.&nbsp;<\/em><\/p>\n\n\n\n<p>Estas mujeres que son historia, son solo algunas entre los miles de pioneras que han cambiado, \u00a1y siguen cambiando el mundo!<\/p>\n","protected":false},"excerpt":{"rendered":"<p>Se recuerda la lucha por la igualdad, el reconocimiento y ejercicio efectivo de sus derechos.<\/p>\n","protected":false},"author":2,"featured_media":18014,"comment_status":"open","ping_status":"open","sticky":false,"template":"","format":"standard","meta":{"om_disable_all_campaigns":false,"_monsterinsights_skip_tracking":false,"_monsterinsights_sitenote_active":false,"_monsterinsights_sitenote_note":"","_monsterinsights_sitenote_category":0,"_uf_show_specific_survey":0,"_uf_disable_surveys":false,"jetpack_post_was_ever_published":false,"_jetpack_newsletter_access":"","_jetpack_dont_email_post_to_subs":false,"_jetpack_newsletter_tier_id":0,"_jetpack_memberships_contains_paywalled_content":false,"_jetpack_memberships_contains_paid_content":false,"footnotes":"","jetpack_publicize_message":"","jetpack_publicize_feature_enabled":true,"jetpack_social_post_already_shared":false,"jetpack_social_options":{"image_generator_settings":{"template":"highway","default_image_id":0,"font":"","enabled":false},"version":2}},"categories":[10],"tags":[],"class_list":["post-36349","post","type-post","status-publish","format-standard","has-post-thumbnail","hentry","category-internacionales"],"aioseo_notices":[],"views":15,"jetpack_publicize_connections":[],"jetpack_featured_media_url":"https:\/\/i0.wp.com\/elterritorialweb.com.ar\/web\/wp-content\/uploads\/2021\/03\/8-DE-MARZO.jpg?fit=637%2C330&ssl=1","jetpack_sharing_enabled":true,"_links":{"self":[{"href":"https:\/\/elterritorialweb.com.ar\/web\/wp-json\/wp\/v2\/posts\/36349","targetHints":{"allow":["GET"]}}],"collection":[{"href":"https:\/\/elterritorialweb.com.ar\/web\/wp-json\/wp\/v2\/posts"}],"about":[{"href":"https:\/\/elterritorialweb.com.ar\/web\/wp-json\/wp\/v2\/types\/post"}],"author":[{"embeddable":true,"href":"https:\/\/elterritorialweb.com.ar\/web\/wp-json\/wp\/v2\/users\/2"}],"replies":[{"embeddable":true,"href":"https:\/\/elterritorialweb.com.ar\/web\/wp-json\/wp\/v2\/comments?post=36349"}],"version-history":[{"count":3,"href":"https:\/\/elterritorialweb.com.ar\/web\/wp-json\/wp\/v2\/posts\/36349\/revisions"}],"predecessor-version":[{"id":36356,"href":"https:\/\/elterritorialweb.com.ar\/web\/wp-json\/wp\/v2\/posts\/36349\/revisions\/36356"}],"wp:featuredmedia":[{"embeddable":true,"href":"https:\/\/elterritorialweb.com.ar\/web\/wp-json\/wp\/v2\/media\/18014"}],"wp:attachment":[{"href":"https:\/\/elterritorialweb.com.ar\/web\/wp-json\/wp\/v2\/media?parent=36349"}],"wp:term":[{"taxonomy":"category","embeddable":true,"href":"https:\/\/elterritorialweb.com.ar\/web\/wp-json\/wp\/v2\/categories?post=36349"},{"taxonomy":"post_tag","embeddable":true,"href":"https:\/\/elterritorialweb.com.ar\/web\/wp-json\/wp\/v2\/tags?post=36349"}],"curies":[{"name":"wp","href":"https:\/\/api.w.org\/{rel}","templated":true}]}}