{"id":36358,"date":"2022-03-08T06:01:17","date_gmt":"2022-03-08T06:01:17","guid":{"rendered":"http:\/\/elterritorialweb.com.ar\/web\/?p=36358"},"modified":"2022-03-08T06:08:44","modified_gmt":"2022-03-08T06:08:44","slug":"habra-marchas-por-8m-en-distintos-puntos-del-pais","status":"publish","type":"post","link":"https:\/\/elterritorialweb.com.ar\/web\/habra-marchas-por-8m-en-distintos-puntos-del-pais\/","title":{"rendered":"HABR\u00c1 MARCHAS POR 8M EN DISTINTOS PUNTOS DEL PA\u00cdS"},"content":{"rendered":"\n<p><strong>Ni Una Menos&nbsp;<\/strong>anunci\u00f3 que la concentraci\u00f3n para el 8 de marzo ser\u00e1 a partir de las 16 horas en la Avenida 9 de Julio, para luego marchar hasta el Congreso Nacional.<\/p>\n\n\n\n<p>.El&nbsp;<strong>Colectivo Feminista Manushagakuir<\/strong>&nbsp;de la&nbsp;<strong>Asociaci\u00f3n Cultural Armenia<\/strong>&nbsp;convoc\u00f3 a la marcha por el D\u00eda Internacional de la Mujer el 8 de marzo a las 18 horas en la Av. Corrientes y Av. Callao.<\/p>\n\n\n\n<p>Adem\u00e1s de las concentraciones, se realizar\u00e1n actividades culturales e informativas en diferentes lugares de la<strong>&nbsp;Ciudad de Buenos Aires y La Plata,<\/strong>&nbsp;que pueden conocerse a trav\u00e9s de la&nbsp;agenda publicada por el Gobierno de la Provincia de Buenos Aires.<\/p>\n\n\n\n<figure class=\"wp-block-embed is-type-rich is-provider-twitter wp-block-embed-twitter\"><div class=\"wp-block-embed__wrapper\">\n<blockquote class=\"twitter-tweet\" data-width=\"550\" data-dnt=\"true\"><p lang=\"es\" dir=\"ltr\">Este <a href=\"https:\/\/twitter.com\/hashtag\/8M?src=hash&amp;ref_src=twsrc%5Etfw\">#8M<\/a> nos reencontramos en las calles de todo el pa\u00eds.  En CABA marchamos al Congreso 16hs. Busc\u00e1 la convocatoria en tu ciudad! <a href=\"https:\/\/t.co\/Fq2ezOkvxQ\">pic.twitter.com\/Fq2ezOkvxQ<\/a><\/p>&mdash; Actrices Argentinas (@actrices_arg) <a href=\"https:\/\/twitter.com\/actrices_arg\/status\/1500481046399582215?ref_src=twsrc%5Etfw\">March 6, 2022<\/a><\/blockquote><script async src=\"https:\/\/platform.twitter.com\/widgets.js\" charset=\"utf-8\"><\/script>\n<\/div><\/figure>\n\n\n\n<figure class=\"wp-block-embed is-type-rich is-provider-twitter wp-block-embed-twitter\"><div class=\"wp-block-embed__wrapper\">\nhttps:\/\/twitter.com\/cuantasonmuchas\/status\/1500907128835424263\n<\/div><\/figure>\n\n\n\n<h2 class=\"wp-block-heading\">Marchas en C\u00f3rdoba<\/h2>\n\n\n\n<p>Ni Una Menos C\u00f3rdoba ha hecho su convocatoria para el 8M con un \u00abparo internacional\u00bb de mujeres y la convocatoria a una marcha que saldr\u00e1 de Col\u00f3n y Fragueiro a las 17:00 hrs.<\/p>\n\n\n\n<figure class=\"wp-block-embed is-type-rich is-provider-twitter wp-block-embed-twitter\"><div class=\"wp-block-embed__wrapper\">\n<blockquote class=\"twitter-tweet\" data-width=\"550\" data-dnt=\"true\"><p lang=\"qme\" dir=\"ltr\"><a href=\"https:\/\/twitter.com\/hashtag\/8M?src=hash&amp;ref_src=twsrc%5Etfw\">#8M<\/a> <a href=\"https:\/\/twitter.com\/hashtag\/AlertaFeminista?src=hash&amp;ref_src=twsrc%5Etfw\">#AlertaFeminista<\/a> <a href=\"https:\/\/twitter.com\/hashtag\/VivxsYLibresNosQueremos?src=hash&amp;ref_src=twsrc%5Etfw\">#VivxsYLibresNosQueremos<\/a> <a href=\"https:\/\/t.co\/ohcXbTpON8\">pic.twitter.com\/ohcXbTpON8<\/a><\/p>&mdash; Ni Una Menos C\u00f3rdoba (@niunamenosCBA) <a href=\"https:\/\/twitter.com\/niunamenosCBA\/status\/1499897401515065344?ref_src=twsrc%5Etfw\">March 4, 2022<\/a><\/blockquote><script async src=\"https:\/\/platform.twitter.com\/widgets.js\" charset=\"utf-8\"><\/script>\n<\/div><\/figure>\n\n\n\n<h2 class=\"wp-block-heading\">Marchas del 8M en La Plata<\/h2>\n\n\n\n<p>La organizaci\u00f3n Multisectorial de mujeres, trans, travestis, lesbianas y bisexuales de La Plata convoca desde las 17:00 del 8 de marzo a una concentraci\u00f3n en Plaza Moreno contra el acuerdo del gobierno con el FMI, la violencia machista, los feminicidios, travesticidios, entre otros.<\/p>\n\n\n\n<p><\/p>\n","protected":false},"excerpt":{"rendered":"<p>En el marco del D\u00eda Internacional de la Mujer, movimientos y colectivos se concentrar\u00e1n en diferentes puntos de la ciudad de Buenos Aires y otros puntos del pa\u00eds.<\/p>\n","protected":false},"author":2,"featured_media":36359,"comment_status":"open","ping_status":"open","sticky":false,"template":"","format":"standard","meta":{"om_disable_all_campaigns":false,"_monsterinsights_skip_tracking":false,"_monsterinsights_sitenote_active":false,"_monsterinsights_sitenote_note":"","_monsterinsights_sitenote_category":0,"_uf_show_specific_survey":0,"_uf_disable_surveys":false,"jetpack_post_was_ever_published":false,"_jetpack_newsletter_access":"","_jetpack_dont_email_post_to_subs":false,"_jetpack_newsletter_tier_id":0,"_jetpack_memberships_contains_paywalled_content":false,"_jetpack_memberships_contains_paid_content":false,"footnotes":"","jetpack_publicize_message":"","jetpack_publicize_feature_enabled":true,"jetpack_social_post_already_shared":false,"jetpack_social_options":{"image_generator_settings":{"template":"highway","default_image_id":0,"font":"","enabled":false},"version":2}},"categories":[7],"tags":[],"class_list":["post-36358","post","type-post","status-publish","format-standard","has-post-thumbnail","hentry","category-nacionales"],"aioseo_notices":[],"views":6,"jetpack_publicize_connections":[],"jetpack_featured_media_url":"https:\/\/i0.wp.com\/elterritorialweb.com.ar\/web\/wp-content\/uploads\/2022\/03\/B184KH1YM_1256x620__1.jpg?fit=1256%2C620&ssl=1","jetpack_sharing_enabled":true,"_links":{"self":[{"href":"https:\/\/elterritorialweb.com.ar\/web\/wp-json\/wp\/v2\/posts\/36358","targetHints":{"allow":["GET"]}}],"collection":[{"href":"https:\/\/elterritorialweb.com.ar\/web\/wp-json\/wp\/v2\/posts"}],"about":[{"href":"https:\/\/elterritorialweb.com.ar\/web\/wp-json\/wp\/v2\/types\/post"}],"author":[{"embeddable":true,"href":"https:\/\/elterritorialweb.com.ar\/web\/wp-json\/wp\/v2\/users\/2"}],"replies":[{"embeddable":true,"href":"https:\/\/elterritorialweb.com.ar\/web\/wp-json\/wp\/v2\/comments?post=36358"}],"version-history":[{"count":3,"href":"https:\/\/elterritorialweb.com.ar\/web\/wp-json\/wp\/v2\/posts\/36358\/revisions"}],"predecessor-version":[{"id":36364,"href":"https:\/\/elterritorialweb.com.ar\/web\/wp-json\/wp\/v2\/posts\/36358\/revisions\/36364"}],"wp:featuredmedia":[{"embeddable":true,"href":"https:\/\/elterritorialweb.com.ar\/web\/wp-json\/wp\/v2\/media\/36359"}],"wp:attachment":[{"href":"https:\/\/elterritorialweb.com.ar\/web\/wp-json\/wp\/v2\/media?parent=36358"}],"wp:term":[{"taxonomy":"category","embeddable":true,"href":"https:\/\/elterritorialweb.com.ar\/web\/wp-json\/wp\/v2\/categories?post=36358"},{"taxonomy":"post_tag","embeddable":true,"href":"https:\/\/elterritorialweb.com.ar\/web\/wp-json\/wp\/v2\/tags?post=36358"}],"curies":[{"name":"wp","href":"https:\/\/api.w.org\/{rel}","templated":true}]}}