{"id":36365,"date":"2022-03-08T13:19:53","date_gmt":"2022-03-08T13:19:53","guid":{"rendered":"http:\/\/elterritorialweb.com.ar\/web\/?p=36365"},"modified":"2022-03-08T13:19:54","modified_gmt":"2022-03-08T13:19:54","slug":"fuentes-participo-de-actividades-por-el-dia-internacional-de-la-mujer","status":"publish","type":"post","link":"https:\/\/elterritorialweb.com.ar\/web\/fuentes-participo-de-actividades-por-el-dia-internacional-de-la-mujer\/","title":{"rendered":"FUENTES PARTICIP\u00d3 DE ACTIVIDADES POR EL D\u00cdA INTERNACIONAL DE LA MUJER"},"content":{"rendered":"\n<p>Los cursos, que son el resultado de un convenio oportunamente firmado por el municipio con la Red Latinoamericana de Estudios e Investigaciones en Derechos Humanos y Humanitarios, encabezada por el Dr. Eduardo Jos\u00e9 Ram\u00f3n Llugdar, buscan brindar herramientas que permitan identificar desigualdades de g\u00e9nero y elaborar estrategias para erradicarlas.<br>En este sentido, la jefa comunal destac\u00f3 \u00abla importancia de visibilizar las problem\u00e1ticas que atraviesan las mujeres, ya que para poder avanzar como sociedad necesitamos identificar nuestras debilidades y trabajar para superarlas\u00bb.<br>\u00abTenemos el desaf\u00edo de erradicar la violencia de g\u00e9nero en todos los \u00e1mbitos, creando lazos sociales m\u00e1s solidarios y procurando alcanzar una sociedad m\u00e1s justa e igualitaria\u00bb, expres\u00f3 la Ing. Fuentes.<br>Por su parte, el tambi\u00e9n vicepresidente primero del excelent\u00edsimo Superior Tribunal de Justicia de la Provincia, Mg. Eduardo Jos\u00e9 Ram\u00f3n Llugdar, quien tuvo a su cargo el dictado de la primera instancia formativa, resalt\u00f3 \u00abla necesidad de trabajar articuladamente con los Estados provincial y municipal para generar pol\u00edticas p\u00fablicas que ayuden a eliminar la violencia contra las mujeres y todos los dem\u00e1s grupos sociales\u00bb.<\/p>\n","protected":false},"excerpt":{"rendered":"<p>Dentro de las actividades por el D\u00eda Internacional de la Mujer y de las pol\u00edticas p\u00fablicas de igualdad, la intendente de la Capital, Ing. Norma Fuentes, particip\u00f3 del inicio de las actividades de capacitaci\u00f3n contra la violencia de g\u00e9nero para los empleados municipales, en consonancia con lo establecido por la Ley Micaela.<\/p>\n","protected":false},"author":2,"featured_media":36366,"comment_status":"open","ping_status":"open","sticky":false,"template":"","format":"standard","meta":{"om_disable_all_campaigns":false,"_monsterinsights_skip_tracking":false,"_monsterinsights_sitenote_active":false,"_monsterinsights_sitenote_note":"","_monsterinsights_sitenote_category":0,"_uf_show_specific_survey":0,"_uf_disable_surveys":false,"jetpack_post_was_ever_published":false,"_jetpack_newsletter_access":"","_jetpack_dont_email_post_to_subs":false,"_jetpack_newsletter_tier_id":0,"_jetpack_memberships_contains_paywalled_content":false,"_jetpack_memberships_contains_paid_content":false,"footnotes":"","jetpack_publicize_message":"","jetpack_publicize_feature_enabled":true,"jetpack_social_post_already_shared":false,"jetpack_social_options":{"image_generator_settings":{"template":"highway","default_image_id":0,"font":"","enabled":false},"version":2}},"categories":[21],"tags":[],"class_list":["post-36365","post","type-post","status-publish","format-standard","has-post-thumbnail","hentry","category-locales"],"aioseo_notices":[],"views":8,"jetpack_publicize_connections":[],"jetpack_featured_media_url":"https:\/\/i0.wp.com\/elterritorialweb.com.ar\/web\/wp-content\/uploads\/2022\/03\/actividad-fuentes-dia-de-la-mujer.jpeg?fit=1124%2C750&ssl=1","jetpack_sharing_enabled":true,"_links":{"self":[{"href":"https:\/\/elterritorialweb.com.ar\/web\/wp-json\/wp\/v2\/posts\/36365","targetHints":{"allow":["GET"]}}],"collection":[{"href":"https:\/\/elterritorialweb.com.ar\/web\/wp-json\/wp\/v2\/posts"}],"about":[{"href":"https:\/\/elterritorialweb.com.ar\/web\/wp-json\/wp\/v2\/types\/post"}],"author":[{"embeddable":true,"href":"https:\/\/elterritorialweb.com.ar\/web\/wp-json\/wp\/v2\/users\/2"}],"replies":[{"embeddable":true,"href":"https:\/\/elterritorialweb.com.ar\/web\/wp-json\/wp\/v2\/comments?post=36365"}],"version-history":[{"count":1,"href":"https:\/\/elterritorialweb.com.ar\/web\/wp-json\/wp\/v2\/posts\/36365\/revisions"}],"predecessor-version":[{"id":36367,"href":"https:\/\/elterritorialweb.com.ar\/web\/wp-json\/wp\/v2\/posts\/36365\/revisions\/36367"}],"wp:featuredmedia":[{"embeddable":true,"href":"https:\/\/elterritorialweb.com.ar\/web\/wp-json\/wp\/v2\/media\/36366"}],"wp:attachment":[{"href":"https:\/\/elterritorialweb.com.ar\/web\/wp-json\/wp\/v2\/media?parent=36365"}],"wp:term":[{"taxonomy":"category","embeddable":true,"href":"https:\/\/elterritorialweb.com.ar\/web\/wp-json\/wp\/v2\/categories?post=36365"},{"taxonomy":"post_tag","embeddable":true,"href":"https:\/\/elterritorialweb.com.ar\/web\/wp-json\/wp\/v2\/tags?post=36365"}],"curies":[{"name":"wp","href":"https:\/\/api.w.org\/{rel}","templated":true}]}}