{"id":36388,"date":"2022-03-08T18:11:42","date_gmt":"2022-03-08T18:11:42","guid":{"rendered":"http:\/\/elterritorialweb.com.ar\/web\/?p=36388"},"modified":"2022-03-08T18:13:27","modified_gmt":"2022-03-08T18:13:27","slug":"cientos-de-mujeres-conmemoraron-su-dia-con-una-caminata-frente-a-la-municipalidad","status":"publish","type":"post","link":"https:\/\/elterritorialweb.com.ar\/web\/cientos-de-mujeres-conmemoraron-su-dia-con-una-caminata-frente-a-la-municipalidad\/","title":{"rendered":"CIENTOS DE MUJERES CONMEMORARON SU D\u00cdA CON UNA CAMINATA FRENTE A LA MUNICIPALIDAD"},"content":{"rendered":"\n<p>Entre las presentes, estuvieron diferentes representantes de espacios femeninos, autoridades municipales, empleadas de las diferentes oficinas y acompa\u00f1\u00f3 el intendente Pablo Mirolo con un saludo afectuoso, en el que expres\u00f3 que, \u201cHoy es un d\u00eda para agradecerles a todas lo que generan cada una desde sus lugares\u201d.<br>\u201cHay que destacar el rol de las mujeres que luchan y que son protagonistas de muchos cambios. Como hombres debemos acompa\u00f1arlas por m\u00e1s respeto y valoraci\u00f3n a las mujeres\u201d, agreg\u00f3.<br>Asimismo, las oradoras como la diputada nacional, Ver\u00f3nica Larcher; la responsable de la oficina, Bel\u00e9n Benac; la subsecretaria de Educaci\u00f3n, Stella Mirolo y la Secretaria de Gobierno, Claudia Acu\u00f1a afirmaron que estas expresiones en la fecha ponen firme el pedido de igualdad, lucha y equidad para todas las mujeres.<br>La parte art\u00edstica tuvo la actuaci\u00f3n innovadora del grupo Aljaba con un show moderno de bombos y zapateo estilizado, que le dieron a la ma\u00f1ana ritmo y color.<\/p>\n\n\n\n<figure class=\"wp-block-image size-large\"><a href=\"https:\/\/i0.wp.com\/elterritorialweb.com.ar\/web\/wp-content\/uploads\/2022\/03\/IMG-20220308-WA0016.jpg\"><img data-recalc-dims=\"1\" decoding=\"async\" width=\"640\" height=\"426\" data-src=\"https:\/\/i0.wp.com\/elterritorialweb.com.ar\/web\/wp-content\/uploads\/2022\/03\/IMG-20220308-WA0016.jpg?resize=640%2C426\" alt=\"\" class=\"wp-image-36390 lazyload\" data-srcset=\"https:\/\/i0.wp.com\/elterritorialweb.com.ar\/web\/wp-content\/uploads\/2022\/03\/IMG-20220308-WA0016.jpg?resize=1024%2C682&amp;ssl=1 1024w, https:\/\/i0.wp.com\/elterritorialweb.com.ar\/web\/wp-content\/uploads\/2022\/03\/IMG-20220308-WA0016.jpg?resize=300%2C200&amp;ssl=1 300w, https:\/\/i0.wp.com\/elterritorialweb.com.ar\/web\/wp-content\/uploads\/2022\/03\/IMG-20220308-WA0016.jpg?resize=768%2C512&amp;ssl=1 768w, https:\/\/i0.wp.com\/elterritorialweb.com.ar\/web\/wp-content\/uploads\/2022\/03\/IMG-20220308-WA0016.jpg?w=1280&amp;ssl=1 1280w\" data-sizes=\"(max-width: 640px) 100vw, 640px\" src=\"data:image\/svg+xml;base64,PHN2ZyB3aWR0aD0iMSIgaGVpZ2h0PSIxIiB4bWxucz0iaHR0cDovL3d3dy53My5vcmcvMjAwMC9zdmciPjwvc3ZnPg==\" style=\"--smush-placeholder-width: 640px; --smush-placeholder-aspect-ratio: 640\/426;\" \/><\/a><\/figure>\n\n\n\n<p>Cabe destacar, que el \u00e1rea dependiente de la Secretaria de Desarrollo Humano realiza durante todo el mes de marzo diferentes eventos, entre ellos el pr\u00f3ximo s\u00e1bado 12 el \u201cFestival de las Mujeres\u201d en la Plaza Mauricio Rojas por la tarde noche.<\/p>\n","protected":false},"excerpt":{"rendered":"<p>En la ma\u00f1ana del martes, cientos de mujeres bande\u00f1as se auto convocaron a participar de una caminata denominada \u201cPor todas Marchamos\u201d, organizada por la Oficina de G\u00e9nero dependiente de la Direcci\u00f3n de Desarrollo Social y Pol\u00edticas Sanitarias en la explanada de la Municipalidad de La Banda.<\/p>\n","protected":false},"author":2,"featured_media":36389,"comment_status":"open","ping_status":"open","sticky":false,"template":"","format":"standard","meta":{"om_disable_all_campaigns":false,"_monsterinsights_skip_tracking":false,"_monsterinsights_sitenote_active":false,"_monsterinsights_sitenote_note":"","_monsterinsights_sitenote_category":0,"_uf_show_specific_survey":0,"_uf_disable_surveys":false,"jetpack_post_was_ever_published":false,"_jetpack_newsletter_access":"","_jetpack_dont_email_post_to_subs":false,"_jetpack_newsletter_tier_id":0,"_jetpack_memberships_contains_paywalled_content":false,"_jetpack_memberships_contains_paid_content":false,"footnotes":"","jetpack_publicize_message":"","jetpack_publicize_feature_enabled":true,"jetpack_social_post_already_shared":false,"jetpack_social_options":{"image_generator_settings":{"template":"highway","default_image_id":0,"font":"","enabled":false},"version":2}},"categories":[21],"tags":[],"class_list":["post-36388","post","type-post","status-publish","format-standard","has-post-thumbnail","hentry","category-locales"],"aioseo_notices":[],"views":9,"jetpack_publicize_connections":[],"jetpack_featured_media_url":"https:\/\/i0.wp.com\/elterritorialweb.com.ar\/web\/wp-content\/uploads\/2022\/03\/IMG-20220308-WA0015.jpg?fit=1280%2C853&ssl=1","jetpack_sharing_enabled":true,"_links":{"self":[{"href":"https:\/\/elterritorialweb.com.ar\/web\/wp-json\/wp\/v2\/posts\/36388","targetHints":{"allow":["GET"]}}],"collection":[{"href":"https:\/\/elterritorialweb.com.ar\/web\/wp-json\/wp\/v2\/posts"}],"about":[{"href":"https:\/\/elterritorialweb.com.ar\/web\/wp-json\/wp\/v2\/types\/post"}],"author":[{"embeddable":true,"href":"https:\/\/elterritorialweb.com.ar\/web\/wp-json\/wp\/v2\/users\/2"}],"replies":[{"embeddable":true,"href":"https:\/\/elterritorialweb.com.ar\/web\/wp-json\/wp\/v2\/comments?post=36388"}],"version-history":[{"count":1,"href":"https:\/\/elterritorialweb.com.ar\/web\/wp-json\/wp\/v2\/posts\/36388\/revisions"}],"predecessor-version":[{"id":36391,"href":"https:\/\/elterritorialweb.com.ar\/web\/wp-json\/wp\/v2\/posts\/36388\/revisions\/36391"}],"wp:featuredmedia":[{"embeddable":true,"href":"https:\/\/elterritorialweb.com.ar\/web\/wp-json\/wp\/v2\/media\/36389"}],"wp:attachment":[{"href":"https:\/\/elterritorialweb.com.ar\/web\/wp-json\/wp\/v2\/media?parent=36388"}],"wp:term":[{"taxonomy":"category","embeddable":true,"href":"https:\/\/elterritorialweb.com.ar\/web\/wp-json\/wp\/v2\/categories?post=36388"},{"taxonomy":"post_tag","embeddable":true,"href":"https:\/\/elterritorialweb.com.ar\/web\/wp-json\/wp\/v2\/tags?post=36388"}],"curies":[{"name":"wp","href":"https:\/\/api.w.org\/{rel}","templated":true}]}}