{"id":36401,"date":"2022-03-08T20:24:55","date_gmt":"2022-03-08T20:24:55","guid":{"rendered":"http:\/\/elterritorialweb.com.ar\/web\/?p=36401"},"modified":"2022-03-08T20:24:56","modified_gmt":"2022-03-08T20:24:56","slug":"la-onu-confirmo-474-civiles-muertos-por-la-invasion-rusa-a-ucrania","status":"publish","type":"post","link":"https:\/\/elterritorialweb.com.ar\/web\/la-onu-confirmo-474-civiles-muertos-por-la-invasion-rusa-a-ucrania\/","title":{"rendered":"LA ONU CONFIRM\u00d3 474 CIVILES MUERTOS POR LA INVASI\u00d3N RUSA A UCRANIA"},"content":{"rendered":"\n<p>Al menos 474 civiles murieron en Ucrania por bombardeos y combates desde que comenz\u00f3 la invasi\u00f3n rusa, el 24 de febrero, dijo este martes la ONU.<\/p>\n\n\n\n<p><strong>Otros 861 civiles resultaron heridos,<\/strong>&nbsp;agreg\u00f3 el Alto Comisionado de la ONU para los Derechos Humanos (Acnudh) en un comunicado en su p\u00e1gina web.<\/p>\n\n\n\n<p><strong>El organismo que preside la exmandataria chilena, Michelle Bachelet<\/strong>, con sede en Ginebra, Suiza, usa una metodolog\u00eda estricta y solo informa de las v\u00edctimas que es capaz de verificar.<\/p>\n\n\n\n<figure class=\"wp-block-embed is-type-rich is-provider-twitter wp-block-embed-twitter\"><div class=\"wp-block-embed__wrapper\">\n<blockquote class=\"twitter-tweet\" data-width=\"550\" data-dnt=\"true\"><p lang=\"en\" dir=\"ltr\">The Office of the UN High Commissioner for Human Rights in <a href=\"https:\/\/twitter.com\/hashtag\/Ukraine?src=hash&amp;ref_src=twsrc%5Etfw\">#Ukraine<\/a> <a href=\"https:\/\/twitter.com\/UNHumanRightsUA?ref_src=twsrc%5Etfw\">@UNHumanRightsUA<\/a> recorded 1,335 civilian casualties in the country (474 killed &amp; 861 injured) between 24\/02\/2022, when <a href=\"https:\/\/twitter.com\/hashtag\/Russia?src=hash&amp;ref_src=twsrc%5Etfw\">#Russia<\/a>\u2019s armed attack against Ukraine started, &amp; Monday 07\/03\/2022.<a href=\"https:\/\/t.co\/WVe7Y3fmSL\">https:\/\/t.co\/WVe7Y3fmSL<\/a> <a href=\"https:\/\/t.co\/R5PrTS5TRZ\">pic.twitter.com\/R5PrTS5TRZ<\/a><\/p>&mdash; UN Human Rights (@UNHumanRights) <a href=\"https:\/\/twitter.com\/UNHumanRights\/status\/1501200093327904770?ref_src=twsrc%5Etfw\">March 8, 2022<\/a><\/blockquote><script async src=\"https:\/\/platform.twitter.com\/widgets.js\" charset=\"utf-8\"><\/script>\n<\/div><\/figure>\n\n\n\n<p><strong>El Acnudh dice que la cifra real seguramente es mucho mayor,<\/strong>&nbsp;debido en parte a los combates, que demoran la recepci\u00f3n de la informaci\u00f3n, y al tiempo que lleva corroborar las v\u00edctimas.<\/p>\n\n\n\n<p>El organismo hab\u00eda cifrado el lunes en 406 los civiles muertos en Ucrania.<\/p>\n\n\n\n<p>En Ucrania, el Ministerio de Defensa dijo este martesque document\u00f3 38 ni\u00f1os entre al menos 400 muertos confirmados, y 70 entre un total de 800 heridos.<\/p>\n","protected":false},"excerpt":{"rendered":"<p>El organismo que preside la exmandataria chilena, Michelle Bachelet, con sede en Ginebra, Suiza, inform\u00f3 que otros 861 civiles resultaron heridos, desde que comenz\u00f3 la invasi\u00f3n rusa.<\/p>\n","protected":false},"author":2,"featured_media":36402,"comment_status":"open","ping_status":"open","sticky":false,"template":"","format":"standard","meta":{"om_disable_all_campaigns":false,"_monsterinsights_skip_tracking":false,"_monsterinsights_sitenote_active":false,"_monsterinsights_sitenote_note":"","_monsterinsights_sitenote_category":0,"_uf_show_specific_survey":0,"_uf_disable_surveys":false,"jetpack_post_was_ever_published":false,"_jetpack_newsletter_access":"","_jetpack_dont_email_post_to_subs":false,"_jetpack_newsletter_tier_id":0,"_jetpack_memberships_contains_paywalled_content":false,"_jetpack_memberships_contains_paid_content":false,"footnotes":"","jetpack_publicize_message":"","jetpack_publicize_feature_enabled":true,"jetpack_social_post_already_shared":false,"jetpack_social_options":{"image_generator_settings":{"template":"highway","default_image_id":0,"font":"","enabled":false},"version":2}},"categories":[10],"tags":[],"class_list":["post-36401","post","type-post","status-publish","format-standard","has-post-thumbnail","hentry","category-internacionales"],"aioseo_notices":[],"views":10,"jetpack_publicize_connections":[],"jetpack_featured_media_url":"https:\/\/i0.wp.com\/elterritorialweb.com.ar\/web\/wp-content\/uploads\/2022\/03\/62277d4bad8b2.image_.jpg?fit=1200%2C797&ssl=1","jetpack_sharing_enabled":true,"_links":{"self":[{"href":"https:\/\/elterritorialweb.com.ar\/web\/wp-json\/wp\/v2\/posts\/36401","targetHints":{"allow":["GET"]}}],"collection":[{"href":"https:\/\/elterritorialweb.com.ar\/web\/wp-json\/wp\/v2\/posts"}],"about":[{"href":"https:\/\/elterritorialweb.com.ar\/web\/wp-json\/wp\/v2\/types\/post"}],"author":[{"embeddable":true,"href":"https:\/\/elterritorialweb.com.ar\/web\/wp-json\/wp\/v2\/users\/2"}],"replies":[{"embeddable":true,"href":"https:\/\/elterritorialweb.com.ar\/web\/wp-json\/wp\/v2\/comments?post=36401"}],"version-history":[{"count":1,"href":"https:\/\/elterritorialweb.com.ar\/web\/wp-json\/wp\/v2\/posts\/36401\/revisions"}],"predecessor-version":[{"id":36403,"href":"https:\/\/elterritorialweb.com.ar\/web\/wp-json\/wp\/v2\/posts\/36401\/revisions\/36403"}],"wp:featuredmedia":[{"embeddable":true,"href":"https:\/\/elterritorialweb.com.ar\/web\/wp-json\/wp\/v2\/media\/36402"}],"wp:attachment":[{"href":"https:\/\/elterritorialweb.com.ar\/web\/wp-json\/wp\/v2\/media?parent=36401"}],"wp:term":[{"taxonomy":"category","embeddable":true,"href":"https:\/\/elterritorialweb.com.ar\/web\/wp-json\/wp\/v2\/categories?post=36401"},{"taxonomy":"post_tag","embeddable":true,"href":"https:\/\/elterritorialweb.com.ar\/web\/wp-json\/wp\/v2\/tags?post=36401"}],"curies":[{"name":"wp","href":"https:\/\/api.w.org\/{rel}","templated":true}]}}