{"id":36404,"date":"2022-03-08T20:33:04","date_gmt":"2022-03-08T20:33:04","guid":{"rendered":"http:\/\/elterritorialweb.com.ar\/web\/?p=36404"},"modified":"2022-03-08T20:33:04","modified_gmt":"2022-03-08T20:33:04","slug":"santiago-del-estero-contara-con-el-primer-centro-territorial-integral-de-politicas-de-genero-y-diversidad","status":"publish","type":"post","link":"https:\/\/elterritorialweb.com.ar\/web\/santiago-del-estero-contara-con-el-primer-centro-territorial-integral-de-politicas-de-genero-y-diversidad\/","title":{"rendered":"SANTIAGO DEL ESTERO CONTAR\u00c1 CON EL PRIMER CENTRO TERRITORIAL INTEGRAL DE POL\u00cdTICAS DE G\u00c9NERO Y DIVERSIDAD"},"content":{"rendered":"\n<p>El objetivo del espacio, es poner a disposici\u00f3n recursos f\u00edsicos, profesionales, materiales, culturales y educativos para la prevenci\u00f3n, protecci\u00f3n y ampliaci\u00f3n de las pol\u00edticas de g\u00e9nero y diversidad y el acceso a la justicia de mujeres y LGBTI en nuestro territorio.<br>Acompa\u00f1aron a la Dra. Matilde O&#8217;Mill al momento de la firma, la ministra de Salud, Lic. Natividad Nassif, vocal del Superior Tribunal de Justicia, Dra. Ana Rosa Rodriguez, secretaria de Derechos Humanos, Prof. Daniela \u00c1guila, entre otras. La ministra de Justicia y DDHH, agradeci\u00f3 \u201cpor este importante anuncio, que nos permite fortalecer la pol\u00edtica de g\u00e9nero que venimos implementando en nuestra provincia para seguir avanzando en la prevenci\u00f3n de las violencias, la promoci\u00f3n de derechos, y la asistencia integral a personas en situaci\u00f3n de violencia por motivos de g\u00e9nero\u201d se\u00f1al\u00f3.<\/p>\n\n\n\n<p>Por su parte la ministra nacional de mujeres, Dra. Elizabeth G\u00f3mez Alcorta dijo; \u201ces muy importante avanzar con este proyecto que es un trabajo mancomunado con los municipios y las provincias. Este espacio contempla a las personas en situaci\u00f3n de violencia por razones de g\u00e9nero donde puedan asistir y aprender\u201d.<\/p>\n","protected":false},"excerpt":{"rendered":"<p>En el marco del Plan Nacional de Acci\u00f3n contra las violencias por motivos de G\u00e9nero, la ministra de Justicia y Derechos Humanos de la provincia, Dra. Matilde O&#8217;Mill, a trav\u00e9s de una comunicaci\u00f3n por zoom con la ministra del Ministerio Nacional de las Mujeres G\u00e9neros y Diversidad, Dra. Elizabeth G\u00f3mez Alcorta; firm\u00f3 un convenio para la creaci\u00f3n del primer Centro Territorial Integral de Pol\u00edticas de G\u00e9nero y Diversidad de la provincia.<\/p>\n","protected":false},"author":2,"featured_media":36405,"comment_status":"open","ping_status":"open","sticky":false,"template":"","format":"standard","meta":{"om_disable_all_campaigns":false,"_monsterinsights_skip_tracking":false,"_monsterinsights_sitenote_active":false,"_monsterinsights_sitenote_note":"","_monsterinsights_sitenote_category":0,"_uf_show_specific_survey":0,"_uf_disable_surveys":false,"jetpack_post_was_ever_published":false,"_jetpack_newsletter_access":"","_jetpack_dont_email_post_to_subs":false,"_jetpack_newsletter_tier_id":0,"_jetpack_memberships_contains_paywalled_content":false,"_jetpack_memberships_contains_paid_content":false,"footnotes":"","jetpack_publicize_message":"","jetpack_publicize_feature_enabled":true,"jetpack_social_post_already_shared":false,"jetpack_social_options":{"image_generator_settings":{"template":"highway","default_image_id":0,"font":"","enabled":false},"version":2}},"categories":[21],"tags":[],"class_list":["post-36404","post","type-post","status-publish","format-standard","has-post-thumbnail","hentry","category-locales"],"aioseo_notices":[],"views":20,"jetpack_publicize_connections":[],"jetpack_featured_media_url":"https:\/\/i0.wp.com\/elterritorialweb.com.ar\/web\/wp-content\/uploads\/2022\/03\/FB_IMG_1646771366330.jpg?fit=720%2C480&ssl=1","jetpack_sharing_enabled":true,"_links":{"self":[{"href":"https:\/\/elterritorialweb.com.ar\/web\/wp-json\/wp\/v2\/posts\/36404","targetHints":{"allow":["GET"]}}],"collection":[{"href":"https:\/\/elterritorialweb.com.ar\/web\/wp-json\/wp\/v2\/posts"}],"about":[{"href":"https:\/\/elterritorialweb.com.ar\/web\/wp-json\/wp\/v2\/types\/post"}],"author":[{"embeddable":true,"href":"https:\/\/elterritorialweb.com.ar\/web\/wp-json\/wp\/v2\/users\/2"}],"replies":[{"embeddable":true,"href":"https:\/\/elterritorialweb.com.ar\/web\/wp-json\/wp\/v2\/comments?post=36404"}],"version-history":[{"count":1,"href":"https:\/\/elterritorialweb.com.ar\/web\/wp-json\/wp\/v2\/posts\/36404\/revisions"}],"predecessor-version":[{"id":36406,"href":"https:\/\/elterritorialweb.com.ar\/web\/wp-json\/wp\/v2\/posts\/36404\/revisions\/36406"}],"wp:featuredmedia":[{"embeddable":true,"href":"https:\/\/elterritorialweb.com.ar\/web\/wp-json\/wp\/v2\/media\/36405"}],"wp:attachment":[{"href":"https:\/\/elterritorialweb.com.ar\/web\/wp-json\/wp\/v2\/media?parent=36404"}],"wp:term":[{"taxonomy":"category","embeddable":true,"href":"https:\/\/elterritorialweb.com.ar\/web\/wp-json\/wp\/v2\/categories?post=36404"},{"taxonomy":"post_tag","embeddable":true,"href":"https:\/\/elterritorialweb.com.ar\/web\/wp-json\/wp\/v2\/tags?post=36404"}],"curies":[{"name":"wp","href":"https:\/\/api.w.org\/{rel}","templated":true}]}}