{"id":36407,"date":"2022-03-08T20:42:10","date_gmt":"2022-03-08T20:42:10","guid":{"rendered":"http:\/\/elterritorialweb.com.ar\/web\/?p=36407"},"modified":"2022-03-08T20:42:11","modified_gmt":"2022-03-08T20:42:11","slug":"zelenski-aseguro-que-ucrania-luchara-hasta-el-final","status":"publish","type":"post","link":"https:\/\/elterritorialweb.com.ar\/web\/zelenski-aseguro-que-ucrania-luchara-hasta-el-final\/","title":{"rendered":"ZELENSKI ASEGUR\u00d3 QUE UCRANIA \u00abLUCHAR\u00c1 HASTA EL FINAL\u00bb"},"content":{"rendered":"\n<p>El presidente de Ucrania, Volodimir Zelenski, asegur\u00f3 este martes que su pa\u00eds luchar\u00e1 \u201chasta el final\u00bb frente a las tropas rusas que invadieron su pa\u00eds el 24 de febrero pasado, resistir\u00e1 \u201ccueste lo que cueste\u201d y renov\u00f3 su pedido de mayores y m\u00e1s fuertes sanciones a Mosc\u00fa.<\/p>\n\n\n\n<p>Zelenski habl\u00f3 vestido con una remera verde militar y por videoconferencia, ante el Parlamento brit\u00e1nico, oportunidad en la que cit\u00f3 al ex primer ministro Winston Churchill y al escritor William Shakespeare.<\/p>\n\n\n\n<p>\u00abNo nos rendiremos y no perderemos. Lucharemos hasta el final, en el mar, en el aire. Seguiremos luchando por nuestra tierra, cueste lo que cueste, en los bosques, en los campos, en las costas, en las calles\u00bb, afirm\u00f3 el mandatario, ovacionado por los diputados de pie en la C\u00e1mara de los Comunes de Londres.<\/p>\n\n\n\n<p>Las palabras del jefe del Estado ucraniano recordaron expresiones similares de Churchill, en 1940, ante el avance de las fuerzas nazis.<\/p>\n\n\n\n<p>Zelenski lament\u00f3 que Ucrania est\u00e9 en \u00abuna guerra que no provocamos, que no quer\u00edamos\u00bb. Desde el primer d\u00eda, \u00abno hemos dormido, hemos luchado todos por nuestro pa\u00eds, con nuestro ej\u00e9rcito\u00bb, afirm\u00f3 desde Kiev.<\/p>\n\n\n\n<p>En otro juego dial\u00e9ctico, esta vez con un fragmento de \u201cHamlet\u201d de Shakespeare, Zelenski remarc\u00f3 que \u00abla cuesti\u00f3n para Ucrania ahora es, ser o no ser\u00bb y expres\u00f3: \u00abAhora puedo darles una respuesta definitiva: es s\u00ed, ser\u00bb.<\/p>\n\n\n\n<p>\u00abPedimos vuestra ayuda. La ayuda de los pa\u00edses civilizados. Estamos agradecidos por esta ayuda y contigo, Boris (Johnson), por a\u00f1adir presi\u00f3n con sanciones a un Estado terrorista\u201d, indic\u00f3, seg\u00fan las agencias de noticias AFP y DPA.<\/p>\n\n\n\n<p>En su respuesta, el primer ministro Boris Johnson puso de relieve que su par ucraniano hab\u00eda \u201cconmovido los corazones de todos en esta C\u00e1mara\u00bb y garantiz\u00f3 que los pa\u00edses aliados mantendr\u00e1n el env\u00edo de armas.<\/p>\n\n\n\n<p>Zelenski volvi\u00f3 a lamentar que la OTAN se niegue a establecer una zona de exclusi\u00f3n a\u00e9rea, y pidi\u00f3 endurecer a\u00fan m\u00e1s las sanciones econ\u00f3micas, casi al mismo tiempo en que EEUU anunciaba la prohibici\u00f3n de importar petr\u00f3leo ruso.<\/p>\n\n\n\n<p>El s\u00e1bado, el presidente ucraniano hab\u00eda hablado ante legisladores de Estados Unidos, y unos d\u00edas antes, el martes 1, se dirigi\u00f3 al Parlamento Europeo.<\/p>\n","protected":false},"excerpt":{"rendered":"<p>\u00abNo nos rendiremos y no perderemos. Lucharemos hasta el final\u00bb, asegur\u00f3 el presidente ucraniano mediante videoconferencia ante los parlamentarios brit\u00e1nicos. Renov\u00f3 su pedido de mayores y m\u00e1s fuertes sanciones a Mosc\u00fa.<\/p>\n","protected":false},"author":2,"featured_media":36408,"comment_status":"open","ping_status":"open","sticky":false,"template":"","format":"standard","meta":{"om_disable_all_campaigns":false,"_monsterinsights_skip_tracking":false,"_monsterinsights_sitenote_active":false,"_monsterinsights_sitenote_note":"","_monsterinsights_sitenote_category":0,"_uf_show_specific_survey":0,"_uf_disable_surveys":false,"jetpack_post_was_ever_published":false,"_jetpack_newsletter_access":"","_jetpack_dont_email_post_to_subs":false,"_jetpack_newsletter_tier_id":0,"_jetpack_memberships_contains_paywalled_content":false,"_jetpack_memberships_contains_paid_content":false,"footnotes":"","jetpack_publicize_message":"","jetpack_publicize_feature_enabled":true,"jetpack_social_post_already_shared":false,"jetpack_social_options":{"image_generator_settings":{"template":"highway","default_image_id":0,"font":"","enabled":false},"version":2}},"categories":[10],"tags":[],"class_list":["post-36407","post","type-post","status-publish","format-standard","has-post-thumbnail","hentry","category-internacionales"],"aioseo_notices":[],"views":7,"jetpack_publicize_connections":[],"jetpack_featured_media_url":"https:\/\/i0.wp.com\/elterritorialweb.com.ar\/web\/wp-content\/uploads\/2022\/03\/CNN-Zelensky-1.jpeg?fit=780%2C438&ssl=1","jetpack_sharing_enabled":true,"_links":{"self":[{"href":"https:\/\/elterritorialweb.com.ar\/web\/wp-json\/wp\/v2\/posts\/36407","targetHints":{"allow":["GET"]}}],"collection":[{"href":"https:\/\/elterritorialweb.com.ar\/web\/wp-json\/wp\/v2\/posts"}],"about":[{"href":"https:\/\/elterritorialweb.com.ar\/web\/wp-json\/wp\/v2\/types\/post"}],"author":[{"embeddable":true,"href":"https:\/\/elterritorialweb.com.ar\/web\/wp-json\/wp\/v2\/users\/2"}],"replies":[{"embeddable":true,"href":"https:\/\/elterritorialweb.com.ar\/web\/wp-json\/wp\/v2\/comments?post=36407"}],"version-history":[{"count":1,"href":"https:\/\/elterritorialweb.com.ar\/web\/wp-json\/wp\/v2\/posts\/36407\/revisions"}],"predecessor-version":[{"id":36409,"href":"https:\/\/elterritorialweb.com.ar\/web\/wp-json\/wp\/v2\/posts\/36407\/revisions\/36409"}],"wp:featuredmedia":[{"embeddable":true,"href":"https:\/\/elterritorialweb.com.ar\/web\/wp-json\/wp\/v2\/media\/36408"}],"wp:attachment":[{"href":"https:\/\/elterritorialweb.com.ar\/web\/wp-json\/wp\/v2\/media?parent=36407"}],"wp:term":[{"taxonomy":"category","embeddable":true,"href":"https:\/\/elterritorialweb.com.ar\/web\/wp-json\/wp\/v2\/categories?post=36407"},{"taxonomy":"post_tag","embeddable":true,"href":"https:\/\/elterritorialweb.com.ar\/web\/wp-json\/wp\/v2\/tags?post=36407"}],"curies":[{"name":"wp","href":"https:\/\/api.w.org\/{rel}","templated":true}]}}