{"id":36410,"date":"2022-03-08T23:33:18","date_gmt":"2022-03-08T23:33:18","guid":{"rendered":"http:\/\/elterritorialweb.com.ar\/web\/?p=36410"},"modified":"2022-03-08T23:43:32","modified_gmt":"2022-03-08T23:43:32","slug":"se-fortalece-la-red-se-seguimiento-post-covid","status":"publish","type":"post","link":"https:\/\/elterritorialweb.com.ar\/web\/se-fortalece-la-red-se-seguimiento-post-covid\/","title":{"rendered":"SE FORTALECE LA RED SE SEGUIMIENTO POST COVID"},"content":{"rendered":"\n<p>Con el objetivo de fortalecer la red de seguimiento y atenci\u00f3n post COVID-19, se llev\u00f3 a cabo una reuni\u00f3n de trabajo encabezada por la ministra de Salud, Lic. Natividad Nassif y el subsecretario Dr. C\u00e9sar Monti, de la que participaron directores y directoras de los hospitales Independencia, CISB, Mama Antula, CepSI, Neumonol\u00f3gico; autoridades de las direcciones de Atenci\u00f3n M\u00e9dica, Atenci\u00f3n Primaria de la Salud, Interior, Epidemiolog\u00eda, Salud Mental y responsables de los programas Sumar, Redes, Proteger y de Prevenci\u00f3n de enfermedades cardiovasculares.<br>La atenci\u00f3n de las personas que padecieron COVID y tuvieron alg\u00fan tipo de secuela, se viene implementando desde los diferentes servicios de los hospitales; especialmente de aquellas personas que estuvieron internadas. Avanzando en esta l\u00ednea, se fij\u00f3 el objetivo de trabajar en red de forma coordinada, para la atenci\u00f3n de los pacientes sin obra social que transitaron la enfermedad por COVID-19, tanto de forma grave como leve, y que posean a\u00fan s\u00edntomas persistentes.<br>La coordinadora de Salud Mental, Lic. Adriana Cortese, se refiri\u00f3 al trabajo en red para seguimiento post Covid. \u201cLa red de servicio post Covid cuenta con diferentes niveles de atenci\u00f3n, desde el primer nivel hasta los de m\u00e1s complejidad que integran los hospitales. Se busca coordinar la atenci\u00f3n para los pacientes que padecieron Covid-19 y realizar los estudios correspondientes de aquellos que poseen secuelas. Estas secuelas no son solamente respiratorias o cardiol\u00f3gicas, sino tambi\u00e9n existen secuelas de la salud mental y neurol\u00f3gicas con deterioros cognitivos\u201d.<br>La red se activa cuando un paciente realiza una consulta telef\u00f3nica al Equipo Integral de Asistencia, al n\u00famero 385-5207867 o al correo electr\u00f3nico sdeseguimientocovid@gmail.com . Este servicio atiende de lunes a viernes de 8 a 18 hs. y est\u00e1 destinado a personas sin obra social, con o sin factores de riesgo, que hayan padecido COVID y se encuentren con los siguientes s\u00edntomas de forma persistente y que se presentan posteriormente de haber atravesado la enfermedad del Covid: tos seca persistente; falta de aire o agitaci\u00f3n; taquicardia, dolor de pecho; ansiedad, angustia; fatiga, cansancio cr\u00f3nico.<br>La Lic. Cortese continu\u00f3 refiri\u00e9ndose al respecto \u201cen primera instancia se lleva a cabo el triage telef\u00f3nico con la valoraci\u00f3n tanto de la salud mental como f\u00edsica y seg\u00fan este triage se define un turno para un posterior control en caso de ser necesario. Ya en el segundo control, de forma presencial, se realiza la valoraci\u00f3n cl\u00ednica y nutricional, laboratorio, radiograf\u00eda de t\u00f3rax, evaluaci\u00f3n cognitiva y de la depresi\u00f3n y ansiedad, como de las actividades de la vida diaria. En caso de no detectar s\u00edntomas o signos que necesite el seguimiento, se proceder\u00e1 al alta del paciente\u201d.<br>Luego de la reuni\u00f3n se brindaron detalles del circuito de atenci\u00f3n. En este sentido, se realizar\u00e1 una clasificaci\u00f3n de los pacientes de acuerdo a sus factores de riesgo y si tuvieron ingreso hospitalario durante la enfermedad causada por COVID-19. Si el paciente transit\u00f3 la enfermedad en su hogar con s\u00edntomas leves y no posee factores de riesgo, se considera de riesgo y ser\u00e1 atendido por el primer nivel de atenci\u00f3n. En caso de que el paciente haya tenido s\u00edntomas leves y cumpli\u00f3 el aislamiento en su hogar pero posee factores de riesgo, se considera de riesgo moderado, al igual que aquellos pacientes que tuvieron ingreso hospitalario pero sin condiciones de riesgo. Para las personas con riesgo moderado se realizar\u00e1n controles y seguimientos desde UPAS que estar\u00e1n en comunicaci\u00f3n con la atenci\u00f3n hospitalaria multidisciplinaria. Por \u00faltimo, se encuentran los pacientes de riesgo alto, que estuvieron internados y tienen factores de riesgo asociados, que ser\u00e1n atendidos en los hospitales por m\u00faltiples especialistas.<\/p>\n","protected":false},"excerpt":{"rendered":"<p>Autoridades del Ministerio de Salud provincial, se reunieron con los directores y directoras de los hospitales, como as\u00ed tambi\u00e9n, autoridades de los distintos centros de atenci\u00f3n primaria, con el objetivo de fortalecer la red de seguimiento post covid. <\/p>\n","protected":false},"author":2,"featured_media":36411,"comment_status":"open","ping_status":"open","sticky":false,"template":"","format":"standard","meta":{"om_disable_all_campaigns":false,"_monsterinsights_skip_tracking":false,"_monsterinsights_sitenote_active":false,"_monsterinsights_sitenote_note":"","_monsterinsights_sitenote_category":0,"_uf_show_specific_survey":0,"_uf_disable_surveys":false,"jetpack_post_was_ever_published":false,"_jetpack_newsletter_access":"","_jetpack_dont_email_post_to_subs":false,"_jetpack_newsletter_tier_id":0,"_jetpack_memberships_contains_paywalled_content":false,"_jetpack_memberships_contains_paid_content":false,"footnotes":"","jetpack_publicize_message":"","jetpack_publicize_feature_enabled":true,"jetpack_social_post_already_shared":false,"jetpack_social_options":{"image_generator_settings":{"template":"highway","default_image_id":0,"font":"","enabled":false},"version":2}},"categories":[3],"tags":[],"class_list":["post-36410","post","type-post","status-publish","format-standard","has-post-thumbnail","hentry","category-salud"],"aioseo_notices":[],"views":6,"jetpack_publicize_connections":[],"jetpack_featured_media_url":"https:\/\/i0.wp.com\/elterritorialweb.com.ar\/web\/wp-content\/uploads\/2022\/03\/post-covid-.jpeg?fit=1600%2C1200&ssl=1","jetpack_sharing_enabled":true,"_links":{"self":[{"href":"https:\/\/elterritorialweb.com.ar\/web\/wp-json\/wp\/v2\/posts\/36410","targetHints":{"allow":["GET"]}}],"collection":[{"href":"https:\/\/elterritorialweb.com.ar\/web\/wp-json\/wp\/v2\/posts"}],"about":[{"href":"https:\/\/elterritorialweb.com.ar\/web\/wp-json\/wp\/v2\/types\/post"}],"author":[{"embeddable":true,"href":"https:\/\/elterritorialweb.com.ar\/web\/wp-json\/wp\/v2\/users\/2"}],"replies":[{"embeddable":true,"href":"https:\/\/elterritorialweb.com.ar\/web\/wp-json\/wp\/v2\/comments?post=36410"}],"version-history":[{"count":2,"href":"https:\/\/elterritorialweb.com.ar\/web\/wp-json\/wp\/v2\/posts\/36410\/revisions"}],"predecessor-version":[{"id":36414,"href":"https:\/\/elterritorialweb.com.ar\/web\/wp-json\/wp\/v2\/posts\/36410\/revisions\/36414"}],"wp:featuredmedia":[{"embeddable":true,"href":"https:\/\/elterritorialweb.com.ar\/web\/wp-json\/wp\/v2\/media\/36411"}],"wp:attachment":[{"href":"https:\/\/elterritorialweb.com.ar\/web\/wp-json\/wp\/v2\/media?parent=36410"}],"wp:term":[{"taxonomy":"category","embeddable":true,"href":"https:\/\/elterritorialweb.com.ar\/web\/wp-json\/wp\/v2\/categories?post=36410"},{"taxonomy":"post_tag","embeddable":true,"href":"https:\/\/elterritorialweb.com.ar\/web\/wp-json\/wp\/v2\/tags?post=36410"}],"curies":[{"name":"wp","href":"https:\/\/api.w.org\/{rel}","templated":true}]}}