{"id":36415,"date":"2022-03-08T23:47:51","date_gmt":"2022-03-08T23:47:51","guid":{"rendered":"http:\/\/elterritorialweb.com.ar\/web\/?p=36415"},"modified":"2022-03-08T23:47:52","modified_gmt":"2022-03-08T23:47:52","slug":"turistas-brasilenos-disfrutan-de-termas-de-rio-hondo","status":"publish","type":"post","link":"https:\/\/elterritorialweb.com.ar\/web\/turistas-brasilenos-disfrutan-de-termas-de-rio-hondo\/","title":{"rendered":"TURISTAS BRASILE\u00d1OS DISFRUTAN DE TERMAS DE R\u00cdO HONDO"},"content":{"rendered":"\n<p>Sosa se\u00f1al\u00f3 que \u201cun contingente de 30 turistas brasile\u00f1os se encuentra disfrutando de Termas de R\u00edo Hondo como parte de un paquete tur\u00edstico que incluyen ciudades del norte argentino. Hoy estuvimos hablando con Fabio Jacobs, coordinador de la empresa Alvan Turismo del sur de Brasil; Desde ayer se encuentra en Termas de R\u00edo Hondo con turistas de Santa Catarina y Rio Grande Do Soul, quienes ya conocieron la ciudad de Santiago del Estero y est\u00e1n disfrutando de la ciudad termal. El contingente se quedar\u00e1 hasta el mi\u00e9rcoles 9 de marzo y continuar\u00e1 luego por Tucum\u00e1n y Salta hacia los valles Calchaqu\u00edes\u201d. Sosa agradeci\u00f3 adem\u00e1s la colaboraci\u00f3n del gu\u00eda, Marcos Ju\u00e1rez, que se encuentra colaborando con el contingente.<br>El funcionario nacional record\u00f3 que \u201cen 2019, ya hab\u00edamos recibido a esta empresa y turistas del sur de Brasil junto al Gobernador, Gerardo Zamora, en Casa de Gobierno. Ahora, desde el Inprotur, durante este a\u00f1o y a partir de la reapertura de fronteras hemos venido dialogando con las autoridades de la empresa para continuar el trabajo de promoci\u00f3n de Argentina. En este ocasi\u00f3n, ya generaron el primer viaje terrestre hacia Santiago del Estero, Tucum\u00e1n y Salta\u201d.<br>Sosa explic\u00f3 que \u201cJacobs coment\u00f3 que est\u00e1 muy feliz con la infraestructura tur\u00edstica que encontr\u00f3 en la provincia. Con certeza esto traer\u00e1 muchos turistas para toda esta regi\u00f3n\u201d.<br>Adem\u00e1s el funcionario nacional adelant\u00f3 que a fines de marzo se reunir\u00e1 nuevamente con las autoridades de la empresa \u201ccuando estemos participando de la Feria UGART en Porto Alegre, ellos trabajan en esa regi\u00f3n del sur de Brasil, por lo que estamos acordando encontrarnos con ellos para seguir fortaleciendo la promoci\u00f3n argentina\u201d.<\/p>\n","protected":false},"excerpt":{"rendered":"<p>El Secretario Ejecutivo del Inprotur, Ricardo Sosa, inform\u00f3 que turistas brasile\u00f1os ya se encuentran disfrutando de Termas de R\u00edo Hondo como consecuencia de las acciones de promoci\u00f3n que se encararon durante los \u00faltimos meses en Brasil.<\/p>\n","protected":false},"author":2,"featured_media":36416,"comment_status":"open","ping_status":"open","sticky":false,"template":"","format":"standard","meta":{"om_disable_all_campaigns":false,"_monsterinsights_skip_tracking":false,"_monsterinsights_sitenote_active":false,"_monsterinsights_sitenote_note":"","_monsterinsights_sitenote_category":0,"_uf_show_specific_survey":0,"_uf_disable_surveys":false,"jetpack_post_was_ever_published":false,"_jetpack_newsletter_access":"","_jetpack_dont_email_post_to_subs":false,"_jetpack_newsletter_tier_id":0,"_jetpack_memberships_contains_paywalled_content":false,"_jetpack_memberships_contains_paid_content":false,"footnotes":"","jetpack_publicize_message":"","jetpack_publicize_feature_enabled":true,"jetpack_social_post_already_shared":false,"jetpack_social_options":{"image_generator_settings":{"template":"highway","default_image_id":0,"font":"","enabled":false},"version":2}},"categories":[29],"tags":[],"class_list":["post-36415","post","type-post","status-publish","format-standard","has-post-thumbnail","hentry","category-turismo"],"aioseo_notices":[],"views":9,"jetpack_publicize_connections":[],"jetpack_featured_media_url":"https:\/\/i0.wp.com\/elterritorialweb.com.ar\/web\/wp-content\/uploads\/2022\/03\/brasilenos-.jpg?fit=1280%2C763&ssl=1","jetpack_sharing_enabled":true,"_links":{"self":[{"href":"https:\/\/elterritorialweb.com.ar\/web\/wp-json\/wp\/v2\/posts\/36415","targetHints":{"allow":["GET"]}}],"collection":[{"href":"https:\/\/elterritorialweb.com.ar\/web\/wp-json\/wp\/v2\/posts"}],"about":[{"href":"https:\/\/elterritorialweb.com.ar\/web\/wp-json\/wp\/v2\/types\/post"}],"author":[{"embeddable":true,"href":"https:\/\/elterritorialweb.com.ar\/web\/wp-json\/wp\/v2\/users\/2"}],"replies":[{"embeddable":true,"href":"https:\/\/elterritorialweb.com.ar\/web\/wp-json\/wp\/v2\/comments?post=36415"}],"version-history":[{"count":1,"href":"https:\/\/elterritorialweb.com.ar\/web\/wp-json\/wp\/v2\/posts\/36415\/revisions"}],"predecessor-version":[{"id":36417,"href":"https:\/\/elterritorialweb.com.ar\/web\/wp-json\/wp\/v2\/posts\/36415\/revisions\/36417"}],"wp:featuredmedia":[{"embeddable":true,"href":"https:\/\/elterritorialweb.com.ar\/web\/wp-json\/wp\/v2\/media\/36416"}],"wp:attachment":[{"href":"https:\/\/elterritorialweb.com.ar\/web\/wp-json\/wp\/v2\/media?parent=36415"}],"wp:term":[{"taxonomy":"category","embeddable":true,"href":"https:\/\/elterritorialweb.com.ar\/web\/wp-json\/wp\/v2\/categories?post=36415"},{"taxonomy":"post_tag","embeddable":true,"href":"https:\/\/elterritorialweb.com.ar\/web\/wp-json\/wp\/v2\/tags?post=36415"}],"curies":[{"name":"wp","href":"https:\/\/api.w.org\/{rel}","templated":true}]}}