{"id":36418,"date":"2022-03-09T00:02:42","date_gmt":"2022-03-09T00:02:42","guid":{"rendered":"http:\/\/elterritorialweb.com.ar\/web\/?p=36418"},"modified":"2022-03-09T00:02:43","modified_gmt":"2022-03-09T00:02:43","slug":"fernandez-dialogo-con-los-gobernadores-en-casa-rosada","status":"publish","type":"post","link":"https:\/\/elterritorialweb.com.ar\/web\/fernandez-dialogo-con-los-gobernadores-en-casa-rosada\/","title":{"rendered":"FERN\u00c1NDEZ DI\u00c1LOGO CON LOS GOBERNADORES EN CASA ROSADA"},"content":{"rendered":"\n<p>Del encuentro participaron los gobernadores Ricardo Quintela (La Rioja), Ra\u00fal Jalil (Catamarca), Osvaldo Jaldo (Tucum\u00e1n), Gustavo S\u00e1enz (Salta), Sergio Ziliotto (La Pampa), Sergio U\u00f1ac (San Juan), Gustavo Bordet (Entre R\u00edos), Oscar Herrera Ahuad (Misiones), Mariano Arcioni (Chubut), Omar Guti\u00e9rrez (Neuqu\u00e9n) y Omar Perotti (Santa Fe) y los vicegobernadores Carlos Silva Neder (Santiago del Estero) y Eugenio Quiroga (Santa Cruz).<\/p>\n\n\n\n<p>Los mandatarios provinciales fueron recibidos luego por el titular de la C\u00e1mara de Diputados, Sergio Massa.<\/p>\n\n\n\n<p>La reuni\u00f3n con el Jefe de Gabinete, que posteriormente los acompa\u00f1\u00f3 hasta el palacio legislativo, form\u00f3 parte de las acciones del Gobierno Nacional para generar los consensos necesarios para avanzar en la aprobaci\u00f3n del acuerdo con el FMI.<\/p>\n\n\n\n<p>Ayer, al asistir junto al ministro de Econom\u00eda, Mart\u00edn Guzm\u00e1n, al Congreso, Juan Manzur remarc\u00f3 la importancia del \u201carte del di\u00e1logo\u201d y puntualiz\u00f3 la necesidad de \u201cponerse por arriba de las cuestiones sectoriales y pol\u00edticas partidarias, y pensar en lo mejor para nuestro pa\u00eds, para la Argentina\u00bb.<\/p>\n\n\n\n<p>Manzur explic\u00f3 tambi\u00e9n que el entendimiento con el Fondo Monetario es \u201cel mejor acuerdo posible\u201d y precis\u00f3 que \u201cla Argentina no tiene los fondos para hacer frente a los vencimientos de 2022 y 2023. Esta es nuestra responsabilidad: evitar un escenario de default generalizado para la Argentina\u201d.<\/p>\n\n\n\n<p>Antes de la reuni\u00f3n con el jefe de Gabinete que tuvo lugar en el Sal\u00f3n Eva Per\u00f3n de la Casa Rosada, Sergio Ziliotto explic\u00f3 que \u201cno hay otra alternativa\u201d al acuerdo con el Fondo Monetario Internacional.<\/p>\n\n\n\n<p>El Gobernador de La Pampa dijo que si bien \u201cnadie quiere vivir con el FMI cada tres meses aqu\u00ed en la Argentina revisando las cuentas p\u00fablicas, lamentablemente, esa es una decisi\u00f3n que se tom\u00f3 en el a\u00f1o 2018\u201d.<\/p>\n\n\n\n<p>\u201cHoy no tenemos otra alternativa que apoyar este acuerdo posible, porque la otra alternativa es el caos\u201d, asegur\u00f3 Ziliotto, y convoc\u00f3 a \u201cver de qu\u00e9 manera nos ponemos todos de acuerdo para ver c\u00f3mo crecemos para poder pagarlo\u201d.<\/p>\n\n\n\n<p>Por su parte, Ricardo Quintela se\u00f1al\u00f3 al entendimiento con el Fondo como \u201cel mejor acuerdo posible para que la Argentina pueda tener la base de sustentabilidad para crecer y desarrollarse\u201d.<\/p>\n\n\n\n<p>\u201cLa verdad es que hemos honrado una deuda que no fue contra\u00edda por nosotros, pero que tenemos la obligaci\u00f3n, el deber y la responsabilidad de cumplir con nuestras obligaciones para permitir el crecimiento de nuestro pa\u00eds\u201d, enfatiz\u00f3 el gobernador de La Rioja.<\/p>\n\n\n\n<p>En la misma l\u00ednea, Oscar Herrera Ahuad explic\u00f3 que el acuerdo \u201ctiene que ver con generar en Argentina un escenario de certezas, de previsibilidad\u201d. Dijo que \u201cnunca es bueno tomar una deuda de estas caracter\u00edsticas y mucho menos cuando estos recursos no llegan a la gente, ni alivian al pueblo\u201d, y asegur\u00f3 que \u201chay que ayudar, acompa\u00f1ar, y para eso hoy estamos acompa\u00f1ando, para tener m\u00e1s certezas sobre el acuerdo con el FMI. Para garantizar que los recursos a partir de este acuerdo, que van a quedar en nuestro pa\u00eds para su crecimiento, su desarrollo, lleguen tambi\u00e9n a nuestras provincias\u201d.<\/p>\n\n\n\n<p>Mariano Arcioni marc\u00f3 la necesidad de apelar \u201ca la conciencia y a la responsabilidad de todos los sectores pol\u00edticos\u201d y precis\u00f3 que el acuerdo \u201ces lo que necesita hoy la Argentina\u201d porque es \u201cla \u00fanica manera de poder tener las reglas claras para el futuro, y las inversiones que sean necesarias\u201d.<\/p>\n\n\n\n<p>En cuanto al tratamiento de la iniciativa en el Congreso, Gustavo Bordet apunt\u00f3: \u201cEntiendo que debe ser ratificado con responsabilidad compartida con legisladores de la oposici\u00f3n, cuyo gobierno contrajo esta deuda, para poder tener un horizonte de futuro y previsibilidad, y as\u00ed evitar quedarnos fuera de los mercados y que la Argentina entre nuevamente en default\u201d.<\/p>\n\n\n\n<p>Sobre el\u00a0acuerdo, el gobernador de Entre R\u00edos explic\u00f3 que \u201cha sido fruto del trabajo que se hizo desde el Gobierno Nacional, con el Presidente y con el ministro de Econom\u00eda, para poder lograr un entendimiento que le d\u00e9 una proyecci\u00f3n a la Argentina\u201d.<\/p>\n\n\n\n<p>Gustavo S\u00e1enz record\u00f3 a su vez que \u201cse estuvo negociando durante mucho tiempo la posibilidad de este refinanciamiento\u201d, y agreg\u00f3: \u201cHay una deuda que ha sido contra\u00edda por el Estado Nacional. No por un gobierno ni por otro, sino por el Estado Nacional\u201d.<\/p>\n\n\n\n<p>\u201cHay que cumplir con las deudas, honrarlas, porque es la \u00fanica forma que tenemos de poder salir adelante. As\u00ed que venimos acompa\u00f1ar, a ayudar y esperamos que los legisladores est\u00e9n a la altura de las circunstancias y entiendan que esto no se trata de un gobierno u otro, o de ideolog\u00edas ni nada, sino de que el pa\u00eds pueda salir adelante\u201d, dijo el gobernador salte\u00f1o.<\/p>\n\n\n\n<p>Tambi\u00e9n Ra\u00fal Jalil expres\u00f3 la postura de \u201cacompa\u00f1ar al Presidente de la Naci\u00f3n en la decisi\u00f3n que ha tomado, a su Gabinete, a Mart\u00edn Guzm\u00e1n, a Juan Manzur\u201d. Y marc\u00f3: \u201cNo es el mejor de los arreglos pero fue el posible\u201d.<\/p>\n","protected":false},"excerpt":{"rendered":"<p>El presidente Alberto Fern\u00e1ndez convers\u00f3 este mediod\u00eda en el Sal\u00f3n Eva Per\u00f3n de la Casa Rosada con gobernadores y vicegobernadores que, luego de reunirse con el jefe de Gabinete, Juan Manzur, concurrieron al Congreso de la Naci\u00f3n para expresar su visi\u00f3n sobre el Entendimiento con el Fondo Monetario Internacional (FMI) en las comisiones de Presupuesto y Hacienda y Finanzas.<\/p>\n","protected":false},"author":2,"featured_media":36419,"comment_status":"open","ping_status":"open","sticky":false,"template":"","format":"standard","meta":{"om_disable_all_campaigns":false,"_monsterinsights_skip_tracking":false,"_monsterinsights_sitenote_active":false,"_monsterinsights_sitenote_note":"","_monsterinsights_sitenote_category":0,"_uf_show_specific_survey":0,"_uf_disable_surveys":false,"jetpack_post_was_ever_published":false,"_jetpack_newsletter_access":"","_jetpack_dont_email_post_to_subs":false,"_jetpack_newsletter_tier_id":0,"_jetpack_memberships_contains_paywalled_content":false,"_jetpack_memberships_contains_paid_content":false,"footnotes":"","jetpack_publicize_message":"","jetpack_publicize_feature_enabled":true,"jetpack_social_post_already_shared":false,"jetpack_social_options":{"image_generator_settings":{"template":"highway","default_image_id":0,"font":"","enabled":false},"version":2}},"categories":[18],"tags":[],"class_list":["post-36418","post","type-post","status-publish","format-standard","has-post-thumbnail","hentry","category-politica"],"aioseo_notices":[],"views":4,"jetpack_publicize_connections":[],"jetpack_featured_media_url":"https:\/\/i0.wp.com\/elterritorialweb.com.ar\/web\/wp-content\/uploads\/2022\/03\/AFGobernadores.jpg?fit=1940%2C1293&ssl=1","jetpack_sharing_enabled":true,"_links":{"self":[{"href":"https:\/\/elterritorialweb.com.ar\/web\/wp-json\/wp\/v2\/posts\/36418","targetHints":{"allow":["GET"]}}],"collection":[{"href":"https:\/\/elterritorialweb.com.ar\/web\/wp-json\/wp\/v2\/posts"}],"about":[{"href":"https:\/\/elterritorialweb.com.ar\/web\/wp-json\/wp\/v2\/types\/post"}],"author":[{"embeddable":true,"href":"https:\/\/elterritorialweb.com.ar\/web\/wp-json\/wp\/v2\/users\/2"}],"replies":[{"embeddable":true,"href":"https:\/\/elterritorialweb.com.ar\/web\/wp-json\/wp\/v2\/comments?post=36418"}],"version-history":[{"count":1,"href":"https:\/\/elterritorialweb.com.ar\/web\/wp-json\/wp\/v2\/posts\/36418\/revisions"}],"predecessor-version":[{"id":36420,"href":"https:\/\/elterritorialweb.com.ar\/web\/wp-json\/wp\/v2\/posts\/36418\/revisions\/36420"}],"wp:featuredmedia":[{"embeddable":true,"href":"https:\/\/elterritorialweb.com.ar\/web\/wp-json\/wp\/v2\/media\/36419"}],"wp:attachment":[{"href":"https:\/\/elterritorialweb.com.ar\/web\/wp-json\/wp\/v2\/media?parent=36418"}],"wp:term":[{"taxonomy":"category","embeddable":true,"href":"https:\/\/elterritorialweb.com.ar\/web\/wp-json\/wp\/v2\/categories?post=36418"},{"taxonomy":"post_tag","embeddable":true,"href":"https:\/\/elterritorialweb.com.ar\/web\/wp-json\/wp\/v2\/tags?post=36418"}],"curies":[{"name":"wp","href":"https:\/\/api.w.org\/{rel}","templated":true}]}}