{"id":36421,"date":"2022-03-09T00:30:39","date_gmt":"2022-03-09T00:30:39","guid":{"rendered":"http:\/\/elterritorialweb.com.ar\/web\/?p=36421"},"modified":"2022-03-09T00:30:39","modified_gmt":"2022-03-09T00:30:39","slug":"fernandez-no-vamos-a-ser-una-buena-sociedad-hasta-el-momento-que-todos-tengamos-los-mismos-derechos-y-las-mismas-posibilidades","status":"publish","type":"post","link":"https:\/\/elterritorialweb.com.ar\/web\/fernandez-no-vamos-a-ser-una-buena-sociedad-hasta-el-momento-que-todos-tengamos-los-mismos-derechos-y-las-mismas-posibilidades\/","title":{"rendered":"FERN\u00c1NDEZ: \u00bb NO VAMOS A SER UNA BUENA SOCIEDAD HASTA EL MOMENTO QUE TODOS TENGAMOS LOS MISMOS DERECHOS Y LAS MISMAS POSIBILIDADES\u00bb"},"content":{"rendered":"\n<p>En esa misma l\u00ednea, remarc\u00f3: \u201cPara que eso ocurra tenemos que respetar y poner en condiciones de igualdad a cada mujer de la Argentina, porque en el siglo XXI es inadmisible que alguien sea discriminado por su condici\u00f3n de g\u00e9nero, que un mismo trabajo tenga un sueldo seg\u00fan quien lo presta\u201d.<\/p>\n\n\n\n<p>Y record\u00f3: \u201cHoy, que es el D\u00eda de la Mujer, s\u00e9 que cuento con un pueblo de mujeres maravilloso que ha dado much\u00edsimos ejemplos a lo largo de la historia, como Juana Azurduy que defendi\u00f3 el norte argentino como el m\u00e1s valiente de los generales; como Macacha G\u00fcemes que acompa\u00f1\u00f3 a su hermano hasta la muerte para garantizar la libertad de este pueblo; como Rosario Vera Pe\u00f1aloza que desde La Rioja nos inculc\u00f3 la importancia de la educaci\u00f3n y el conocimiento; como Eva Per\u00f3n, abanderada de los humildes\u201d.<\/p>\n\n\n\n<p>\u201cTomemos esos ejemplos, como el coraje que tambi\u00e9n tuvo Cristina cuando tuvo que gobernar el pa\u00eds en a\u00f1os dif\u00edciles, para seguir adelante\u201d, pidi\u00f3 el jefe de Estado, que estuvo acompa\u00f1ado por el intendente local, Mario Ishii; la titular del INADI, Victoria Donda; y la secretaria de Pol\u00edticas de Igualdad y Diversidad, Marita Perceval.<\/p>\n\n\n\n<figure class=\"wp-block-image size-large\"><a href=\"https:\/\/i0.wp.com\/elterritorialweb.com.ar\/web\/wp-content\/uploads\/2022\/03\/AFDiadelamujer2-scaled.jpg\"><img data-recalc-dims=\"1\" decoding=\"async\" width=\"640\" height=\"960\" data-src=\"https:\/\/i0.wp.com\/elterritorialweb.com.ar\/web\/wp-content\/uploads\/2022\/03\/AFDiadelamujer2.jpg?resize=640%2C960\" alt=\"\" class=\"wp-image-36423 lazyload\" data-srcset=\"https:\/\/i0.wp.com\/elterritorialweb.com.ar\/web\/wp-content\/uploads\/2022\/03\/AFDiadelamujer2-scaled.jpg?resize=683%2C1024&amp;ssl=1 683w, https:\/\/i0.wp.com\/elterritorialweb.com.ar\/web\/wp-content\/uploads\/2022\/03\/AFDiadelamujer2-scaled.jpg?resize=200%2C300&amp;ssl=1 200w, https:\/\/i0.wp.com\/elterritorialweb.com.ar\/web\/wp-content\/uploads\/2022\/03\/AFDiadelamujer2-scaled.jpg?resize=768%2C1152&amp;ssl=1 768w, https:\/\/i0.wp.com\/elterritorialweb.com.ar\/web\/wp-content\/uploads\/2022\/03\/AFDiadelamujer2-scaled.jpg?resize=1024%2C1536&amp;ssl=1 1024w, https:\/\/i0.wp.com\/elterritorialweb.com.ar\/web\/wp-content\/uploads\/2022\/03\/AFDiadelamujer2-scaled.jpg?resize=1365%2C2048&amp;ssl=1 1365w, https:\/\/i0.wp.com\/elterritorialweb.com.ar\/web\/wp-content\/uploads\/2022\/03\/AFDiadelamujer2-scaled.jpg?w=1707&amp;ssl=1 1707w, https:\/\/i0.wp.com\/elterritorialweb.com.ar\/web\/wp-content\/uploads\/2022\/03\/AFDiadelamujer2-scaled.jpg?w=1280 1280w\" data-sizes=\"(max-width: 640px) 100vw, 640px\" src=\"data:image\/svg+xml;base64,PHN2ZyB3aWR0aD0iMSIgaGVpZ2h0PSIxIiB4bWxucz0iaHR0cDovL3d3dy53My5vcmcvMjAwMC9zdmciPjwvc3ZnPg==\" style=\"--smush-placeholder-width: 640px; --smush-placeholder-aspect-ratio: 640\/960;\" \/><\/a><\/figure>\n\n\n\n<p>Tambi\u00e9n participaron de la actividad la escritora e investigadora mexicana, Beatriz Guti\u00e9rrez M\u00fcller, y la embajadora mexicana en Argentina, Lilia Rossbach, quienes mantuvieron un encuentro previo con el mandatario en Casa Rosada.<\/p>\n\n\n\n<p>Al tomar la palabra, Guti\u00e9rrez M\u00fcller asegur\u00f3 que \u201ces un orgullo conmemorar el D\u00eda Internacional de la Mujer en este bendito pa\u00eds\u201d con representantes como \u201cEvita Per\u00f3n y muchas otras luchadoras sociales que se encuentran en el anonimato\u201d, y reflexion\u00f3: \u201cEs mucho lo alcanzado en cuanto a hacer valer el derecho a decidir de las mujeres, pero todav\u00eda aqu\u00ed y en mi pa\u00eds falta mucho por hacer porque no hay aut\u00e9ntico feminismo sin igualdad econ\u00f3mica, y es indispensable tambi\u00e9n la igualdad ante la ley\u201d.<\/p>\n\n\n\n<p>En tanto, el intendente municipal precis\u00f3 que \u201cel pa\u00eds necesita que las mujeres vuelvan a salir y a luchar por los espacios, porque cuando los hombres quedaron en la casa sin trabajo\u201d en momentos cr\u00edticos del pa\u00eds \u201cfueron ellas las que salieron a trabajar y las que levantaron los hogares\u201d, al tiempo que record\u00f3 \u201ca Eva, a Cristina y a todas las compa\u00f1eras de lucha desde hace 30 a\u00f1os\u201d.<\/p>\n\n\n\n<figure class=\"wp-block-image size-large\"><a href=\"https:\/\/i0.wp.com\/elterritorialweb.com.ar\/web\/wp-content\/uploads\/2022\/03\/AFDiadelamujer3.jpg\"><img data-recalc-dims=\"1\" decoding=\"async\" width=\"640\" height=\"426\" data-src=\"https:\/\/i0.wp.com\/elterritorialweb.com.ar\/web\/wp-content\/uploads\/2022\/03\/AFDiadelamujer3.jpg?resize=640%2C426\" alt=\"\" class=\"wp-image-36424 lazyload\" data-srcset=\"https:\/\/i0.wp.com\/elterritorialweb.com.ar\/web\/wp-content\/uploads\/2022\/03\/AFDiadelamujer3.jpg?resize=1024%2C682&amp;ssl=1 1024w, https:\/\/i0.wp.com\/elterritorialweb.com.ar\/web\/wp-content\/uploads\/2022\/03\/AFDiadelamujer3.jpg?resize=300%2C200&amp;ssl=1 300w, https:\/\/i0.wp.com\/elterritorialweb.com.ar\/web\/wp-content\/uploads\/2022\/03\/AFDiadelamujer3.jpg?resize=768%2C512&amp;ssl=1 768w, https:\/\/i0.wp.com\/elterritorialweb.com.ar\/web\/wp-content\/uploads\/2022\/03\/AFDiadelamujer3.jpg?resize=1536%2C1024&amp;ssl=1 1536w, https:\/\/i0.wp.com\/elterritorialweb.com.ar\/web\/wp-content\/uploads\/2022\/03\/AFDiadelamujer3.jpg?w=1940&amp;ssl=1 1940w, https:\/\/i0.wp.com\/elterritorialweb.com.ar\/web\/wp-content\/uploads\/2022\/03\/AFDiadelamujer3.jpg?w=1280 1280w\" data-sizes=\"(max-width: 640px) 100vw, 640px\" src=\"data:image\/svg+xml;base64,PHN2ZyB3aWR0aD0iMSIgaGVpZ2h0PSIxIiB4bWxucz0iaHR0cDovL3d3dy53My5vcmcvMjAwMC9zdmciPjwvc3ZnPg==\" style=\"--smush-placeholder-width: 640px; --smush-placeholder-aspect-ratio: 640\/426;\" \/><\/a><\/figure>\n\n\n\n<p>Formaron parte del acto adem\u00e1s la diputada nacional, Carolina Gaillard; la representante de Mujeres del Consejo del Partido Justicialista de Jos\u00e9 C. Paz, Mar\u00eda Teresa Zamora; y la directora General del Servicio Alimentario Escolar municipal, Luciana Seput.<\/p>\n","protected":false},"excerpt":{"rendered":"<p>El presidente Alberto Fern\u00e1ndez encabez\u00f3 esta tarde un acto, en el municipio bonaerense de Jos\u00e9 C. Paz, con motivo del D\u00eda Internacional de la Mujer Trabajadora, sobre el que afirm\u00f3: \u201cNo vamos a ser una buena sociedad hasta el momento en que todos tengamos los mismos derechos y las mismas oportunidades\u201d.<\/p>\n","protected":false},"author":2,"featured_media":36422,"comment_status":"open","ping_status":"open","sticky":false,"template":"","format":"standard","meta":{"om_disable_all_campaigns":false,"_monsterinsights_skip_tracking":false,"_monsterinsights_sitenote_active":false,"_monsterinsights_sitenote_note":"","_monsterinsights_sitenote_category":0,"_uf_show_specific_survey":0,"_uf_disable_surveys":false,"jetpack_post_was_ever_published":false,"_jetpack_newsletter_access":"","_jetpack_dont_email_post_to_subs":false,"_jetpack_newsletter_tier_id":0,"_jetpack_memberships_contains_paywalled_content":false,"_jetpack_memberships_contains_paid_content":false,"footnotes":"","jetpack_publicize_message":"","jetpack_publicize_feature_enabled":true,"jetpack_social_post_already_shared":false,"jetpack_social_options":{"image_generator_settings":{"template":"highway","default_image_id":0,"font":"","enabled":false},"version":2}},"categories":[18],"tags":[],"class_list":["post-36421","post","type-post","status-publish","format-standard","has-post-thumbnail","hentry","category-politica"],"aioseo_notices":[],"views":7,"jetpack_publicize_connections":[],"jetpack_featured_media_url":"https:\/\/i0.wp.com\/elterritorialweb.com.ar\/web\/wp-content\/uploads\/2022\/03\/AFDiadelamujer.jpg?fit=1940%2C1293&ssl=1","jetpack_sharing_enabled":true,"_links":{"self":[{"href":"https:\/\/elterritorialweb.com.ar\/web\/wp-json\/wp\/v2\/posts\/36421","targetHints":{"allow":["GET"]}}],"collection":[{"href":"https:\/\/elterritorialweb.com.ar\/web\/wp-json\/wp\/v2\/posts"}],"about":[{"href":"https:\/\/elterritorialweb.com.ar\/web\/wp-json\/wp\/v2\/types\/post"}],"author":[{"embeddable":true,"href":"https:\/\/elterritorialweb.com.ar\/web\/wp-json\/wp\/v2\/users\/2"}],"replies":[{"embeddable":true,"href":"https:\/\/elterritorialweb.com.ar\/web\/wp-json\/wp\/v2\/comments?post=36421"}],"version-history":[{"count":1,"href":"https:\/\/elterritorialweb.com.ar\/web\/wp-json\/wp\/v2\/posts\/36421\/revisions"}],"predecessor-version":[{"id":36425,"href":"https:\/\/elterritorialweb.com.ar\/web\/wp-json\/wp\/v2\/posts\/36421\/revisions\/36425"}],"wp:featuredmedia":[{"embeddable":true,"href":"https:\/\/elterritorialweb.com.ar\/web\/wp-json\/wp\/v2\/media\/36422"}],"wp:attachment":[{"href":"https:\/\/elterritorialweb.com.ar\/web\/wp-json\/wp\/v2\/media?parent=36421"}],"wp:term":[{"taxonomy":"category","embeddable":true,"href":"https:\/\/elterritorialweb.com.ar\/web\/wp-json\/wp\/v2\/categories?post=36421"},{"taxonomy":"post_tag","embeddable":true,"href":"https:\/\/elterritorialweb.com.ar\/web\/wp-json\/wp\/v2\/tags?post=36421"}],"curies":[{"name":"wp","href":"https:\/\/api.w.org\/{rel}","templated":true}]}}