{"id":36426,"date":"2022-03-09T00:40:47","date_gmt":"2022-03-09T00:40:47","guid":{"rendered":"http:\/\/elterritorialweb.com.ar\/web\/?p=36426"},"modified":"2022-03-09T00:45:04","modified_gmt":"2022-03-09T00:45:04","slug":"primera-sesion-del-consejo-provincial-de-mujeres-generos-y-diversidades","status":"publish","type":"post","link":"https:\/\/elterritorialweb.com.ar\/web\/primera-sesion-del-consejo-provincial-de-mujeres-generos-y-diversidades\/","title":{"rendered":"PRIMERA SESI\u00d3N DEL CONSEJO PROVINCIAL DE MUJERES, G\u00c9NEROS Y DIVERSIDADES"},"content":{"rendered":"\n<p>Desde el gobierno provincial a trav\u00e9s del Ministerio de Justicia y DDHH, se implementaron distintos programas tendientes a brindar a las mujeres santiague\u00f1as mayores herramientas destinadas a promover la igualdad, equidad y justicia para todos y todas. Esto es posible gracias al trabajo articulado con organizaciones de la sociedad civil, acad\u00e9mica y la sociedad toda, garantizando la participaci\u00f3n ciudadana.<br>Del encuentro participaron la Ministra de Justicia y DDHH de la provincia, Dra. Matilde Omill, la vocal del Superior Tribunal de Justicia de la provincia, Dra. Ana Rosa Rodr\u00edguez, secretaria de Derechos Humanos, Prof. Daniela \u00c1guila, subsecretaria a cargo de Pol\u00edticas de Mujer, G\u00e9nero y Diversidad, Dra. Natalia Carreras, por la Direcci\u00f3n de G\u00e9nero de la Secretar\u00eda de Derechos Humanos, Dra. Cecilia Sampaolesi.<br>Las palabras de apertura estuvieron a cargo de la la ministra de Justicia y DDHH, Dra. Matilde Omill quien ratific\u00f3 que \u201cdesde el gobierno provincial tenemos todo el compromiso de apoyar y de contribuir para generar ese respaldo en toda la lucha por la igualdad, equidad de las mujeres y las diversidades. Sigamos construyendo juntos y juntas porque es la manera m\u00e1s r\u00e1pida de lograr los objetivos\u201d.<br>\u201cEste consejo tiene dos caracter\u00edsticas muy importantes por un lado la transversalidad porque nos re\u00fane al estado en sus distintos espacios de trabajo desde lo municipal, provincial y nacional pero tambi\u00e9n con organizaciones, la sociedad civil y personas que est\u00e1n comprometidas con esta lucha. Adem\u00e1s es un espacio de participaci\u00f3n y solo a trav\u00e9s de esto podemos cambiar las cosas que faltan y construir el futuro que queremos\u201d.<br>A su turno la Dra. Ana Rosa Rodr\u00edguez celebr\u00f3 la iniciativa y la construcci\u00f3n de este consejo \u201cla lucha de las mujeres es un plebiscito cotidiano, es una lucha de todos los d\u00edas porque cada logro y cada paso que damos significa mucho pero a la vez significa un nuevo inicio. Desde el poder judicial ante la necesidad de juzgar con perspectiva de g\u00e9nero celebramos estos espacios donde todas las mujeres tengan la posibilidad de ejercer el derecho fundamental de ser o\u00eddas\u201d.<br>Seguidamente la secretaria de Derechos Humanos, Prof. Daniela \u00c1guila manifest\u00f3: \u201choy somos testigos de un hecho hist\u00f3rico. Anhelo profundamente que el pr\u00f3ximo 8M 2023 podamos estar rindiendo cuentas de ese a\u00f1o de trabajo que nos espera por delante, que logremos juntos much\u00edsimos de los objetivos que tenemos pensado y propuestos, erradicando la violencia, construyendo una sociedad m\u00e1s justa , igualitaria e inclusiva y con equiparaci\u00f3n de oportunidades para todas, todes y todos\u201c, se\u00f1al\u00f3.-<\/p>\n","protected":false},"excerpt":{"rendered":"<p>En conmemoraci\u00f3n del D\u00eda Internacional de la Mujer Trabajadora se llev\u00f3 a cabo la primera sesi\u00f3n del Consejo Provincial de Mujeres, G\u00e9neros y Diversidades en el centro de convenciones F\u00f3rum.<\/p>\n","protected":false},"author":2,"featured_media":36427,"comment_status":"open","ping_status":"open","sticky":false,"template":"","format":"standard","meta":{"om_disable_all_campaigns":false,"_monsterinsights_skip_tracking":false,"_monsterinsights_sitenote_active":false,"_monsterinsights_sitenote_note":"","_monsterinsights_sitenote_category":0,"_uf_show_specific_survey":0,"_uf_disable_surveys":false,"jetpack_post_was_ever_published":false,"_jetpack_newsletter_access":"","_jetpack_dont_email_post_to_subs":false,"_jetpack_newsletter_tier_id":0,"_jetpack_memberships_contains_paywalled_content":false,"_jetpack_memberships_contains_paid_content":false,"footnotes":"","jetpack_publicize_message":"","jetpack_publicize_feature_enabled":true,"jetpack_social_post_already_shared":false,"jetpack_social_options":{"image_generator_settings":{"template":"highway","default_image_id":0,"font":"","enabled":false},"version":2}},"categories":[21],"tags":[],"class_list":["post-36426","post","type-post","status-publish","format-standard","has-post-thumbnail","hentry","category-locales"],"aioseo_notices":[],"views":7,"jetpack_publicize_connections":[],"jetpack_featured_media_url":"https:\/\/i0.wp.com\/elterritorialweb.com.ar\/web\/wp-content\/uploads\/2022\/03\/primera-sesion-.jpg?fit=2164%2C1496&ssl=1","jetpack_sharing_enabled":true,"_links":{"self":[{"href":"https:\/\/elterritorialweb.com.ar\/web\/wp-json\/wp\/v2\/posts\/36426","targetHints":{"allow":["GET"]}}],"collection":[{"href":"https:\/\/elterritorialweb.com.ar\/web\/wp-json\/wp\/v2\/posts"}],"about":[{"href":"https:\/\/elterritorialweb.com.ar\/web\/wp-json\/wp\/v2\/types\/post"}],"author":[{"embeddable":true,"href":"https:\/\/elterritorialweb.com.ar\/web\/wp-json\/wp\/v2\/users\/2"}],"replies":[{"embeddable":true,"href":"https:\/\/elterritorialweb.com.ar\/web\/wp-json\/wp\/v2\/comments?post=36426"}],"version-history":[{"count":1,"href":"https:\/\/elterritorialweb.com.ar\/web\/wp-json\/wp\/v2\/posts\/36426\/revisions"}],"predecessor-version":[{"id":36428,"href":"https:\/\/elterritorialweb.com.ar\/web\/wp-json\/wp\/v2\/posts\/36426\/revisions\/36428"}],"wp:featuredmedia":[{"embeddable":true,"href":"https:\/\/elterritorialweb.com.ar\/web\/wp-json\/wp\/v2\/media\/36427"}],"wp:attachment":[{"href":"https:\/\/elterritorialweb.com.ar\/web\/wp-json\/wp\/v2\/media?parent=36426"}],"wp:term":[{"taxonomy":"category","embeddable":true,"href":"https:\/\/elterritorialweb.com.ar\/web\/wp-json\/wp\/v2\/categories?post=36426"},{"taxonomy":"post_tag","embeddable":true,"href":"https:\/\/elterritorialweb.com.ar\/web\/wp-json\/wp\/v2\/tags?post=36426"}],"curies":[{"name":"wp","href":"https:\/\/api.w.org\/{rel}","templated":true}]}}