{"id":36429,"date":"2022-03-09T00:57:13","date_gmt":"2022-03-09T00:57:13","guid":{"rendered":"http:\/\/elterritorialweb.com.ar\/web\/?p=36429"},"modified":"2022-03-09T00:57:14","modified_gmt":"2022-03-09T00:57:14","slug":"fuentes-puso-en-servicio-nuevos-semaforos-dentro-del-programa-de-seguridad-vial","status":"publish","type":"post","link":"https:\/\/elterritorialweb.com.ar\/web\/fuentes-puso-en-servicio-nuevos-semaforos-dentro-del-programa-de-seguridad-vial\/","title":{"rendered":"FUENTES PUSO EN SERVICIO NUEVOS SEM\u00c1FOROS DENTRO DEL PROGRAMA DE SEGURIDAD VIAL"},"content":{"rendered":"\n<p><br>Acompa\u00f1ada por la directora de la Escuela Nacional \u00abRicardo Rojas\u00bb, Matilde Rojas, alumnos y docentes, la jefa comunal sostuvo que estos nuevos ordenadores dar\u00e1n respuesta a la demanda de los vecinos del sector y organizar\u00e1 el tr\u00e1fico de forma m\u00e1s eficiente, beneficiando tambi\u00e9n a esa comunidad educativa.<br>La Ing. Fuentes encendi\u00f3 el comando para poner en funcionamiento el nuevo sistema de se\u00f1alizaci\u00f3n, como parte del programa de seguridad vial que lleva adelante el municipio que adem\u00e1s incluyen campa\u00f1as de educaci\u00f3n y respeto a las leyes y ordenanzas que regulan el tr\u00e1nsito en la ciudad.<br>\u00abEs muy importante que respetemos estas nuevas se\u00f1ales de tr\u00e1nsito, ya que de esa manera podemos reducir la cantidad de siniestros viales, apelando siempre a la responsabilidad ciudadana\u00bb, indic\u00f3 Fuentes.<br>Estos nuevos sem\u00e1foros de \u00faltima generaci\u00f3n son aptos para la sincronizaci\u00f3n de onda verde, de bajo consumo energ\u00e9tico y tecnolog\u00eda Led. Cabe mencionar que, en forma simult\u00e1nea, empezaron a funcionar los ordenadores colocados en las esquinas de Chasqui y Moreno y en Col\u00f3n y Lamadrid, previendo semaforizar cada vez m\u00e1s cruces durante el corriente a\u00f1o.<br>\u00abAdem\u00e1s, en este D\u00eda Internacional de la Mujer, quer\u00edamos acompa\u00f1ar a las docentes que, d\u00eda tras d\u00eda, trabajan para educar a nuestros ni\u00f1os, en consonancia con las campa\u00f1as de educaci\u00f3n vial que venimos realizando en los jardines de infantes municipales\u00bb, agreg\u00f3 la intendente.<br>Finalmente, la Ing. Fuentes remarc\u00f3 la importancia de trabajar para alcanzar una sociedad m\u00e1s justa e igualitaria para las mujeres y para todos, \u00abformando alianzas que nos permitan crecer, visibilizando y superando las problem\u00e1ticas que puedan presentarse y defendiendo nuestros derechos y obligaciones\u00bb.<\/p>\n","protected":false},"excerpt":{"rendered":"<p>La intendente de la Capital, Ing. Norma Fuentes, habilit\u00f3 nuevos sem\u00e1foros en las cuatro esquinas de la intersecci\u00f3n de las calles Rivadavia y Milburg, lo que permitir\u00e1 ordenar el tr\u00e1nsito y brindar mayor seguridad a los peatones y conductores.<\/p>\n","protected":false},"author":2,"featured_media":36430,"comment_status":"open","ping_status":"open","sticky":false,"template":"","format":"standard","meta":{"om_disable_all_campaigns":false,"_monsterinsights_skip_tracking":false,"_monsterinsights_sitenote_active":false,"_monsterinsights_sitenote_note":"","_monsterinsights_sitenote_category":0,"_uf_show_specific_survey":0,"_uf_disable_surveys":false,"jetpack_post_was_ever_published":false,"_jetpack_newsletter_access":"","_jetpack_dont_email_post_to_subs":false,"_jetpack_newsletter_tier_id":0,"_jetpack_memberships_contains_paywalled_content":false,"_jetpack_memberships_contains_paid_content":false,"footnotes":"","jetpack_publicize_message":"","jetpack_publicize_feature_enabled":true,"jetpack_social_post_already_shared":false,"jetpack_social_options":{"image_generator_settings":{"template":"highway","default_image_id":0,"font":"","enabled":false},"version":2}},"categories":[21],"tags":[],"class_list":["post-36429","post","type-post","status-publish","format-standard","has-post-thumbnail","hentry","category-locales"],"aioseo_notices":[],"views":9,"jetpack_publicize_connections":[],"jetpack_featured_media_url":"https:\/\/i0.wp.com\/elterritorialweb.com.ar\/web\/wp-content\/uploads\/2022\/03\/semaforo.jpg?fit=1600%2C1100&ssl=1","jetpack_sharing_enabled":true,"_links":{"self":[{"href":"https:\/\/elterritorialweb.com.ar\/web\/wp-json\/wp\/v2\/posts\/36429","targetHints":{"allow":["GET"]}}],"collection":[{"href":"https:\/\/elterritorialweb.com.ar\/web\/wp-json\/wp\/v2\/posts"}],"about":[{"href":"https:\/\/elterritorialweb.com.ar\/web\/wp-json\/wp\/v2\/types\/post"}],"author":[{"embeddable":true,"href":"https:\/\/elterritorialweb.com.ar\/web\/wp-json\/wp\/v2\/users\/2"}],"replies":[{"embeddable":true,"href":"https:\/\/elterritorialweb.com.ar\/web\/wp-json\/wp\/v2\/comments?post=36429"}],"version-history":[{"count":1,"href":"https:\/\/elterritorialweb.com.ar\/web\/wp-json\/wp\/v2\/posts\/36429\/revisions"}],"predecessor-version":[{"id":36431,"href":"https:\/\/elterritorialweb.com.ar\/web\/wp-json\/wp\/v2\/posts\/36429\/revisions\/36431"}],"wp:featuredmedia":[{"embeddable":true,"href":"https:\/\/elterritorialweb.com.ar\/web\/wp-json\/wp\/v2\/media\/36430"}],"wp:attachment":[{"href":"https:\/\/elterritorialweb.com.ar\/web\/wp-json\/wp\/v2\/media?parent=36429"}],"wp:term":[{"taxonomy":"category","embeddable":true,"href":"https:\/\/elterritorialweb.com.ar\/web\/wp-json\/wp\/v2\/categories?post=36429"},{"taxonomy":"post_tag","embeddable":true,"href":"https:\/\/elterritorialweb.com.ar\/web\/wp-json\/wp\/v2\/tags?post=36429"}],"curies":[{"name":"wp","href":"https:\/\/api.w.org\/{rel}","templated":true}]}}